{"id":1337,"date":"2018-05-07T12:09:25","date_gmt":"2018-05-07T10:09:25","guid":{"rendered":"https:\/\/frdelpino.es\/try\/actualidad\/?p=1337"},"modified":"2023-12-29T12:15:58","modified_gmt":"2023-12-29T10:15:58","slug":"democracia-frente-amenaza-populista","status":"publish","type":"post","link":"https:\/\/frdelpino.es\/actualidad\/democracia-frente-amenaza-populista\/","title":{"rendered":"La democracia frente a la amenaza populista"},"content":{"rendered":"<p style=\"text-align: justify;\">Cuando el 9 de noviembre de 1989 cay\u00f3 el muro de Berl\u00edn, nadie pod\u00eda imaginar que la combinaci\u00f3n de econom\u00eda de mercado y democracia liberal que hab\u00eda derrotado al comunismo pudiera llegar a verse seriamente amenazada pocos a\u00f1os despu\u00e9s. El orden internacional que se fue construyendo de forma progresiva tras la Segunda Guerra Mundial, basado en la libertad de circulaci\u00f3n de bienes, servicios y capitales, y acompa\u00f1ado por el avance de la democracia como forma de gobierno en la mayor parte de los pa\u00edses, hoy se ve amenazado por <a href=\"https:\/\/frdelpino.es\/actualidad\/2018\/05\/24\/radiografia-populismo\/\">el avance del populismo en los pa\u00edses occidentales<\/a>. La victoria de Donald Trump en Estados Unidos, el pa\u00eds que ocupa el centro de ese sistema, el triunfo del Br\u00e9xit o la posibilidad de que el Frente Nacional pudiera llegar a obtener la victoria en las elecciones francesas, constituyen ejemplos muy claros del alcance que tiene la ola populista que, con mayor o menor intensidad, afecta a Occidente y de las consecuencias que puede traer consigo, en forma de debilitamiento de la democracia y de fractura del orden internacional, seg\u00fan explica <span style=\"color: #008080;\"><strong>Ngaire Woods<\/strong><\/span>, decana de la Escuela de Gobierno de la Universidad de Oxford.<\/p>\n<figure id=\"attachment_1340\" aria-describedby=\"caption-attachment-1340\" style=\"width: 300px\" class=\"wp-caption alignleft\"><img loading=\"lazy\" decoding=\"async\" class=\"wp-image-1340 size-medium\" src=\"https:\/\/frdelpino.es\/actualidad\/wp-content\/uploads\/2018\/05\/Ngaire-Wood-W23-300x200.jpg\" alt=\"\" width=\"300\" height=\"200\" \/><figcaption id=\"caption-attachment-1340\" class=\"wp-caption-text\">Ngaire Wood en el di\u00e1logo \u201cEl debilitamiento de la democracia y la fractura del orden global\u201d en la Fundaci\u00f3n Rafael del Pino, el 19 de febrero de 2018.<\/figcaption><\/figure>\n<p style=\"text-align: justify;\">Si nos preguntamos c\u00f3mo se ha podido llegar a esta situaci\u00f3n, Woods responde sencillamente que la ra\u00edz del problema se encuentra en la complacencia tremenda en la que se instal\u00f3 la clase pol\u00edtica tras la ca\u00edda de la Uni\u00f3n Sovi\u00e9tica. Dicho de otra forma, la clase pol\u00edtica se durmi\u00f3 en los laureles, crey\u00f3 que, con la ca\u00edda del comunismo, la democracia ya no ten\u00eda enemigos y, entonces, los pol\u00edticos dejaron de escuchar a los ciudadanos y se olvidaron de que la democracia es un proyecto que debe implicar a todos.<\/p>\n<p style=\"text-align: justify;\">Mientras esto suced\u00eda, la globalizaci\u00f3n segu\u00eda avanzando, a trav\u00e9s del desarrollo de las tecnolog\u00edas de la informaci\u00f3n y las comunicaciones y de la liberalizaci\u00f3n de los movimientos internacionales de capitales. Al mismo tiempo, surg\u00edan las econom\u00edas emergentes de Asia, en especial China, como nuevos focos de atracci\u00f3n de inversiones y como nuevos competidores de Occidente. Y, en paralelo, se produc\u00eda un cambio tecnol\u00f3gico de car\u00e1cter exponencial. Todo ello, en conjunto, empez\u00f3 a afectar a los ciudadanos occidentales porque, indica Woods, para muchas personas se tradujo en el estancamiento de su poder adquisitivo o, incluso peor, en una p\u00e9rdida del mismo, con lo que su nivel de vida empeor\u00f3. Esa tendencia ven\u00eda produci\u00e9ndose desde la d\u00e9cada de los 80 y se agudiz\u00f3 con el cambio de siglo. El malestar en las sociedades occidentales, por tanto, ya se estaba gestando.<\/p>\n<blockquote class=\"td_quote_box td_box_right\"><p>La ra\u00edz del problema se encuentra en la complacencia tremenda en la que se instal\u00f3 la clase pol\u00edtica.<\/p><\/blockquote>\n<p style=\"text-align: justify;\">El acontecimiento que viene a cambiarlo todo es la crisis financiera internacional. Que un problema con el sistema bancario estadounidense se transformase en una crisis econ\u00f3mica global, que destruy\u00f3 decenas de millones de empleo en Occidente, fue la gota que colm\u00f3 el vaso, comenta Woods. El modelo global, que ya ven\u00eda cuestion\u00e1ndose desde finales de la d\u00e9cada de los 90, entonces se ve seriamente en entredicho a causa de la ausencia de una regulaci\u00f3n financiera mundial que evite estos problemas internacionales, que antes de la globalizaci\u00f3n no se produc\u00edan porque la escala de la crisis era local. Y eso es la gran preocupaci\u00f3n porque, como indica Woods, la historia de los \u00faltimos cien a\u00f1os nos ha ense\u00f1ado que el apoyo a los partidos de corte populista aumenta sistem\u00e1ticamente despu\u00e9s de una crisis global, que es lo que sucede ahora en Occidente.<\/p>\n<p style=\"text-align: justify;\">As\u00ed es que al deterioro de las expectativas de los ciudadanos y a la p\u00e9rdida de nivel de vida que vienen experimentando desde hace tiempo, ahora hay que sumar el descontento por una crisis que, ante sus ojos, solo implica que nadie gobierna la globalizaci\u00f3n, que nadie tiene el control sobre la misma, que eso les hace da\u00f1o y que quieren volver a recuperar el poder sobre lo que afecta a sus vidas, en especial una clase media que sufre con especial intensidad las consecuencias que acarrea la conjunci\u00f3n de todas las tendencias anteriores.<\/p>\n<blockquote class=\"td_quote_box td_box_center\"><p>Al deterioro de las expectativas de los ciudadanos y a la p\u00e9rdida de nivel de vida&#8230;ahora hay que sumar el descontento por una crisis que, ante sus ojos, solo implica que nadie gobierna la globalizaci\u00f3n.<\/p><\/blockquote>\n<p style=\"text-align: justify;\">De hecho, recuerda Woods, quienes apoyan a los populistas, quienes les otorgan su voto, no son precisamente los m\u00e1s pobres y desfavorecidos. Por el contrario, el populismo encuentra su principal granero de votos en unas clases medias a las que se les ha arrebatado el sue\u00f1o americano de prosperidad si uno trabaja y se esfuerza. Esas clases medias, adem\u00e1s, ven que el poder pol\u00edtico solo se preocupa de las minor\u00edas, no de sus problemas. En este contexto, el ambiente pol\u00edtico y social se enrarece, se revoluciona. La cuesti\u00f3n es si ese movimiento traer\u00e1 consigo un fortalecimiento de la democracia o si, por el contrario, la debilitar\u00e1, puesto que en ese r\u00edo revuelto es donde pescan los partidos populistas.<\/p>\n<p style=\"text-align: justify;\">Para conjurar este peligro, Woods aconseja a los dirigentes pol\u00edticos que aprendan <strong>tres lecciones de los populistas<\/strong>. En primer lugar, los populistas <strong>hablan el lenguaje de la gente<\/strong>, sus intervenciones se refieren a los problemas de las personas y en ellas apelan a sus sentimientos. Los l\u00edderes pol\u00edticos, en cambio, no act\u00faan as\u00ed y con ello demuestran lo lejos que se encuentran de la sociedad y transmiten la sensaci\u00f3n de que se preocupan poco por la gente.\u00a0En segundo t\u00e9rmino, los populistas emplean <strong>mensajes simples y directos<\/strong>, aunque a menudo sean simplistas y falsos. Pero tienen la virtud de que, con ellos, se dirigen directamente a la gente y la gente los entiende, lo que lleva a la tercera lecci\u00f3n. A trav\u00e9s de ese lenguaje, los populistas env\u00edan un <strong>mensaje de transformaci\u00f3n, de salvaci\u00f3n<\/strong>, para movilizar una energ\u00eda poderosa. Los dirigentes pol\u00edticos, por tanto, deben aprender r\u00e1pidamente de los populistas acerca de c\u00f3mo comunicar con la gente, deben reconstruir la relaci\u00f3n entre gobernantes y gobernados.<\/p>\n<p style=\"text-align: justify;\">El desaf\u00edo populista, advierte la profesora Woods, es un desaf\u00edo al imperio de la ley, a ese imperio de la ley que cost\u00f3 cientos de a\u00f1os desarrollar. Pero, si se hacen las cosas bien, tambi\u00e9n es una oportunidad para renovar las democracias. La oportunidad de renovaci\u00f3n est\u00e1 ah\u00ed porque los partidos pol\u00edticos tradicionales est\u00e1n colapsando. Esto abre espacio para que surja una nueva clase de pol\u00edticos que sepa escuchar a la gente.<\/p>\n<p style=\"text-align: right;\"><a href=\"https:\/\/www.frdelpino.es\/en\/video\/debilitamiento-la-democracia-la-fractura-del-orden-global\/\"><strong>Acceda a la conferencia completa<\/strong><\/a><\/p>\n<h6 style=\"text-align: justify;\">\u201cLa Fundaci\u00f3n Rafael del Pino no se hace responsable de los comentarios, opiniones o manifestaciones realizados por las personas que participan en sus actividades y que son expresadas como resultado de su derecho inalienable a la libertad de expresi\u00f3n y bajo su entera responsabilidad. Los contenidos incluidos en el presente resumen, realizado para la Fundaci\u00f3n Rafael del Pino por Emilio J. Gonz\u00e1lez, son resultado de los debates mantenidos en el encuentro realizado al efecto en la Fundaci\u00f3n y son responsabilidad de sus autores.\u201d<\/h6>\n","protected":false},"excerpt":{"rendered":"<p>Cuando el 9 de noviembre de 1989 cay\u00f3 el muro de Berl\u00edn, nadie pod\u00eda imaginar que la combinaci\u00f3n de econom\u00eda de mercado y democracia liberal que hab\u00eda derrotado al comunismo pudiera llegar a verse seriamente amenazada pocos a\u00f1os despu\u00e9s. El orden internacional que se fue construyendo de forma progresiva tras la Segunda Guerra Mundial, basado [&hellip;]<\/p>\n","protected":false},"author":5,"featured_media":4383,"comment_status":"closed","ping_status":"closed","sticky":false,"template":"","format":"standard","meta":{"_acf_changed":false,"footnotes":""},"categories":[8],"tags":[14,78,17,20,36,59,77],"class_list":{"0":"post-1337","1":"post","2":"type-post","3":"status-publish","4":"format-standard","5":"has-post-thumbnail","7":"category-sociopolitica","8":"tag-ciudadania","9":"tag-crisis","10":"tag-democracia","11":"tag-desafeccion","12":"tag-gobernanza","13":"tag-politica","14":"tag-populismo"},"acf":[],"yoast_head":"<!-- This site is optimized with the Yoast SEO plugin v27.4 - https:\/\/yoast.com\/product\/yoast-seo-wordpress\/ -->\n<title>La democracia frente a la amenaza populista - FRP Gaceta<\/title>\n<meta name=\"robots\" content=\"index, follow, max-snippet:-1, max-image-preview:large, max-video-preview:-1\" \/>\n<link rel=\"canonical\" href=\"https:\/\/frdelpino.es\/actualidad\/democracia-frente-amenaza-populista\/\" \/>\n<meta property=\"og:locale\" content=\"es_ES\" \/>\n<meta property=\"og:type\" content=\"article\" \/>\n<meta property=\"og:title\" content=\"La democracia frente a la amenaza populista - FRP Gaceta\" \/>\n<meta property=\"og:description\" content=\"Cuando el 9 de noviembre de 1989 cay\u00f3 el muro de Berl\u00edn, nadie pod\u00eda imaginar que la combinaci\u00f3n de econom\u00eda de mercado y democracia liberal que hab\u00eda derrotado al comunismo pudiera llegar a verse seriamente amenazada pocos a\u00f1os despu\u00e9s. El orden internacional que se fue construyendo de forma progresiva tras la Segunda Guerra Mundial, basado [&hellip;]\" \/>\n<meta property=\"og:url\" content=\"https:\/\/frdelpino.es\/actualidad\/democracia-frente-amenaza-populista\/\" \/>\n<meta property=\"og:site_name\" content=\"FRP Gaceta\" \/>\n<meta property=\"article:publisher\" content=\"https:\/\/www.facebook.com\/frdelpino\" \/>\n<meta property=\"article:published_time\" content=\"2018-05-07T10:09:25+00:00\" \/>\n<meta property=\"article:modified_time\" content=\"2023-12-29T10:15:58+00:00\" \/>\n<meta property=\"og:image\" content=\"https:\/\/frdelpino.es\/actualidad\/wp-content\/uploads\/2018\/05\/AdobeStock_90491131bj.jpg\" \/>\n\t<meta property=\"og:image:width\" content=\"1200\" \/>\n\t<meta property=\"og:image:height\" content=\"800\" \/>\n\t<meta property=\"og:image:type\" content=\"image\/jpeg\" \/>\n<meta name=\"author\" content=\"Carlota Taboada\" \/>\n<meta name=\"twitter:card\" content=\"summary_large_image\" \/>\n<meta name=\"twitter:creator\" content=\"@frdelpino\" \/>\n<meta name=\"twitter:site\" content=\"@frdelpino\" \/>\n<meta name=\"twitter:label1\" content=\"Escrito por\" \/>\n\t<meta name=\"twitter:data1\" content=\"Carlota Taboada\" \/>\n\t<meta name=\"twitter:label2\" content=\"Tiempo de lectura\" \/>\n\t<meta name=\"twitter:data2\" content=\"6 minutos\" \/>\n<script type=\"application\/ld+json\" class=\"yoast-schema-graph\">{\"@context\":\"https:\\\/\\\/schema.org\",\"@graph\":[{\"@type\":\"Article\",\"@id\":\"https:\\\/\\\/frdelpino.es\\\/actualidad\\\/democracia-frente-amenaza-populista\\\/#article\",\"isPartOf\":{\"@id\":\"https:\\\/\\\/frdelpino.es\\\/actualidad\\\/democracia-frente-amenaza-populista\\\/\"},\"author\":{\"name\":\"Carlota Taboada\",\"@id\":\"https:\\\/\\\/frdelpino.es\\\/actualidad\\\/#\\\/schema\\\/person\\\/5b3e77df61158f3160fedebdf5407d86\"},\"headline\":\"La democracia frente a la amenaza populista\",\"datePublished\":\"2018-05-07T10:09:25+00:00\",\"dateModified\":\"2023-12-29T10:15:58+00:00\",\"mainEntityOfPage\":{\"@id\":\"https:\\\/\\\/frdelpino.es\\\/actualidad\\\/democracia-frente-amenaza-populista\\\/\"},\"wordCount\":1289,\"image\":{\"@id\":\"https:\\\/\\\/frdelpino.es\\\/actualidad\\\/democracia-frente-amenaza-populista\\\/#primaryimage\"},\"thumbnailUrl\":\"https:\\\/\\\/frdelpino.es\\\/actualidad\\\/wp-content\\\/uploads\\\/2018\\\/05\\\/AdobeStock_90491131bj.jpg\",\"keywords\":[\"ciudadan\u00eda\",\"crisis\",\"democracia\",\"desafecci\u00f3n\",\"gobernanza\",\"pol\u00edtica\",\"populismo\"],\"articleSection\":[\"Sociopol\u00edtica\"],\"inLanguage\":\"es\"},{\"@type\":\"WebPage\",\"@id\":\"https:\\\/\\\/frdelpino.es\\\/actualidad\\\/democracia-frente-amenaza-populista\\\/\",\"url\":\"https:\\\/\\\/frdelpino.es\\\/actualidad\\\/democracia-frente-amenaza-populista\\\/\",\"name\":\"La democracia frente a la amenaza populista - FRP Gaceta\",\"isPartOf\":{\"@id\":\"https:\\\/\\\/frdelpino.es\\\/actualidad\\\/#website\"},\"primaryImageOfPage\":{\"@id\":\"https:\\\/\\\/frdelpino.es\\\/actualidad\\\/democracia-frente-amenaza-populista\\\/#primaryimage\"},\"image\":{\"@id\":\"https:\\\/\\\/frdelpino.es\\\/actualidad\\\/democracia-frente-amenaza-populista\\\/#primaryimage\"},\"thumbnailUrl\":\"https:\\\/\\\/frdelpino.es\\\/actualidad\\\/wp-content\\\/uploads\\\/2018\\\/05\\\/AdobeStock_90491131bj.jpg\",\"datePublished\":\"2018-05-07T10:09:25+00:00\",\"dateModified\":\"2023-12-29T10:15:58+00:00\",\"author\":{\"@id\":\"https:\\\/\\\/frdelpino.es\\\/actualidad\\\/#\\\/schema\\\/person\\\/5b3e77df61158f3160fedebdf5407d86\"},\"breadcrumb\":{\"@id\":\"https:\\\/\\\/frdelpino.es\\\/actualidad\\\/democracia-frente-amenaza-populista\\\/#breadcrumb\"},\"inLanguage\":\"es\",\"potentialAction\":[{\"@type\":\"ReadAction\",\"target\":[\"https:\\\/\\\/frdelpino.es\\\/actualidad\\\/democracia-frente-amenaza-populista\\\/\"]}]},{\"@type\":\"ImageObject\",\"inLanguage\":\"es\",\"@id\":\"https:\\\/\\\/frdelpino.es\\\/actualidad\\\/democracia-frente-amenaza-populista\\\/#primaryimage\",\"url\":\"https:\\\/\\\/frdelpino.es\\\/actualidad\\\/wp-content\\\/uploads\\\/2018\\\/05\\\/AdobeStock_90491131bj.jpg\",\"contentUrl\":\"https:\\\/\\\/frdelpino.es\\\/actualidad\\\/wp-content\\\/uploads\\\/2018\\\/05\\\/AdobeStock_90491131bj.jpg\",\"width\":1200,\"height\":800,\"caption\":\"Fake Dictionary, definition of the word Democracy.\"},{\"@type\":\"BreadcrumbList\",\"@id\":\"https:\\\/\\\/frdelpino.es\\\/actualidad\\\/democracia-frente-amenaza-populista\\\/#breadcrumb\",\"itemListElement\":[{\"@type\":\"ListItem\",\"position\":1,\"name\":\"Portada\",\"item\":\"https:\\\/\\\/frdelpino.es\\\/actualidad\\\/\"},{\"@type\":\"ListItem\",\"position\":2,\"name\":\"La democracia frente a la amenaza populista\"}]},{\"@type\":\"WebSite\",\"@id\":\"https:\\\/\\\/frdelpino.es\\\/actualidad\\\/#website\",\"url\":\"https:\\\/\\\/frdelpino.es\\\/actualidad\\\/\",\"name\":\"FRP Gaceta\",\"description\":\"Una iniciativa de la Fundaci\u00f3n Rafael del Pino\",\"potentialAction\":[{\"@type\":\"SearchAction\",\"target\":{\"@type\":\"EntryPoint\",\"urlTemplate\":\"https:\\\/\\\/frdelpino.es\\\/actualidad\\\/?s={search_term_string}\"},\"query-input\":{\"@type\":\"PropertyValueSpecification\",\"valueRequired\":true,\"valueName\":\"search_term_string\"}}],\"inLanguage\":\"es\"},{\"@type\":\"Person\",\"@id\":\"https:\\\/\\\/frdelpino.es\\\/actualidad\\\/#\\\/schema\\\/person\\\/5b3e77df61158f3160fedebdf5407d86\",\"name\":\"Carlota Taboada\",\"url\":\"https:\\\/\\\/frdelpino.es\\\/actualidad\\\/author\\\/ctaboada\\\/\"}]}<\/script>\n<!-- \/ Yoast SEO plugin. -->","yoast_head_json":{"title":"La democracia frente a la amenaza populista - FRP Gaceta","robots":{"index":"index","follow":"follow","max-snippet":"max-snippet:-1","max-image-preview":"max-image-preview:large","max-video-preview":"max-video-preview:-1"},"canonical":"https:\/\/frdelpino.es\/actualidad\/democracia-frente-amenaza-populista\/","og_locale":"es_ES","og_type":"article","og_title":"La democracia frente a la amenaza populista - FRP Gaceta","og_description":"Cuando el 9 de noviembre de 1989 cay\u00f3 el muro de Berl\u00edn, nadie pod\u00eda imaginar que la combinaci\u00f3n de econom\u00eda de mercado y democracia liberal que hab\u00eda derrotado al comunismo pudiera llegar a verse seriamente amenazada pocos a\u00f1os despu\u00e9s. El orden internacional que se fue construyendo de forma progresiva tras la Segunda Guerra Mundial, basado [&hellip;]","og_url":"https:\/\/frdelpino.es\/actualidad\/democracia-frente-amenaza-populista\/","og_site_name":"FRP Gaceta","article_publisher":"https:\/\/www.facebook.com\/frdelpino","article_published_time":"2018-05-07T10:09:25+00:00","article_modified_time":"2023-12-29T10:15:58+00:00","og_image":[{"width":1200,"height":800,"url":"https:\/\/frdelpino.es\/actualidad\/wp-content\/uploads\/2018\/05\/AdobeStock_90491131bj.jpg","type":"image\/jpeg"}],"author":"Carlota Taboada","twitter_card":"summary_large_image","twitter_creator":"@frdelpino","twitter_site":"@frdelpino","twitter_misc":{"Escrito por":"Carlota Taboada","Tiempo de lectura":"6 minutos"},"schema":{"@context":"https:\/\/schema.org","@graph":[{"@type":"Article","@id":"https:\/\/frdelpino.es\/actualidad\/democracia-frente-amenaza-populista\/#article","isPartOf":{"@id":"https:\/\/frdelpino.es\/actualidad\/democracia-frente-amenaza-populista\/"},"author":{"name":"Carlota Taboada","@id":"https:\/\/frdelpino.es\/actualidad\/#\/schema\/person\/5b3e77df61158f3160fedebdf5407d86"},"headline":"La democracia frente a la amenaza populista","datePublished":"2018-05-07T10:09:25+00:00","dateModified":"2023-12-29T10:15:58+00:00","mainEntityOfPage":{"@id":"https:\/\/frdelpino.es\/actualidad\/democracia-frente-amenaza-populista\/"},"wordCount":1289,"image":{"@id":"https:\/\/frdelpino.es\/actualidad\/democracia-frente-amenaza-populista\/#primaryimage"},"thumbnailUrl":"https:\/\/frdelpino.es\/actualidad\/wp-content\/uploads\/2018\/05\/AdobeStock_90491131bj.jpg","keywords":["ciudadan\u00eda","crisis","democracia","desafecci\u00f3n","gobernanza","pol\u00edtica","populismo"],"articleSection":["Sociopol\u00edtica"],"inLanguage":"es"},{"@type":"WebPage","@id":"https:\/\/frdelpino.es\/actualidad\/democracia-frente-amenaza-populista\/","url":"https:\/\/frdelpino.es\/actualidad\/democracia-frente-amenaza-populista\/","name":"La democracia frente a la amenaza populista - FRP Gaceta","isPartOf":{"@id":"https:\/\/frdelpino.es\/actualidad\/#website"},"primaryImageOfPage":{"@id":"https:\/\/frdelpino.es\/actualidad\/democracia-frente-amenaza-populista\/#primaryimage"},"image":{"@id":"https:\/\/frdelpino.es\/actualidad\/democracia-frente-amenaza-populista\/#primaryimage"},"thumbnailUrl":"https:\/\/frdelpino.es\/actualidad\/wp-content\/uploads\/2018\/05\/AdobeStock_90491131bj.jpg","datePublished":"2018-05-07T10:09:25+00:00","dateModified":"2023-12-29T10:15:58+00:00","author":{"@id":"https:\/\/frdelpino.es\/actualidad\/#\/schema\/person\/5b3e77df61158f3160fedebdf5407d86"},"breadcrumb":{"@id":"https:\/\/frdelpino.es\/actualidad\/democracia-frente-amenaza-populista\/#breadcrumb"},"inLanguage":"es","potentialAction":[{"@type":"ReadAction","target":["https:\/\/frdelpino.es\/actualidad\/democracia-frente-amenaza-populista\/"]}]},{"@type":"ImageObject","inLanguage":"es","@id":"https:\/\/frdelpino.es\/actualidad\/democracia-frente-amenaza-populista\/#primaryimage","url":"https:\/\/frdelpino.es\/actualidad\/wp-content\/uploads\/2018\/05\/AdobeStock_90491131bj.jpg","contentUrl":"https:\/\/frdelpino.es\/actualidad\/wp-content\/uploads\/2018\/05\/AdobeStock_90491131bj.jpg","width":1200,"height":800,"caption":"Fake Dictionary, definition of the word Democracy."},{"@type":"BreadcrumbList","@id":"https:\/\/frdelpino.es\/actualidad\/democracia-frente-amenaza-populista\/#breadcrumb","itemListElement":[{"@type":"ListItem","position":1,"name":"Portada","item":"https:\/\/frdelpino.es\/actualidad\/"},{"@type":"ListItem","position":2,"name":"La democracia frente a la amenaza populista"}]},{"@type":"WebSite","@id":"https:\/\/frdelpino.es\/actualidad\/#website","url":"https:\/\/frdelpino.es\/actualidad\/","name":"FRP Gaceta","description":"Una iniciativa de la Fundaci\u00f3n Rafael del Pino","potentialAction":[{"@type":"SearchAction","target":{"@type":"EntryPoint","urlTemplate":"https:\/\/frdelpino.es\/actualidad\/?s={search_term_string}"},"query-input":{"@type":"PropertyValueSpecification","valueRequired":true,"valueName":"search_term_string"}}],"inLanguage":"es"},{"@type":"Person","@id":"https:\/\/frdelpino.es\/actualidad\/#\/schema\/person\/5b3e77df61158f3160fedebdf5407d86","name":"Carlota Taboada","url":"https:\/\/frdelpino.es\/actualidad\/author\/ctaboada\/"}]}},"_links":{"self":[{"href":"https:\/\/frdelpino.es\/actualidad\/wp-json\/wp\/v2\/posts\/1337","targetHints":{"allow":["GET"]}}],"collection":[{"href":"https:\/\/frdelpino.es\/actualidad\/wp-json\/wp\/v2\/posts"}],"about":[{"href":"https:\/\/frdelpino.es\/actualidad\/wp-json\/wp\/v2\/types\/post"}],"author":[{"embeddable":true,"href":"https:\/\/frdelpino.es\/actualidad\/wp-json\/wp\/v2\/users\/5"}],"replies":[{"embeddable":true,"href":"https:\/\/frdelpino.es\/actualidad\/wp-json\/wp\/v2\/comments?post=1337"}],"version-history":[{"count":9,"href":"https:\/\/frdelpino.es\/actualidad\/wp-json\/wp\/v2\/posts\/1337\/revisions"}],"predecessor-version":[{"id":1986,"href":"https:\/\/frdelpino.es\/actualidad\/wp-json\/wp\/v2\/posts\/1337\/revisions\/1986"}],"wp:featuredmedia":[{"embeddable":true,"href":"https:\/\/frdelpino.es\/actualidad\/wp-json\/wp\/v2\/media\/4383"}],"wp:attachment":[{"href":"https:\/\/frdelpino.es\/actualidad\/wp-json\/wp\/v2\/media?parent=1337"}],"wp:term":[{"taxonomy":"category","embeddable":true,"href":"https:\/\/frdelpino.es\/actualidad\/wp-json\/wp\/v2\/categories?post=1337"},{"taxonomy":"post_tag","embeddable":true,"href":"https:\/\/frdelpino.es\/actualidad\/wp-json\/wp\/v2\/tags?post=1337"}],"curies":[{"name":"wp","href":"https:\/\/api.w.org\/{rel}","templated":true}]}}