{"id":1348,"date":"2018-05-07T12:37:09","date_gmt":"2018-05-07T10:37:09","guid":{"rendered":"https:\/\/frdelpino.es\/try\/actualidad\/?p=1348"},"modified":"2023-12-29T12:15:58","modified_gmt":"2023-12-29T10:15:58","slug":"tiene-limites-la-libertad-de-informacion","status":"publish","type":"post","link":"https:\/\/frdelpino.es\/actualidad\/tiene-limites-la-libertad-de-informacion\/","title":{"rendered":"\u00bfTiene l\u00edmites la libertad de informaci\u00f3n?"},"content":{"rendered":"<p style=\"text-align: justify;\">Uno de los pilares b\u00e1sicos de cualquier democracia es la libertad de informaci\u00f3n, porque es una extensi\u00f3n de la libertad de expresi\u00f3n. A trav\u00e9s de su ejercicio se forma una opini\u00f3n p\u00fablica libre. Por este motivo, Naciones Unidas considera que la libertad de informaci\u00f3n es un derecho humano que, como tal, est\u00e1 protegido por la legislaci\u00f3n internacional. Ahora bien, la libertad de informar no es absoluta, sino que tiene l\u00edmites, entre ellos la veracidad de lo que se comunica.<\/p>\n<p style=\"text-align: justify;\">Esta matizaci\u00f3n resulta de suma importancia en un mundo como el actual, en el que internet representa poco menos que la libertad absoluta, incluso hasta la anarqu\u00eda, pero en el que todo lo digital puede emplearse tambi\u00e9n con fines contrarios a la libertad y a la democracia. Por ello, hay quienes, como <span style=\"color: #008080;\"><strong>James Harding<\/strong><\/span>, ex director de <em>The Times<\/em> y de <em>BBC News,<\/em> consideran que los gobiernos deben entrar a regular ese territorio sin ley que es internet. Y eso lo dice ni m\u00e1s ni menos que quien tanto ha luchado en el Reino Unido por mantener una separaci\u00f3n estricta entre el Parlamento y los medios de comunicaci\u00f3n.<\/p>\n<figure id=\"attachment_1349\" aria-describedby=\"caption-attachment-1349\" style=\"width: 300px\" class=\"wp-caption alignleft\"><img loading=\"lazy\" decoding=\"async\" class=\"size-medium wp-image-1349\" src=\"https:\/\/frdelpino.es\/actualidad\/wp-content\/uploads\/2018\/05\/James-Harding-W43-300x200.jpg\" alt=\"\" width=\"300\" height=\"200\" \/><figcaption id=\"caption-attachment-1349\" class=\"wp-caption-text\">James Harding en la Fundaci\u00f3n Rafael del Pino. Madrid el 1 de febrero de 2018.<\/figcaption><\/figure>\n<p style=\"text-align: justify;\">La l\u00f3gica que subyace en la posici\u00f3n de Harding es sencilla de explicar. Hoy, por desgracia, la democracia est\u00e1 retrocediendo en el mundo, y en ello tiene mucho que ver la guerra informativa que han abierto los pa\u00edses totalitarios, aprovechando esa actitud laxa de dejar hacer que ha venido manteniendo Occidente. El instrumento principal de esa guerra informativa no es otro que la desinformaci\u00f3n, bien a trav\u00e9s de la difusi\u00f3n de noticias falsas, o \u2018fake news\u2019, bien a trav\u00e9s de la difusi\u00f3n de noticias parcialmente verdaderas, lo cual es a\u00fan m\u00e1s peligroso.<\/p>\n<blockquote class=\"td_quote_box td_box_right\">\n<p style=\"text-align: justify;\">La difusi\u00f3n en el mundo digital tanto de noticias falsas como de noticias basura&#8230;est\u00e1 da\u00f1ando la confianza en la libertad de expresi\u00f3n en el seno de las sociedades abiertas.<\/p>\n<\/blockquote>\n<p style=\"text-align: justify;\">La desinformaci\u00f3n no es algo nuevo. Siempre se ha practicado, con m\u00e1s o menos acierto. El problema ahora estriba en que los medios digitales facilitan la extensi\u00f3n de la desinformaci\u00f3n con una velocidad y amplitud nunca antes conocida, y con el agravante de que quienes se informan a trav\u00e9s de las redes sociales suelen conformar grupos cerrados e impermeables a cualquier argumento que vaya en contra de sus ideas y valores o que, simplemente, no quieran escuchar. No hay m\u00e1s que ver el esc\u00e1ndalo en torno a Cambridge Analytica y su posible influencia en el refer\u00e9ndum sobre el Brexit, o en la elecci\u00f3n de Donald Trump como presidente de Estados Unidos, para comprender la posici\u00f3n de Harding.<\/p>\n<p style=\"text-align: justify;\">De hecho, la difusi\u00f3n en el mundo digital tanto de noticias falsas como de noticias basura, esto es aquellas que buscan la intoxicaci\u00f3n con piezas parcialmente verdaderas que se han ensamblado de forma muy ingeniosa para disfrazar la aut\u00e9ntica historia, est\u00e1 da\u00f1ando la confianza en la libertad de expresi\u00f3n en el seno de las sociedades abiertas. Y de eso es de lo que se valen los reg\u00edmenes autoritarios para perseguir sus fines, entre ellos la desestabilizaci\u00f3n de las democracias. Por ello, Harding considera que la soluci\u00f3n pasa necesariamente, y en primer lugar, por una medici\u00f3n objetiva de lo que circula por la red, con el fin de detectar qu\u00e9 es falso y qu\u00e9 es real.<\/p>\n<blockquote class=\"td_quote_box td_box_center\"><p>Internet ha concentrado el poder en muy pocas manos, en lugar de redistribuirlo.<\/p><\/blockquote>\n<p style=\"text-align: justify;\">El problema es que Occidente sigue sin poner orden en el funcionamiento de las grandes empresas tecnol\u00f3gicas que sirven de veh\u00edculo transmisor de esas informaciones, a pesar de la polvareda que ha levantado el descubrimiento de que Cambridge Analytica utiliz\u00f3 los datos de 87 millones de usuarios de Facebook obtenidos a trav\u00e9s de la red social. En realidad, las redes sociales se encuentran en el epicentro del problema. No cabe duda de que realizan aportaciones importantes e inimaginables hace tan solo unos pocos a\u00f1os. Pero tambi\u00e9n hay que tener en cuenta que causan estragos al facilitar la difusi\u00f3n del discurso del odio o la pornograf\u00eda infantil, estimular la adicci\u00f3n a la pantalla o el saqueo de la privacidad con el secuestro de los datos personales, favorecer el comunalismo y la polarizaci\u00f3n. No obstante, est\u00e1 situaci\u00f3n est\u00e1 a punto de cambiar ante la ola regulatoria que se avecina sobre las grandes empresas tecnol\u00f3gicas. Al menos, es lo que piensa Harding.<\/p>\n<p style=\"text-align: justify;\">El origen del problema es que, en contra de lo que parece, internet ha concentrado el poder en muy pocas manos, en lugar de redistribuirlo. S\u00ed, hay mucha gente que con sus \u2018likes\u2019 y sus opiniones pueden condicionar muchas peque\u00f1as cosas, pero lo cierto es que la aparente gratuidad de los buscadores o las redes sociales, por poner dos ejemplos, no es tal. Por el contrario, el usuario paga a las empresas con sus datos y \u00e9stas los utilizan como quieren en funci\u00f3n de sus intereses, incluida su venta. Y las empresas que controlan esa informaci\u00f3n son muy pocas, muy grandes y se puede decir que trabajan en r\u00e9gimen de monopolio, aunque no haya barreras de entrada para los posibles competidores que puedan surgirles. Como dice Harding, las firmas de Silicon Valley son demasiado ricas y poderosas como para que se las pueda domesticar f\u00e1cilmente.<\/p>\n<blockquote class=\"td_quote_box td_box_left\"><p>La soluci\u00f3n pasa por que los gobiernos intervengan para acabar con los monopolios de los gigantes tecnol\u00f3gicos, o para establecer unas reglas de juego muy claras.<\/p><\/blockquote>\n<p style=\"text-align: justify;\">Ah\u00ed es d\u00f3nde reside el problema. Estas empresas no controlan la informaci\u00f3n que contribuyen a difundir. No comprueban la veracidad de la misma, a diferencia de lo que han hecho toda la vida los medios de comunicaci\u00f3n tradicionales, porque lo que quieren es contar con m\u00e1s y m\u00e1s usuarios, que son, en \u00faltima instancia, la principal raz\u00f3n por la que generan ingresos. Aqu\u00ed es donde Harding advierte de la necesidad de reconducir la situaci\u00f3n, para lo cual considera necesario que se implante un sistema de incentivos y prohibiciones que establezca unas relaciones adecuadas entre gobiernos y tecnolog\u00eda para garantizar la libertad de expresi\u00f3n y afianzar la democracia. Y eso pasa porque los gobiernos intervengan para acabar con los monopolios de los gigantes tecnol\u00f3gicos, o para establecer unas reglas de juego muy claras.<\/p>\n<p style=\"text-align: justify;\">Desde esta \u00f3ptica, Harding considera que el Estado, si quiere, puede exigir a las empresas un comportamiento que est\u00e9 al servicio del inter\u00e9s p\u00fablico, que no es otro que la defensa de la verdadera libertad de expresi\u00f3n. Tambi\u00e9n puede intervenir como hizo el Gobierno brit\u00e1nico en 1922, cuando decidi\u00f3 crear la BBC por temor a los barones de los peri\u00f3dicos brit\u00e1nicos. Harding, de hecho, se felicita porque el Reino Unido cuenta con una BBC que crea un espacio p\u00fablico en el mundo digital, definido por unos fines concretos: un periodismo responsable, un entretenimiento distinguido, un aprendizaje permanente y una experiencia compartida de los grandes momentos de la vida nacional.<\/p>\n<p style=\"text-align: right;\"><a href=\"https:\/\/www.frdelpino.es\/en\/video\/la-libertad-expresion-la-internet\/\"><strong>Acceda a la conferencia completa<\/strong><\/a><\/p>\n","protected":false},"excerpt":{"rendered":"<p>Uno de los pilares b\u00e1sicos de cualquier democracia es la libertad de informaci\u00f3n, porque es una extensi\u00f3n de la libertad de expresi\u00f3n. A trav\u00e9s de su ejercicio se forma una opini\u00f3n p\u00fablica libre. Por este motivo, Naciones Unidas considera que la libertad de informaci\u00f3n es un derecho humano que, como tal, est\u00e1 protegido por la [&hellip;]<\/p>\n","protected":false},"author":5,"featured_media":1355,"comment_status":"closed","ping_status":"closed","sticky":false,"template":"","format":"standard","meta":{"_acf_changed":false,"footnotes":""},"categories":[5],"tags":[17,80,79,81],"class_list":{"0":"post-1348","1":"post","2":"type-post","3":"status-publish","4":"format-standard","5":"has-post-thumbnail","7":"category-educacion_y_cultura","8":"tag-democracia","9":"tag-desinformacion","10":"tag-informacion","11":"tag-redes-sociales"},"acf":[],"yoast_head":"<!-- This site is optimized with the Yoast SEO plugin v27.4 - https:\/\/yoast.com\/product\/yoast-seo-wordpress\/ -->\n<title>\u00bfTiene l\u00edmites la libertad de informaci\u00f3n? - FRP Gaceta<\/title>\n<meta name=\"robots\" content=\"index, follow, max-snippet:-1, max-image-preview:large, max-video-preview:-1\" \/>\n<link rel=\"canonical\" href=\"https:\/\/frdelpino.es\/actualidad\/tiene-limites-la-libertad-de-informacion\/\" \/>\n<meta property=\"og:locale\" content=\"es_ES\" \/>\n<meta property=\"og:type\" content=\"article\" \/>\n<meta property=\"og:title\" content=\"\u00bfTiene l\u00edmites la libertad de informaci\u00f3n? - FRP Gaceta\" \/>\n<meta property=\"og:description\" content=\"Uno de los pilares b\u00e1sicos de cualquier democracia es la libertad de informaci\u00f3n, porque es una extensi\u00f3n de la libertad de expresi\u00f3n. A trav\u00e9s de su ejercicio se forma una opini\u00f3n p\u00fablica libre. Por este motivo, Naciones Unidas considera que la libertad de informaci\u00f3n es un derecho humano que, como tal, est\u00e1 protegido por la [&hellip;]\" \/>\n<meta property=\"og:url\" content=\"https:\/\/frdelpino.es\/actualidad\/tiene-limites-la-libertad-de-informacion\/\" \/>\n<meta property=\"og:site_name\" content=\"FRP Gaceta\" \/>\n<meta property=\"article:publisher\" content=\"https:\/\/www.facebook.com\/frdelpino\" \/>\n<meta property=\"article:published_time\" content=\"2018-05-07T10:37:09+00:00\" \/>\n<meta property=\"article:modified_time\" content=\"2023-12-29T10:15:58+00:00\" \/>\n<meta property=\"og:image\" content=\"https:\/\/frdelpino.es\/actualidad\/wp-content\/uploads\/2018\/05\/alphabet-antique-black-and-white-573566-e1525689682163.jpg\" \/>\n\t<meta property=\"og:image:width\" content=\"1200\" \/>\n\t<meta property=\"og:image:height\" content=\"923\" \/>\n\t<meta property=\"og:image:type\" content=\"image\/jpeg\" \/>\n<meta name=\"author\" content=\"Carlota Taboada\" \/>\n<meta name=\"twitter:card\" content=\"summary_large_image\" \/>\n<meta name=\"twitter:creator\" content=\"@frdelpino\" \/>\n<meta name=\"twitter:site\" content=\"@frdelpino\" \/>\n<meta name=\"twitter:label1\" content=\"Escrito por\" \/>\n\t<meta name=\"twitter:data1\" content=\"Carlota Taboada\" \/>\n\t<meta name=\"twitter:label2\" content=\"Tiempo de lectura\" \/>\n\t<meta name=\"twitter:data2\" content=\"6 minutos\" \/>\n<script type=\"application\/ld+json\" class=\"yoast-schema-graph\">{\"@context\":\"https:\\\/\\\/schema.org\",\"@graph\":[{\"@type\":\"Article\",\"@id\":\"https:\\\/\\\/frdelpino.es\\\/actualidad\\\/tiene-limites-la-libertad-de-informacion\\\/#article\",\"isPartOf\":{\"@id\":\"https:\\\/\\\/frdelpino.es\\\/actualidad\\\/tiene-limites-la-libertad-de-informacion\\\/\"},\"author\":{\"name\":\"Carlota Taboada\",\"@id\":\"https:\\\/\\\/frdelpino.es\\\/actualidad\\\/#\\\/schema\\\/person\\\/5b3e77df61158f3160fedebdf5407d86\"},\"headline\":\"\u00bfTiene l\u00edmites la libertad de informaci\u00f3n?\",\"datePublished\":\"2018-05-07T10:37:09+00:00\",\"dateModified\":\"2023-12-29T10:15:58+00:00\",\"mainEntityOfPage\":{\"@id\":\"https:\\\/\\\/frdelpino.es\\\/actualidad\\\/tiene-limites-la-libertad-de-informacion\\\/\"},\"wordCount\":1241,\"image\":{\"@id\":\"https:\\\/\\\/frdelpino.es\\\/actualidad\\\/tiene-limites-la-libertad-de-informacion\\\/#primaryimage\"},\"thumbnailUrl\":\"https:\\\/\\\/frdelpino.es\\\/actualidad\\\/wp-content\\\/uploads\\\/2018\\\/05\\\/alphabet-antique-black-and-white-573566-e1525689682163.jpg\",\"keywords\":[\"democracia\",\"desinformaci\u00f3n\",\"informaci\u00f3n\",\"redes sociales\"],\"articleSection\":[\"Educaci\u00f3n y cultura\"],\"inLanguage\":\"es\"},{\"@type\":\"WebPage\",\"@id\":\"https:\\\/\\\/frdelpino.es\\\/actualidad\\\/tiene-limites-la-libertad-de-informacion\\\/\",\"url\":\"https:\\\/\\\/frdelpino.es\\\/actualidad\\\/tiene-limites-la-libertad-de-informacion\\\/\",\"name\":\"\u00bfTiene l\u00edmites la libertad de informaci\u00f3n? - FRP Gaceta\",\"isPartOf\":{\"@id\":\"https:\\\/\\\/frdelpino.es\\\/actualidad\\\/#website\"},\"primaryImageOfPage\":{\"@id\":\"https:\\\/\\\/frdelpino.es\\\/actualidad\\\/tiene-limites-la-libertad-de-informacion\\\/#primaryimage\"},\"image\":{\"@id\":\"https:\\\/\\\/frdelpino.es\\\/actualidad\\\/tiene-limites-la-libertad-de-informacion\\\/#primaryimage\"},\"thumbnailUrl\":\"https:\\\/\\\/frdelpino.es\\\/actualidad\\\/wp-content\\\/uploads\\\/2018\\\/05\\\/alphabet-antique-black-and-white-573566-e1525689682163.jpg\",\"datePublished\":\"2018-05-07T10:37:09+00:00\",\"dateModified\":\"2023-12-29T10:15:58+00:00\",\"author\":{\"@id\":\"https:\\\/\\\/frdelpino.es\\\/actualidad\\\/#\\\/schema\\\/person\\\/5b3e77df61158f3160fedebdf5407d86\"},\"breadcrumb\":{\"@id\":\"https:\\\/\\\/frdelpino.es\\\/actualidad\\\/tiene-limites-la-libertad-de-informacion\\\/#breadcrumb\"},\"inLanguage\":\"es\",\"potentialAction\":[{\"@type\":\"ReadAction\",\"target\":[\"https:\\\/\\\/frdelpino.es\\\/actualidad\\\/tiene-limites-la-libertad-de-informacion\\\/\"]}]},{\"@type\":\"ImageObject\",\"inLanguage\":\"es\",\"@id\":\"https:\\\/\\\/frdelpino.es\\\/actualidad\\\/tiene-limites-la-libertad-de-informacion\\\/#primaryimage\",\"url\":\"https:\\\/\\\/frdelpino.es\\\/actualidad\\\/wp-content\\\/uploads\\\/2018\\\/05\\\/alphabet-antique-black-and-white-573566-e1525689682163.jpg\",\"contentUrl\":\"https:\\\/\\\/frdelpino.es\\\/actualidad\\\/wp-content\\\/uploads\\\/2018\\\/05\\\/alphabet-antique-black-and-white-573566-e1525689682163.jpg\",\"width\":1200,\"height\":923},{\"@type\":\"BreadcrumbList\",\"@id\":\"https:\\\/\\\/frdelpino.es\\\/actualidad\\\/tiene-limites-la-libertad-de-informacion\\\/#breadcrumb\",\"itemListElement\":[{\"@type\":\"ListItem\",\"position\":1,\"name\":\"Portada\",\"item\":\"https:\\\/\\\/frdelpino.es\\\/actualidad\\\/\"},{\"@type\":\"ListItem\",\"position\":2,\"name\":\"\u00bfTiene l\u00edmites la libertad de informaci\u00f3n?\"}]},{\"@type\":\"WebSite\",\"@id\":\"https:\\\/\\\/frdelpino.es\\\/actualidad\\\/#website\",\"url\":\"https:\\\/\\\/frdelpino.es\\\/actualidad\\\/\",\"name\":\"FRP Gaceta\",\"description\":\"Una iniciativa de la Fundaci\u00f3n Rafael del Pino\",\"potentialAction\":[{\"@type\":\"SearchAction\",\"target\":{\"@type\":\"EntryPoint\",\"urlTemplate\":\"https:\\\/\\\/frdelpino.es\\\/actualidad\\\/?s={search_term_string}\"},\"query-input\":{\"@type\":\"PropertyValueSpecification\",\"valueRequired\":true,\"valueName\":\"search_term_string\"}}],\"inLanguage\":\"es\"},{\"@type\":\"Person\",\"@id\":\"https:\\\/\\\/frdelpino.es\\\/actualidad\\\/#\\\/schema\\\/person\\\/5b3e77df61158f3160fedebdf5407d86\",\"name\":\"Carlota Taboada\",\"url\":\"https:\\\/\\\/frdelpino.es\\\/actualidad\\\/author\\\/ctaboada\\\/\"}]}<\/script>\n<!-- \/ Yoast SEO plugin. -->","yoast_head_json":{"title":"\u00bfTiene l\u00edmites la libertad de informaci\u00f3n? - FRP Gaceta","robots":{"index":"index","follow":"follow","max-snippet":"max-snippet:-1","max-image-preview":"max-image-preview:large","max-video-preview":"max-video-preview:-1"},"canonical":"https:\/\/frdelpino.es\/actualidad\/tiene-limites-la-libertad-de-informacion\/","og_locale":"es_ES","og_type":"article","og_title":"\u00bfTiene l\u00edmites la libertad de informaci\u00f3n? - FRP Gaceta","og_description":"Uno de los pilares b\u00e1sicos de cualquier democracia es la libertad de informaci\u00f3n, porque es una extensi\u00f3n de la libertad de expresi\u00f3n. A trav\u00e9s de su ejercicio se forma una opini\u00f3n p\u00fablica libre. Por este motivo, Naciones Unidas considera que la libertad de informaci\u00f3n es un derecho humano que, como tal, est\u00e1 protegido por la [&hellip;]","og_url":"https:\/\/frdelpino.es\/actualidad\/tiene-limites-la-libertad-de-informacion\/","og_site_name":"FRP Gaceta","article_publisher":"https:\/\/www.facebook.com\/frdelpino","article_published_time":"2018-05-07T10:37:09+00:00","article_modified_time":"2023-12-29T10:15:58+00:00","og_image":[{"width":1200,"height":923,"url":"https:\/\/frdelpino.es\/actualidad\/wp-content\/uploads\/2018\/05\/alphabet-antique-black-and-white-573566-e1525689682163.jpg","type":"image\/jpeg"}],"author":"Carlota Taboada","twitter_card":"summary_large_image","twitter_creator":"@frdelpino","twitter_site":"@frdelpino","twitter_misc":{"Escrito por":"Carlota Taboada","Tiempo de lectura":"6 minutos"},"schema":{"@context":"https:\/\/schema.org","@graph":[{"@type":"Article","@id":"https:\/\/frdelpino.es\/actualidad\/tiene-limites-la-libertad-de-informacion\/#article","isPartOf":{"@id":"https:\/\/frdelpino.es\/actualidad\/tiene-limites-la-libertad-de-informacion\/"},"author":{"name":"Carlota Taboada","@id":"https:\/\/frdelpino.es\/actualidad\/#\/schema\/person\/5b3e77df61158f3160fedebdf5407d86"},"headline":"\u00bfTiene l\u00edmites la libertad de informaci\u00f3n?","datePublished":"2018-05-07T10:37:09+00:00","dateModified":"2023-12-29T10:15:58+00:00","mainEntityOfPage":{"@id":"https:\/\/frdelpino.es\/actualidad\/tiene-limites-la-libertad-de-informacion\/"},"wordCount":1241,"image":{"@id":"https:\/\/frdelpino.es\/actualidad\/tiene-limites-la-libertad-de-informacion\/#primaryimage"},"thumbnailUrl":"https:\/\/frdelpino.es\/actualidad\/wp-content\/uploads\/2018\/05\/alphabet-antique-black-and-white-573566-e1525689682163.jpg","keywords":["democracia","desinformaci\u00f3n","informaci\u00f3n","redes sociales"],"articleSection":["Educaci\u00f3n y cultura"],"inLanguage":"es"},{"@type":"WebPage","@id":"https:\/\/frdelpino.es\/actualidad\/tiene-limites-la-libertad-de-informacion\/","url":"https:\/\/frdelpino.es\/actualidad\/tiene-limites-la-libertad-de-informacion\/","name":"\u00bfTiene l\u00edmites la libertad de informaci\u00f3n? - FRP Gaceta","isPartOf":{"@id":"https:\/\/frdelpino.es\/actualidad\/#website"},"primaryImageOfPage":{"@id":"https:\/\/frdelpino.es\/actualidad\/tiene-limites-la-libertad-de-informacion\/#primaryimage"},"image":{"@id":"https:\/\/frdelpino.es\/actualidad\/tiene-limites-la-libertad-de-informacion\/#primaryimage"},"thumbnailUrl":"https:\/\/frdelpino.es\/actualidad\/wp-content\/uploads\/2018\/05\/alphabet-antique-black-and-white-573566-e1525689682163.jpg","datePublished":"2018-05-07T10:37:09+00:00","dateModified":"2023-12-29T10:15:58+00:00","author":{"@id":"https:\/\/frdelpino.es\/actualidad\/#\/schema\/person\/5b3e77df61158f3160fedebdf5407d86"},"breadcrumb":{"@id":"https:\/\/frdelpino.es\/actualidad\/tiene-limites-la-libertad-de-informacion\/#breadcrumb"},"inLanguage":"es","potentialAction":[{"@type":"ReadAction","target":["https:\/\/frdelpino.es\/actualidad\/tiene-limites-la-libertad-de-informacion\/"]}]},{"@type":"ImageObject","inLanguage":"es","@id":"https:\/\/frdelpino.es\/actualidad\/tiene-limites-la-libertad-de-informacion\/#primaryimage","url":"https:\/\/frdelpino.es\/actualidad\/wp-content\/uploads\/2018\/05\/alphabet-antique-black-and-white-573566-e1525689682163.jpg","contentUrl":"https:\/\/frdelpino.es\/actualidad\/wp-content\/uploads\/2018\/05\/alphabet-antique-black-and-white-573566-e1525689682163.jpg","width":1200,"height":923},{"@type":"BreadcrumbList","@id":"https:\/\/frdelpino.es\/actualidad\/tiene-limites-la-libertad-de-informacion\/#breadcrumb","itemListElement":[{"@type":"ListItem","position":1,"name":"Portada","item":"https:\/\/frdelpino.es\/actualidad\/"},{"@type":"ListItem","position":2,"name":"\u00bfTiene l\u00edmites la libertad de informaci\u00f3n?"}]},{"@type":"WebSite","@id":"https:\/\/frdelpino.es\/actualidad\/#website","url":"https:\/\/frdelpino.es\/actualidad\/","name":"FRP Gaceta","description":"Una iniciativa de la Fundaci\u00f3n Rafael del Pino","potentialAction":[{"@type":"SearchAction","target":{"@type":"EntryPoint","urlTemplate":"https:\/\/frdelpino.es\/actualidad\/?s={search_term_string}"},"query-input":{"@type":"PropertyValueSpecification","valueRequired":true,"valueName":"search_term_string"}}],"inLanguage":"es"},{"@type":"Person","@id":"https:\/\/frdelpino.es\/actualidad\/#\/schema\/person\/5b3e77df61158f3160fedebdf5407d86","name":"Carlota Taboada","url":"https:\/\/frdelpino.es\/actualidad\/author\/ctaboada\/"}]}},"_links":{"self":[{"href":"https:\/\/frdelpino.es\/actualidad\/wp-json\/wp\/v2\/posts\/1348","targetHints":{"allow":["GET"]}}],"collection":[{"href":"https:\/\/frdelpino.es\/actualidad\/wp-json\/wp\/v2\/posts"}],"about":[{"href":"https:\/\/frdelpino.es\/actualidad\/wp-json\/wp\/v2\/types\/post"}],"author":[{"embeddable":true,"href":"https:\/\/frdelpino.es\/actualidad\/wp-json\/wp\/v2\/users\/5"}],"replies":[{"embeddable":true,"href":"https:\/\/frdelpino.es\/actualidad\/wp-json\/wp\/v2\/comments?post=1348"}],"version-history":[{"count":5,"href":"https:\/\/frdelpino.es\/actualidad\/wp-json\/wp\/v2\/posts\/1348\/revisions"}],"predecessor-version":[{"id":1359,"href":"https:\/\/frdelpino.es\/actualidad\/wp-json\/wp\/v2\/posts\/1348\/revisions\/1359"}],"wp:featuredmedia":[{"embeddable":true,"href":"https:\/\/frdelpino.es\/actualidad\/wp-json\/wp\/v2\/media\/1355"}],"wp:attachment":[{"href":"https:\/\/frdelpino.es\/actualidad\/wp-json\/wp\/v2\/media?parent=1348"}],"wp:term":[{"taxonomy":"category","embeddable":true,"href":"https:\/\/frdelpino.es\/actualidad\/wp-json\/wp\/v2\/categories?post=1348"},{"taxonomy":"post_tag","embeddable":true,"href":"https:\/\/frdelpino.es\/actualidad\/wp-json\/wp\/v2\/tags?post=1348"}],"curies":[{"name":"wp","href":"https:\/\/api.w.org\/{rel}","templated":true}]}}