{"id":2220,"date":"2019-01-08T12:57:32","date_gmt":"2019-01-08T10:57:32","guid":{"rendered":"https:\/\/frdelpino.es\/try\/actualidad\/?p=2220"},"modified":"2023-12-29T12:15:48","modified_gmt":"2023-12-29T10:15:48","slug":"la-defensa-de-la-libertad-frente-al-auge-del-totalitarismo","status":"publish","type":"post","link":"https:\/\/frdelpino.es\/actualidad\/la-defensa-de-la-libertad-frente-al-auge-del-totalitarismo\/","title":{"rendered":"La defensa de la libertad frente al auge del totalitarismo"},"content":{"rendered":"<p style=\"text-align: justify;\">Cuando el comunismo cay\u00f3 en 1989, todo el mundo pens\u00f3 que eso representaba la victoria definitiva de la democracia y la libertad. Veinte a\u00f1os despu\u00e9s, a lo que estamos asistiendo es al auge del autoritarismo. \u00bfC\u00f3mo es esto posible? <span style=\"color: #008080;\"><strong>Timothy Snyder<\/strong><\/span>, catedr\u00e1tico de Historia de la Universidad de Yale, intenta responder a esta cuesti\u00f3n.<\/p>\n<h2 style=\"text-align: justify;\">El autoritarismo y el futuro<\/h2>\n<p style=\"text-align: justify;\">Seg\u00fan Snyder, <strong>la libertad depende del sentido que tengamos del tiempo<\/strong>. Y esto es as\u00ed porque la libertad depende del futuro. El problema es que los pol\u00edticos occidentales han matado ese futuro. Hoy nadie habla de \u00e9l. El debate pol\u00edtico se centra en defender el statu quo imperante o en hablar de un pasado id\u00edlico que nunca existi\u00f3. Ning\u00fan pol\u00edtico, sin embargo, se refiere al futuro de su pa\u00eds. Ese es un denominador com\u00fan de los l\u00edderes populistas y autoritarios.<\/p>\n<p style=\"text-align: justify;\">Ese cambio se produjo a partir de 1989, por ir\u00f3nico que pueda parecer. Ese a\u00f1o fue un momento extra\u00f1o por las importantes coincidencias que tuvieron lugar en \u00e9l. No solo cay\u00f3 el muro de Berl\u00edn. Tambi\u00e9n fue el a\u00f1o de creaci\u00f3n de la Uni\u00f3n Europea y de la introducci\u00f3n de las ideas neoliberales. Todos estos son grandes acontecimientos que ocurrieron de forma simult\u00e1nea por casualidad.<\/p>\n<h2 style=\"text-align: justify;\">Pol\u00edtica de inevitabilidad<\/h2>\n<p style=\"text-align: justify;\">Esto nos llev\u00f3 a pensar que se hab\u00eda producido el triunfo definitivo de la democracia y en la pol\u00edtica de inevitabilidad. Cre\u00edamos en el progreso y en que el futuro ser\u00eda igual que el presente porque no hab\u00eda alternativa a la democracia y el capitalismo. El problema es que esto no es verdad. El problema, tambi\u00e9n, es que las cosas est\u00e1n cambiando y estamos pasando a la pol\u00edtica de eternidad. En este sentido, en lugar de prosperar, pensamos en el destino. De esta forma, el tiempo pasa de ser una l\u00ednea inevitable a un ciclo que se repite una y otra vez. Esa repetici\u00f3n se basa en que viene alguien y nos arrebata lo que hemos conseguido.<\/p>\n<p style=\"text-align: justify;\">Otro error que cometimos fue pensar que la tecnolog\u00eda no es nuestro enemigo. Cre\u00edmos que progreso t\u00e9cnico es sin\u00f3nimo de progreso intelectual; que internet nos har\u00eda mejores personas. Lo que est\u00e1 ocurriendo, en cambio, es que nos est\u00e1 convirtiendo en caricaturas de nosotros mismos. Trump lo entiende muy bien y lo utiliza para mantener a los estadounidenses apegados al pasado.<\/p>\n<h2 style=\"text-align: justify;\">Pol\u00edtica de eternidad<\/h2>\n<p><img loading=\"lazy\" decoding=\"async\" class=\"wp-image-2248 size-medium alignleft\" src=\"https:\/\/frdelpino.es\/actualidad\/wp-content\/uploads\/2019\/01\/AdobeStock_47009970-300x254.jpeg\" alt=\"Beautiful poetic background with a wooden footbridge into the infinity sky\" width=\"300\" height=\"254\" \/><\/p>\n<p style=\"text-align: justify;\">El mejor ejemplo de la pol\u00edtica de eternidad, sin embargo, es Rusia. Cuando Obama se refer\u00eda a Rusia dec\u00eda que no era m\u00e1s que una potencia regional, porque eso era la pol\u00edtica de inevitabilidad. Rusia, sin embargo, ya estaba en otro lugar. Se ha pasado al extremo de la pol\u00edtica de eternidad y, desde ah\u00ed, trata de seducirnos.<\/p>\n<p style=\"text-align: justify;\">Rusia es la capital del no futuro y sus l\u00edderes act\u00faan como si no lo hubiera. \u00bfPor qu\u00e9? Snyder enuncia, al respecto, cinco motivos.<\/p>\n<p style=\"text-align: justify;\">En primer lugar, los l\u00edderes rusos se dieron cuenta de que la pol\u00edtica de inevitabilidad estaba equivocada, de que el capitalismo no traer\u00eda la democracia.<\/p>\n<p style=\"text-align: justify;\">En segundo lugar, las noticias locales murieron. Cuando no existen, ese vac\u00edo lo llenan los\u00a0<span style=\"text-align: justify;\">grandes medios de comunicaci\u00f3n de otros lugares. La gente, entonces, empieza a desconfiar porque no los conoce y, por tanto, no cree en ellos.<\/span><\/p>\n<p style=\"text-align: justify;\">En tercer lugar, est\u00e1n las diferencias radicales en cuanto a niveles de renta. Si hay desigualdad, eso significa que no hay progreso social, lo que provoca que la gente deje de creer en el futuro.<\/p>\n<p style=\"text-align: justify;\">Luego est\u00e1n los hidrocarburos. La clase dirigente rusa depende de su exportaci\u00f3n, con lo que el futuro es el calentamiento global.<\/p>\n<p style=\"text-align: justify;\">Por \u00faltimo, se encuentra el problema de la sucesi\u00f3n de Putin. Y es que nadie sabe qu\u00e9 va a ocurrir cuando Putin muera.<\/p>\n<p style=\"text-align: justify;\">En este contexto, las \u00e9lites rusas han encontrado una nueva forma de gobernar a partir de la desconfianza. <strong>Les dicen a los ciudadanos que mienten siempre, pero que el resto del mundo tambi\u00e9n lo hace<\/strong>. Y es que <strong>la idea de Rusia es un nacionalismo negativo<\/strong>.<\/p>\n<h2 style=\"text-align: justify;\">La pol\u00edtica exterior de Rusia<\/h2>\n<p style=\"text-align: justify;\">Lo mismo sucede con la pol\u00edtica exterior de Rusia. Si dices que todo el mundo miente, \u00bfc\u00f3mo te enfrentas a la UE o a Estados Unidos? Pues lo que hace es intentar que se descompongan, convirti\u00e9ndoles en una parodia de s\u00ed mismos. Rusia, por eso, est\u00e1 detr\u00e1s de <a href=\"https:\/\/frdelpino.es\/actualidad\/nacionalismo-economico-trump\/\">Trump<\/a>, del <a href=\"https:\/\/frdelpino.es\/actualidad\/david-miliband\/\">Brexit<\/a>. Cada fuerza pol\u00edtica extremista de Europa le debe algo a Rusia. Esto choca con la pol\u00edtica de inevitabilidad estadounidense. Esta se basa en la excepcionalidad democr\u00e1tica americana, en la creencia de que el mercado libre traer\u00e1 la democracia -cosa que no es as\u00ed- y en la confianza en el progreso t\u00e9cnico. Lo cierto, empero, es que el declive de la democracia coincide con el desarrollo de internet y la conectividad.<\/p>\n<p style=\"text-align: justify;\">Como esa pol\u00edtica de inevitabilidad fracasa, Trump trata de atraer a la gente con el discurso de que el futuro brillante puede volver al pa\u00eds. Pero, en realidad, Trump est\u00e1 en contra de todo lo que trajo ese futuro en el pasado. Adem\u00e1s, seg\u00fan Trump, lo que falla en Am\u00e9rica es la gente que viene de fuera. Eso es un ejemplo de nostalgia del pasado y provoca que no se haga nada de cara al futuro.<\/p>\n<p style=\"text-align: justify;\">Trump es un producto de la parte menos democr\u00e1tica de la vida americana. Fue elegido solo por su reputaci\u00f3n en los medios. No es m\u00e1s que un hombre del espect\u00e1culo tradicional. Rusia utiliz\u00f3 la tecnolog\u00eda americana para inclinar las elecciones a favor de Trump.<\/p>\n<p style=\"text-align: justify;\">La Uni\u00f3n Europea, por su parte, tiene tambi\u00e9n una pol\u00edtica de inevitabilidad, lo cual es una gran idea. <strong>Las naciones europeas son muy antiguas e inteligentes<\/strong> y aprendieron de las experiencias de las dos guerras mundiales y del periodo de entreguerras. Eso es lo que le hace peligrosa para Rusia y, por ello, <strong>Rusia trata de debilitarla<\/strong>. Para ello, <strong>est\u00e1 diseminando la idea de que, para ser fuertes de nuevo, esos antiguos estados imperiales deben recuperar su propia personalidad. Como hace la propia Rusia.<\/strong><\/p>\n<p style=\"text-align: right;\"><a href=\"https:\/\/frdelpino.es\/video\/la-defensa-de-la-libertad-frente-al-auge-del-autoritarismo\/\">Acceda a la conferencia completa<\/a><\/p>\n<h6 style=\"text-align: justify;\">\u201cLa Fundaci\u00f3n Rafael del Pino no se hace responsable de los comentarios, opiniones o manifestaciones realizados por las personas que participan en sus actividades y que son expresadas como resultado de su derecho inalienable a la libertad de expresi\u00f3n y bajo su entera responsabilidad. Los contenidos incluidos en el presente resumen, realizado para la Fundaci\u00f3n Rafael del Pino por Emilio J. Gonz\u00e1lez, son resultado de los debates mantenidos en el encuentro realizado al efecto en la Fundaci\u00f3n y son responsabilidad de sus autores.\u201d<\/h6>\n","protected":false},"excerpt":{"rendered":"<p>Cuando el comunismo cay\u00f3 en 1989, todo el mundo pens\u00f3 que eso representaba la victoria definitiva de la democracia y la libertad. Veinte a\u00f1os despu\u00e9s, a lo que estamos asistiendo es al auge del autoritarismo. \u00bfC\u00f3mo es esto posible? Timothy Snyder, catedr\u00e1tico de Historia de la Universidad de Yale, intenta responder a esta cuesti\u00f3n. El [&hellip;]<\/p>\n","protected":false},"author":7,"featured_media":2247,"comment_status":"closed","ping_status":"closed","sticky":false,"template":"","format":"standard","meta":{"_acf_changed":false,"footnotes":""},"categories":[8],"tags":[162,17,35,47,63,163,164,165],"class_list":{"0":"post-2220","1":"post","2":"type-post","3":"status-publish","4":"format-standard","5":"has-post-thumbnail","7":"category-sociopolitica","8":"tag-autoritarismo","9":"tag-democracia","10":"tag-geopolitica","11":"tag-libertad","12":"tag-relaciones-internacionales","13":"tag-rusia","14":"tag-trump","15":"tag-union-europea"},"acf":[],"yoast_head":"<!-- This site is optimized with the Yoast SEO plugin v27.4 - https:\/\/yoast.com\/product\/yoast-seo-wordpress\/ -->\n<title>La defensa de la libertad frente al auge del totalitarismo - FRP Gaceta<\/title>\n<meta name=\"description\" content=\"Cuando cre\u00edamos que la democracia y la libertad hab\u00edan conseguido la victoria definitiva, tenemos que asistir al auge del autoritarismo - FRP Gaceta\" \/>\n<meta name=\"robots\" content=\"index, follow, max-snippet:-1, max-image-preview:large, max-video-preview:-1\" \/>\n<link rel=\"canonical\" href=\"https:\/\/frdelpino.es\/actualidad\/la-defensa-de-la-libertad-frente-al-auge-del-totalitarismo\/\" \/>\n<meta property=\"og:locale\" content=\"es_ES\" \/>\n<meta property=\"og:type\" content=\"article\" \/>\n<meta property=\"og:title\" content=\"La defensa de la libertad frente al auge del totalitarismo - FRP Gaceta\" \/>\n<meta property=\"og:description\" content=\"Cuando cre\u00edamos que la democracia y la libertad hab\u00edan conseguido la victoria definitiva, tenemos que asistir al auge del autoritarismo - FRP Gaceta\" \/>\n<meta property=\"og:url\" content=\"https:\/\/frdelpino.es\/actualidad\/la-defensa-de-la-libertad-frente-al-auge-del-totalitarismo\/\" \/>\n<meta property=\"og:site_name\" content=\"FRP Gaceta\" \/>\n<meta property=\"article:publisher\" content=\"https:\/\/www.facebook.com\/frdelpino\" \/>\n<meta property=\"article:published_time\" content=\"2019-01-08T10:57:32+00:00\" \/>\n<meta property=\"article:modified_time\" content=\"2023-12-29T10:15:48+00:00\" \/>\n<meta property=\"og:image\" content=\"https:\/\/frdelpino.es\/actualidad\/wp-content\/uploads\/2019\/01\/abstract-art-background-1227511-e1546944305797.jpg\" \/>\n\t<meta property=\"og:image:width\" content=\"1200\" \/>\n\t<meta property=\"og:image:height\" content=\"800\" \/>\n\t<meta property=\"og:image:type\" content=\"image\/jpeg\" \/>\n<meta name=\"author\" content=\"Emilio Gonz\u00e1lez\" \/>\n<meta name=\"twitter:card\" content=\"summary_large_image\" \/>\n<meta name=\"twitter:creator\" content=\"@frdelpino\" \/>\n<meta name=\"twitter:site\" content=\"@frdelpino\" \/>\n<meta name=\"twitter:label1\" content=\"Escrito por\" \/>\n\t<meta name=\"twitter:data1\" content=\"Emilio Gonz\u00e1lez\" \/>\n\t<meta name=\"twitter:label2\" content=\"Tiempo de lectura\" \/>\n\t<meta name=\"twitter:data2\" content=\"6 minutos\" \/>\n<script type=\"application\/ld+json\" class=\"yoast-schema-graph\">{\"@context\":\"https:\\\/\\\/schema.org\",\"@graph\":[{\"@type\":\"Article\",\"@id\":\"https:\\\/\\\/frdelpino.es\\\/actualidad\\\/la-defensa-de-la-libertad-frente-al-auge-del-totalitarismo\\\/#article\",\"isPartOf\":{\"@id\":\"https:\\\/\\\/frdelpino.es\\\/actualidad\\\/la-defensa-de-la-libertad-frente-al-auge-del-totalitarismo\\\/\"},\"author\":{\"name\":\"Emilio Gonz\u00e1lez\",\"@id\":\"https:\\\/\\\/frdelpino.es\\\/actualidad\\\/#\\\/schema\\\/person\\\/ada1d98a172238d0ee8fe3efdbc0a8c1\"},\"headline\":\"La defensa de la libertad frente al auge del totalitarismo\",\"datePublished\":\"2019-01-08T10:57:32+00:00\",\"dateModified\":\"2023-12-29T10:15:48+00:00\",\"mainEntityOfPage\":{\"@id\":\"https:\\\/\\\/frdelpino.es\\\/actualidad\\\/la-defensa-de-la-libertad-frente-al-auge-del-totalitarismo\\\/\"},\"wordCount\":1171,\"image\":{\"@id\":\"https:\\\/\\\/frdelpino.es\\\/actualidad\\\/la-defensa-de-la-libertad-frente-al-auge-del-totalitarismo\\\/#primaryimage\"},\"thumbnailUrl\":\"https:\\\/\\\/frdelpino.es\\\/actualidad\\\/wp-content\\\/uploads\\\/2019\\\/01\\\/abstract-art-background-1227511-e1546944305797.jpg\",\"keywords\":[\"autoritarismo\",\"democracia\",\"geopol\u00edtica\",\"libertad\",\"relaciones internacionales\",\"Rusia\",\"Trump\",\"Uni\u00f3n Europea\"],\"articleSection\":[\"Sociopol\u00edtica\"],\"inLanguage\":\"es\"},{\"@type\":\"WebPage\",\"@id\":\"https:\\\/\\\/frdelpino.es\\\/actualidad\\\/la-defensa-de-la-libertad-frente-al-auge-del-totalitarismo\\\/\",\"url\":\"https:\\\/\\\/frdelpino.es\\\/actualidad\\\/la-defensa-de-la-libertad-frente-al-auge-del-totalitarismo\\\/\",\"name\":\"La defensa de la libertad frente al auge del totalitarismo - FRP Gaceta\",\"isPartOf\":{\"@id\":\"https:\\\/\\\/frdelpino.es\\\/actualidad\\\/#website\"},\"primaryImageOfPage\":{\"@id\":\"https:\\\/\\\/frdelpino.es\\\/actualidad\\\/la-defensa-de-la-libertad-frente-al-auge-del-totalitarismo\\\/#primaryimage\"},\"image\":{\"@id\":\"https:\\\/\\\/frdelpino.es\\\/actualidad\\\/la-defensa-de-la-libertad-frente-al-auge-del-totalitarismo\\\/#primaryimage\"},\"thumbnailUrl\":\"https:\\\/\\\/frdelpino.es\\\/actualidad\\\/wp-content\\\/uploads\\\/2019\\\/01\\\/abstract-art-background-1227511-e1546944305797.jpg\",\"datePublished\":\"2019-01-08T10:57:32+00:00\",\"dateModified\":\"2023-12-29T10:15:48+00:00\",\"author\":{\"@id\":\"https:\\\/\\\/frdelpino.es\\\/actualidad\\\/#\\\/schema\\\/person\\\/ada1d98a172238d0ee8fe3efdbc0a8c1\"},\"description\":\"Cuando cre\u00edamos que la democracia y la libertad hab\u00edan conseguido la victoria definitiva, tenemos que asistir al auge del autoritarismo - FRP Gaceta\",\"breadcrumb\":{\"@id\":\"https:\\\/\\\/frdelpino.es\\\/actualidad\\\/la-defensa-de-la-libertad-frente-al-auge-del-totalitarismo\\\/#breadcrumb\"},\"inLanguage\":\"es\",\"potentialAction\":[{\"@type\":\"ReadAction\",\"target\":[\"https:\\\/\\\/frdelpino.es\\\/actualidad\\\/la-defensa-de-la-libertad-frente-al-auge-del-totalitarismo\\\/\"]}]},{\"@type\":\"ImageObject\",\"inLanguage\":\"es\",\"@id\":\"https:\\\/\\\/frdelpino.es\\\/actualidad\\\/la-defensa-de-la-libertad-frente-al-auge-del-totalitarismo\\\/#primaryimage\",\"url\":\"https:\\\/\\\/frdelpino.es\\\/actualidad\\\/wp-content\\\/uploads\\\/2019\\\/01\\\/abstract-art-background-1227511-e1546944305797.jpg\",\"contentUrl\":\"https:\\\/\\\/frdelpino.es\\\/actualidad\\\/wp-content\\\/uploads\\\/2019\\\/01\\\/abstract-art-background-1227511-e1546944305797.jpg\",\"width\":1200,\"height\":800},{\"@type\":\"BreadcrumbList\",\"@id\":\"https:\\\/\\\/frdelpino.es\\\/actualidad\\\/la-defensa-de-la-libertad-frente-al-auge-del-totalitarismo\\\/#breadcrumb\",\"itemListElement\":[{\"@type\":\"ListItem\",\"position\":1,\"name\":\"Portada\",\"item\":\"https:\\\/\\\/frdelpino.es\\\/actualidad\\\/\"},{\"@type\":\"ListItem\",\"position\":2,\"name\":\"La defensa de la libertad frente al auge del totalitarismo\"}]},{\"@type\":\"WebSite\",\"@id\":\"https:\\\/\\\/frdelpino.es\\\/actualidad\\\/#website\",\"url\":\"https:\\\/\\\/frdelpino.es\\\/actualidad\\\/\",\"name\":\"FRP Gaceta\",\"description\":\"Una iniciativa de la Fundaci\u00f3n Rafael del Pino\",\"potentialAction\":[{\"@type\":\"SearchAction\",\"target\":{\"@type\":\"EntryPoint\",\"urlTemplate\":\"https:\\\/\\\/frdelpino.es\\\/actualidad\\\/?s={search_term_string}\"},\"query-input\":{\"@type\":\"PropertyValueSpecification\",\"valueRequired\":true,\"valueName\":\"search_term_string\"}}],\"inLanguage\":\"es\"},{\"@type\":\"Person\",\"@id\":\"https:\\\/\\\/frdelpino.es\\\/actualidad\\\/#\\\/schema\\\/person\\\/ada1d98a172238d0ee8fe3efdbc0a8c1\",\"name\":\"Emilio Gonz\u00e1lez\",\"url\":\"https:\\\/\\\/frdelpino.es\\\/actualidad\\\/author\\\/emilio-gonzalez\\\/\"}]}<\/script>\n<!-- \/ Yoast SEO plugin. -->","yoast_head_json":{"title":"La defensa de la libertad frente al auge del totalitarismo - FRP Gaceta","description":"Cuando cre\u00edamos que la democracia y la libertad hab\u00edan conseguido la victoria definitiva, tenemos que asistir al auge del autoritarismo - FRP Gaceta","robots":{"index":"index","follow":"follow","max-snippet":"max-snippet:-1","max-image-preview":"max-image-preview:large","max-video-preview":"max-video-preview:-1"},"canonical":"https:\/\/frdelpino.es\/actualidad\/la-defensa-de-la-libertad-frente-al-auge-del-totalitarismo\/","og_locale":"es_ES","og_type":"article","og_title":"La defensa de la libertad frente al auge del totalitarismo - FRP Gaceta","og_description":"Cuando cre\u00edamos que la democracia y la libertad hab\u00edan conseguido la victoria definitiva, tenemos que asistir al auge del autoritarismo - FRP Gaceta","og_url":"https:\/\/frdelpino.es\/actualidad\/la-defensa-de-la-libertad-frente-al-auge-del-totalitarismo\/","og_site_name":"FRP Gaceta","article_publisher":"https:\/\/www.facebook.com\/frdelpino","article_published_time":"2019-01-08T10:57:32+00:00","article_modified_time":"2023-12-29T10:15:48+00:00","og_image":[{"width":1200,"height":800,"url":"https:\/\/frdelpino.es\/actualidad\/wp-content\/uploads\/2019\/01\/abstract-art-background-1227511-e1546944305797.jpg","type":"image\/jpeg"}],"author":"Emilio Gonz\u00e1lez","twitter_card":"summary_large_image","twitter_creator":"@frdelpino","twitter_site":"@frdelpino","twitter_misc":{"Escrito por":"Emilio Gonz\u00e1lez","Tiempo de lectura":"6 minutos"},"schema":{"@context":"https:\/\/schema.org","@graph":[{"@type":"Article","@id":"https:\/\/frdelpino.es\/actualidad\/la-defensa-de-la-libertad-frente-al-auge-del-totalitarismo\/#article","isPartOf":{"@id":"https:\/\/frdelpino.es\/actualidad\/la-defensa-de-la-libertad-frente-al-auge-del-totalitarismo\/"},"author":{"name":"Emilio Gonz\u00e1lez","@id":"https:\/\/frdelpino.es\/actualidad\/#\/schema\/person\/ada1d98a172238d0ee8fe3efdbc0a8c1"},"headline":"La defensa de la libertad frente al auge del totalitarismo","datePublished":"2019-01-08T10:57:32+00:00","dateModified":"2023-12-29T10:15:48+00:00","mainEntityOfPage":{"@id":"https:\/\/frdelpino.es\/actualidad\/la-defensa-de-la-libertad-frente-al-auge-del-totalitarismo\/"},"wordCount":1171,"image":{"@id":"https:\/\/frdelpino.es\/actualidad\/la-defensa-de-la-libertad-frente-al-auge-del-totalitarismo\/#primaryimage"},"thumbnailUrl":"https:\/\/frdelpino.es\/actualidad\/wp-content\/uploads\/2019\/01\/abstract-art-background-1227511-e1546944305797.jpg","keywords":["autoritarismo","democracia","geopol\u00edtica","libertad","relaciones internacionales","Rusia","Trump","Uni\u00f3n Europea"],"articleSection":["Sociopol\u00edtica"],"inLanguage":"es"},{"@type":"WebPage","@id":"https:\/\/frdelpino.es\/actualidad\/la-defensa-de-la-libertad-frente-al-auge-del-totalitarismo\/","url":"https:\/\/frdelpino.es\/actualidad\/la-defensa-de-la-libertad-frente-al-auge-del-totalitarismo\/","name":"La defensa de la libertad frente al auge del totalitarismo - FRP Gaceta","isPartOf":{"@id":"https:\/\/frdelpino.es\/actualidad\/#website"},"primaryImageOfPage":{"@id":"https:\/\/frdelpino.es\/actualidad\/la-defensa-de-la-libertad-frente-al-auge-del-totalitarismo\/#primaryimage"},"image":{"@id":"https:\/\/frdelpino.es\/actualidad\/la-defensa-de-la-libertad-frente-al-auge-del-totalitarismo\/#primaryimage"},"thumbnailUrl":"https:\/\/frdelpino.es\/actualidad\/wp-content\/uploads\/2019\/01\/abstract-art-background-1227511-e1546944305797.jpg","datePublished":"2019-01-08T10:57:32+00:00","dateModified":"2023-12-29T10:15:48+00:00","author":{"@id":"https:\/\/frdelpino.es\/actualidad\/#\/schema\/person\/ada1d98a172238d0ee8fe3efdbc0a8c1"},"description":"Cuando cre\u00edamos que la democracia y la libertad hab\u00edan conseguido la victoria definitiva, tenemos que asistir al auge del autoritarismo - FRP Gaceta","breadcrumb":{"@id":"https:\/\/frdelpino.es\/actualidad\/la-defensa-de-la-libertad-frente-al-auge-del-totalitarismo\/#breadcrumb"},"inLanguage":"es","potentialAction":[{"@type":"ReadAction","target":["https:\/\/frdelpino.es\/actualidad\/la-defensa-de-la-libertad-frente-al-auge-del-totalitarismo\/"]}]},{"@type":"ImageObject","inLanguage":"es","@id":"https:\/\/frdelpino.es\/actualidad\/la-defensa-de-la-libertad-frente-al-auge-del-totalitarismo\/#primaryimage","url":"https:\/\/frdelpino.es\/actualidad\/wp-content\/uploads\/2019\/01\/abstract-art-background-1227511-e1546944305797.jpg","contentUrl":"https:\/\/frdelpino.es\/actualidad\/wp-content\/uploads\/2019\/01\/abstract-art-background-1227511-e1546944305797.jpg","width":1200,"height":800},{"@type":"BreadcrumbList","@id":"https:\/\/frdelpino.es\/actualidad\/la-defensa-de-la-libertad-frente-al-auge-del-totalitarismo\/#breadcrumb","itemListElement":[{"@type":"ListItem","position":1,"name":"Portada","item":"https:\/\/frdelpino.es\/actualidad\/"},{"@type":"ListItem","position":2,"name":"La defensa de la libertad frente al auge del totalitarismo"}]},{"@type":"WebSite","@id":"https:\/\/frdelpino.es\/actualidad\/#website","url":"https:\/\/frdelpino.es\/actualidad\/","name":"FRP Gaceta","description":"Una iniciativa de la Fundaci\u00f3n Rafael del Pino","potentialAction":[{"@type":"SearchAction","target":{"@type":"EntryPoint","urlTemplate":"https:\/\/frdelpino.es\/actualidad\/?s={search_term_string}"},"query-input":{"@type":"PropertyValueSpecification","valueRequired":true,"valueName":"search_term_string"}}],"inLanguage":"es"},{"@type":"Person","@id":"https:\/\/frdelpino.es\/actualidad\/#\/schema\/person\/ada1d98a172238d0ee8fe3efdbc0a8c1","name":"Emilio Gonz\u00e1lez","url":"https:\/\/frdelpino.es\/actualidad\/author\/emilio-gonzalez\/"}]}},"_links":{"self":[{"href":"https:\/\/frdelpino.es\/actualidad\/wp-json\/wp\/v2\/posts\/2220","targetHints":{"allow":["GET"]}}],"collection":[{"href":"https:\/\/frdelpino.es\/actualidad\/wp-json\/wp\/v2\/posts"}],"about":[{"href":"https:\/\/frdelpino.es\/actualidad\/wp-json\/wp\/v2\/types\/post"}],"author":[{"embeddable":true,"href":"https:\/\/frdelpino.es\/actualidad\/wp-json\/wp\/v2\/users\/7"}],"replies":[{"embeddable":true,"href":"https:\/\/frdelpino.es\/actualidad\/wp-json\/wp\/v2\/comments?post=2220"}],"version-history":[{"count":10,"href":"https:\/\/frdelpino.es\/actualidad\/wp-json\/wp\/v2\/posts\/2220\/revisions"}],"predecessor-version":[{"id":2299,"href":"https:\/\/frdelpino.es\/actualidad\/wp-json\/wp\/v2\/posts\/2220\/revisions\/2299"}],"wp:featuredmedia":[{"embeddable":true,"href":"https:\/\/frdelpino.es\/actualidad\/wp-json\/wp\/v2\/media\/2247"}],"wp:attachment":[{"href":"https:\/\/frdelpino.es\/actualidad\/wp-json\/wp\/v2\/media?parent=2220"}],"wp:term":[{"taxonomy":"category","embeddable":true,"href":"https:\/\/frdelpino.es\/actualidad\/wp-json\/wp\/v2\/categories?post=2220"},{"taxonomy":"post_tag","embeddable":true,"href":"https:\/\/frdelpino.es\/actualidad\/wp-json\/wp\/v2\/tags?post=2220"}],"curies":[{"name":"wp","href":"https:\/\/api.w.org\/{rel}","templated":true}]}}