{"id":2270,"date":"2019-02-06T18:20:04","date_gmt":"2019-02-06T16:20:04","guid":{"rendered":"https:\/\/frdelpino.es\/try\/actualidad\/?p=2270"},"modified":"2023-12-29T12:15:46","modified_gmt":"2023-12-29T10:15:46","slug":"un-antidoto-frente-al-nacionalismo","status":"publish","type":"post","link":"https:\/\/frdelpino.es\/actualidad\/un-antidoto-frente-al-nacionalismo\/","title":{"rendered":"Un ant\u00eddoto frente al nacionalismo"},"content":{"rendered":"<p style=\"text-align: justify;\">Autores como Johan Norberg o Hans Rosling consideran que vivimos los mejores tiempos que ha conocido la humanidad en toda su historia. Adem\u00e1s, lo demuestran con las cifras en la mano. Entonces, \u00bfpor qu\u00e9 cunde el pesimismo en las sociedades avanzadas? \u00bfPor qu\u00e9 ese pesimismo da alas al nacionalismo? <span style=\"color: #008080;\"><strong>Luis Garicano<\/strong><\/span>, catedr\u00e1tico de Estrategia del IE, y <strong><span style=\"color: #008080;\">Mario Vargas Llosa<\/span><\/strong>, premio Nobel de Literatura, tratan de ofrecer una respuesta a estas cuestiones.<\/p>\n<h2 style=\"text-align: justify;\">La mejor \u00e9poca de la historia<\/h2>\n<p><img loading=\"lazy\" decoding=\"async\" class=\"size-medium wp-image-2292 alignright\" style=\"text-align: justify;\" src=\"https:\/\/frdelpino.es\/actualidad\/wp-content\/uploads\/2019\/02\/alley-cloth-clothesline-917377-300x200.jpg\" alt=\"\" width=\"300\" height=\"200\" \/><\/p>\n<p style=\"text-align: justify;\">La realidad que vivimos actualmente, con todos sus problemas, que los tiene, es infinitamente mejor a cualquier otra que haya podido conocer el ser humano en el pasado.\u00a0Las cifras son muy claras al respecto. Por ejemplo, hace doscientos a\u00f1os, el 90% de la poblaci\u00f3n mundial viv\u00eda en situaci\u00f3n de pobreza extrema. Dicho de otra forma, nueve de cada diez personas viv\u00edan con menos de lo que hoy dan de s\u00ed dos d\u00f3lares al d\u00eda. En cambio, hoy solo sufre esas circunstancias tan adversas el 10% de la poblaci\u00f3n mundial.<\/p>\n<p style=\"text-align: justify;\">\u00bfD\u00f3nde reside el secreto de semejante \u00e9xito? Pues en la globalizaci\u00f3n y en una revoluci\u00f3n tecnol\u00f3gica sin precedentes en la historia. Esa revoluci\u00f3n que se inici\u00f3 hace doscientos a\u00f1os con la invenci\u00f3n de la m\u00e1quina de vapor y contin\u00faa desarroll\u00e1ndose hoy en d\u00eda con la rob\u00f3tica, la inteligencia artificial, la biotecnolog\u00eda y la nanotecnolog\u00eda. Ahora bien, esos cambios tienen un precio, en forma de incertidumbre. Y la incertidumbre suele generar en las sociedades sentimientos de malestar, de incomodidad, de inseguridad. Es f\u00e1cil entenderlo. Pensemos, por ejemplo, en la inteligencia artificial. Su desarrollo y su implantaci\u00f3n en el mundo de la empresa est\u00e1n generando incertidumbres enormes respecto al futuro del empleo.<\/p>\n<h2 style=\"text-align: justify;\">Rebrotes nacionalistas<\/h2>\n<p style=\"text-align: justify;\">Muchas personas se sienten perdidas en esta nueva realidad de cambio tecnol\u00f3gico tan acelerado y tan radical. Y, como se sienten perdidos, se dejan llevar por sus instintos primarios de necesidad de protecci\u00f3n y buscan el regreso a la tribu, el rodearse de gente con la que se sientan c\u00f3modos y seguros, de personas que hablen su misma lengua y practiquen sus mismas costumbres. A causa de ello, estamos asistiendo en las sociedades occidentales al rebrote de un fen\u00f3meno social que se cre\u00eda extinto: el nacionalismo. Cada vez m\u00e1s personas buscan en \u00e9l las certidumbres a las que asirse con desesperaci\u00f3n en un mundo de cambio dr\u00e1stico.<\/p>\n<p style=\"text-align: justify;\">Este es un fen\u00f3meno generalizado en muchas sociedades occidentales. Lo vemos, con sus particularidades espec\u00edficas, en <a href=\"https:\/\/frdelpino.es\/actualidad\/david-miliband\/\">la Inglaterra del Brexit<\/a>, en <a href=\"https:\/\/frdelpino.es\/actualidad\/nacionalismo-economico-trump\/\">los Estados Unidos de Trump<\/a>, en la Catalu\u00f1a separatista, o en los recientes nacionalismos de Hungr\u00eda o Polonia. Pero todos estos fen\u00f3menos tienen un sustrato com\u00fan, que no es otro que los cambios en el mercado de trabajo inducidos por la tecnolog\u00eda. La gente asiste a la destrucci\u00f3n de los empleos rutinarios y no tiene la seguridad de que el futuro vaya a ser mejor. Ese miedo de la gente es leg\u00edtimo y hay que darle una respuesta.<\/p>\n<p style=\"text-align: justify;\">Esa respuesta para por un mercado din\u00e1mico y por un estado del bienestar potente, que es lo que permite que exista ese mercado din\u00e1mico. Parte de la respuesta, por tanto, consiste en repensar el estado del bienestar.<\/p>\n<h2 style=\"text-align: justify;\">Ideas y progreso<\/h2>\n<p style=\"text-align: justify;\">A la gente hay que explicarle que el mundo ha cambiado que nuestra mentalidad tambi\u00e9n debe hacerlo para adaptarse a este mundo nuevo en el que los beneficios ser\u00e1n muy superiores a los perjuicios. El problema, en este sentido, es que el triunfo de los nacionalismos ser\u00eda un gran obst\u00e1culo para el progreso. Por eso hay que acompa\u00f1ar el progreso con ideas.<\/p>\n<p style=\"text-align: justify;\"><img loading=\"lazy\" decoding=\"async\" class=\"size-medium wp-image-2293 alignleft\" src=\"https:\/\/frdelpino.es\/actualidad\/wp-content\/uploads\/2019\/02\/path-architecture-floor-skyscraper-step-staircase-1011656-pxhere.com_-300x200.jpg\" alt=\"\" width=\"300\" height=\"200\" \/>Tambi\u00e9n conviene recordar que, en el pasado, el nacionalismo llen\u00f3 de cad\u00e1veres el mundo. Por eso, es fundamental enfrentarse a los nacionalismos sin complejos de inferioridad. Tambi\u00e9n hay que oponerle ideas y pol\u00edticas que muestren, de manera fehaciente, que este mundo puede ser much\u00edsimo mejor siempre que hagamos las cosas en la buena direcci\u00f3n, en la direcci\u00f3n altruista, fraterna, constructiva. Este es el gran sustento de la libertad, de la democracia.<\/p>\n<h2 style=\"text-align: justify;\">La clave est\u00e1 en Europa<\/h2>\n<p style=\"text-align: justify;\">Ning\u00fan pa\u00eds europeo por si solo puede responder a los grandes desaf\u00edos de nuestra \u00e9poca. Esta realidad es lo que hizo nacer Europa. Frente a ella, los nacionalismos contraponen una idea arcaica, nacionalista, una Europa que nunca existi\u00f3.<\/p>\n<p style=\"text-align: justify;\">Una sociedad liberal es donde las leyes se cumplen y donde los ciudadanos tienen la sensaci\u00f3n de que hay una igualdad de oportunidades, gracias a unos sistemas educativos muy eficientes y desarrollados. Las grandes empresas que no pagan impuestos representan una injusticia fundamental que lleva al ciudadano a desconfiar de un sistema semejante. Por eso es muy importante que no haya privilegios en el campo econ\u00f3mico, porque llevan a las sociedades a desmoralizarse y a sentir que hay una injusticia inmanente en torno al \u00e9xito.<\/p>\n<p style=\"text-align: justify;\">Europa, por desgracia ha dado argumentos a los populistas en dos \u00e1reas, la emigraci\u00f3n y el euro, que afectan al coraz\u00f3n y al bolsillo de las personas. Europa ha creado unas instituciones tecnocr\u00e1ticas, incompletas, que sirven cuando estamos en el n\u00facleo de la soberan\u00eda nacional. Esas instituciones alimentan el populismo antieuropeista. Europa, sin embargo, es la soluci\u00f3n. Es necesaria, pero tiene que funcionar.<\/p>\n<p style=\"text-align: right;\"><a href=\"https:\/\/frdelpino.es\/video\/el-contrataque-liberal-2\/\">Acceda a la conferencia completa<\/a><\/p>\n<h6 style=\"text-align: justify;\">\u201cLa Fundaci\u00f3n Rafael del Pino no se hace responsable de los comentarios, opiniones o manifestaciones realizados por las personas que participan en sus actividades y que son expresadas como resultado de su derecho inalienable a la libertad de expresi\u00f3n y bajo su entera responsabilidad. Los contenidos incluidos en el presente resumen, realizado para la Fundaci\u00f3n Rafael del Pino por Emilio J. Gonz\u00e1lez, son resultado de los debates mantenidos en el encuentro realizado al efecto en la Fundaci\u00f3n y son responsabilidad de sus autores.\u201d<\/h6>\n","protected":false},"excerpt":{"rendered":"<p>Autores como Johan Norberg o Hans Rosling consideran que vivimos los mejores tiempos que ha conocido la humanidad en toda su historia. Adem\u00e1s, lo demuestran con las cifras en la mano. Entonces, \u00bfpor qu\u00e9 cunde el pesimismo en las sociedades avanzadas? \u00bfPor qu\u00e9 ese pesimismo da alas al nacionalismo? Luis Garicano, catedr\u00e1tico de Estrategia del [&hellip;]<\/p>\n","protected":false},"author":7,"featured_media":2291,"comment_status":"closed","ping_status":"closed","sticky":false,"template":"","format":"standard","meta":{"_acf_changed":false,"footnotes":""},"categories":[8],"tags":[171,94,47,125,77,69,172],"class_list":{"0":"post-2270","1":"post","2":"type-post","3":"status-publish","4":"format-standard","5":"has-post-thumbnail","7":"category-sociopolitica","8":"tag-garicano","9":"tag-globalizacion","10":"tag-libertad","11":"tag-nacionalismo","12":"tag-populismo","13":"tag-tecnologia","14":"tag-vargas-llosa"},"acf":[],"yoast_head":"<!-- This site is optimized with the Yoast SEO plugin v27.4 - https:\/\/yoast.com\/product\/yoast-seo-wordpress\/ -->\n<title>Un ant\u00eddoto frente al nacionalismo - FRP Gaceta<\/title>\n<meta name=\"description\" content=\"La globalizaci\u00f3n y el cambio tecnol\u00f3gico han creado una gran incertidumbre. Esa inseguridad est\u00e1 provocando el resurgir del nacionalismo - FRP Gaceta\" \/>\n<meta name=\"robots\" content=\"index, follow, max-snippet:-1, max-image-preview:large, max-video-preview:-1\" \/>\n<link rel=\"canonical\" href=\"https:\/\/frdelpino.es\/actualidad\/un-antidoto-frente-al-nacionalismo\/\" \/>\n<meta property=\"og:locale\" content=\"es_ES\" \/>\n<meta property=\"og:type\" content=\"article\" \/>\n<meta property=\"og:title\" content=\"Un ant\u00eddoto frente al nacionalismo - FRP Gaceta\" \/>\n<meta property=\"og:description\" content=\"La globalizaci\u00f3n y el cambio tecnol\u00f3gico han creado una gran incertidumbre. Esa inseguridad est\u00e1 provocando el resurgir del nacionalismo - FRP Gaceta\" \/>\n<meta property=\"og:url\" content=\"https:\/\/frdelpino.es\/actualidad\/un-antidoto-frente-al-nacionalismo\/\" \/>\n<meta property=\"og:site_name\" content=\"FRP Gaceta\" \/>\n<meta property=\"article:publisher\" content=\"https:\/\/www.facebook.com\/frdelpino\" \/>\n<meta property=\"article:published_time\" content=\"2019-02-06T16:20:04+00:00\" \/>\n<meta property=\"article:modified_time\" content=\"2023-12-29T10:15:46+00:00\" \/>\n<meta property=\"og:image\" content=\"https:\/\/frdelpino.es\/actualidad\/wp-content\/uploads\/2019\/02\/AdobeStock_117305222-e1549469748450.jpeg\" \/>\n\t<meta property=\"og:image:width\" content=\"1200\" \/>\n\t<meta property=\"og:image:height\" content=\"800\" \/>\n\t<meta property=\"og:image:type\" content=\"image\/jpeg\" \/>\n<meta name=\"author\" content=\"Emilio Gonz\u00e1lez\" \/>\n<meta name=\"twitter:card\" content=\"summary_large_image\" \/>\n<meta name=\"twitter:creator\" content=\"@frdelpino\" \/>\n<meta name=\"twitter:site\" content=\"@frdelpino\" \/>\n<meta name=\"twitter:label1\" content=\"Escrito por\" \/>\n\t<meta name=\"twitter:data1\" content=\"Emilio Gonz\u00e1lez\" \/>\n\t<meta name=\"twitter:label2\" content=\"Tiempo de lectura\" \/>\n\t<meta name=\"twitter:data2\" content=\"5 minutos\" \/>\n<script type=\"application\/ld+json\" class=\"yoast-schema-graph\">{\"@context\":\"https:\\\/\\\/schema.org\",\"@graph\":[{\"@type\":\"Article\",\"@id\":\"https:\\\/\\\/frdelpino.es\\\/actualidad\\\/un-antidoto-frente-al-nacionalismo\\\/#article\",\"isPartOf\":{\"@id\":\"https:\\\/\\\/frdelpino.es\\\/actualidad\\\/un-antidoto-frente-al-nacionalismo\\\/\"},\"author\":{\"name\":\"Emilio Gonz\u00e1lez\",\"@id\":\"https:\\\/\\\/frdelpino.es\\\/actualidad\\\/#\\\/schema\\\/person\\\/ada1d98a172238d0ee8fe3efdbc0a8c1\"},\"headline\":\"Un ant\u00eddoto frente al nacionalismo\",\"datePublished\":\"2019-02-06T16:20:04+00:00\",\"dateModified\":\"2023-12-29T10:15:46+00:00\",\"mainEntityOfPage\":{\"@id\":\"https:\\\/\\\/frdelpino.es\\\/actualidad\\\/un-antidoto-frente-al-nacionalismo\\\/\"},\"wordCount\":1016,\"image\":{\"@id\":\"https:\\\/\\\/frdelpino.es\\\/actualidad\\\/un-antidoto-frente-al-nacionalismo\\\/#primaryimage\"},\"thumbnailUrl\":\"https:\\\/\\\/frdelpino.es\\\/actualidad\\\/wp-content\\\/uploads\\\/2019\\\/02\\\/AdobeStock_117305222-e1549469748450.jpeg\",\"keywords\":[\"Garicano\",\"Globalizaci\u00f3n\",\"libertad\",\"nacionalismo\",\"populismo\",\"tecnolog\u00eda\",\"Vargas Llosa\"],\"articleSection\":[\"Sociopol\u00edtica\"],\"inLanguage\":\"es\"},{\"@type\":\"WebPage\",\"@id\":\"https:\\\/\\\/frdelpino.es\\\/actualidad\\\/un-antidoto-frente-al-nacionalismo\\\/\",\"url\":\"https:\\\/\\\/frdelpino.es\\\/actualidad\\\/un-antidoto-frente-al-nacionalismo\\\/\",\"name\":\"Un ant\u00eddoto frente al nacionalismo - FRP Gaceta\",\"isPartOf\":{\"@id\":\"https:\\\/\\\/frdelpino.es\\\/actualidad\\\/#website\"},\"primaryImageOfPage\":{\"@id\":\"https:\\\/\\\/frdelpino.es\\\/actualidad\\\/un-antidoto-frente-al-nacionalismo\\\/#primaryimage\"},\"image\":{\"@id\":\"https:\\\/\\\/frdelpino.es\\\/actualidad\\\/un-antidoto-frente-al-nacionalismo\\\/#primaryimage\"},\"thumbnailUrl\":\"https:\\\/\\\/frdelpino.es\\\/actualidad\\\/wp-content\\\/uploads\\\/2019\\\/02\\\/AdobeStock_117305222-e1549469748450.jpeg\",\"datePublished\":\"2019-02-06T16:20:04+00:00\",\"dateModified\":\"2023-12-29T10:15:46+00:00\",\"author\":{\"@id\":\"https:\\\/\\\/frdelpino.es\\\/actualidad\\\/#\\\/schema\\\/person\\\/ada1d98a172238d0ee8fe3efdbc0a8c1\"},\"description\":\"La globalizaci\u00f3n y el cambio tecnol\u00f3gico han creado una gran incertidumbre. Esa inseguridad est\u00e1 provocando el resurgir del nacionalismo - FRP Gaceta\",\"breadcrumb\":{\"@id\":\"https:\\\/\\\/frdelpino.es\\\/actualidad\\\/un-antidoto-frente-al-nacionalismo\\\/#breadcrumb\"},\"inLanguage\":\"es\",\"potentialAction\":[{\"@type\":\"ReadAction\",\"target\":[\"https:\\\/\\\/frdelpino.es\\\/actualidad\\\/un-antidoto-frente-al-nacionalismo\\\/\"]}]},{\"@type\":\"ImageObject\",\"inLanguage\":\"es\",\"@id\":\"https:\\\/\\\/frdelpino.es\\\/actualidad\\\/un-antidoto-frente-al-nacionalismo\\\/#primaryimage\",\"url\":\"https:\\\/\\\/frdelpino.es\\\/actualidad\\\/wp-content\\\/uploads\\\/2019\\\/02\\\/AdobeStock_117305222-e1549469748450.jpeg\",\"contentUrl\":\"https:\\\/\\\/frdelpino.es\\\/actualidad\\\/wp-content\\\/uploads\\\/2019\\\/02\\\/AdobeStock_117305222-e1549469748450.jpeg\",\"width\":1200,\"height\":800,\"caption\":\"Woman's hand has a vial of poison, another hand opens. On black background. With copy space.\"},{\"@type\":\"BreadcrumbList\",\"@id\":\"https:\\\/\\\/frdelpino.es\\\/actualidad\\\/un-antidoto-frente-al-nacionalismo\\\/#breadcrumb\",\"itemListElement\":[{\"@type\":\"ListItem\",\"position\":1,\"name\":\"Portada\",\"item\":\"https:\\\/\\\/frdelpino.es\\\/actualidad\\\/\"},{\"@type\":\"ListItem\",\"position\":2,\"name\":\"Un ant\u00eddoto frente al nacionalismo\"}]},{\"@type\":\"WebSite\",\"@id\":\"https:\\\/\\\/frdelpino.es\\\/actualidad\\\/#website\",\"url\":\"https:\\\/\\\/frdelpino.es\\\/actualidad\\\/\",\"name\":\"FRP Gaceta\",\"description\":\"Una iniciativa de la Fundaci\u00f3n Rafael del Pino\",\"potentialAction\":[{\"@type\":\"SearchAction\",\"target\":{\"@type\":\"EntryPoint\",\"urlTemplate\":\"https:\\\/\\\/frdelpino.es\\\/actualidad\\\/?s={search_term_string}\"},\"query-input\":{\"@type\":\"PropertyValueSpecification\",\"valueRequired\":true,\"valueName\":\"search_term_string\"}}],\"inLanguage\":\"es\"},{\"@type\":\"Person\",\"@id\":\"https:\\\/\\\/frdelpino.es\\\/actualidad\\\/#\\\/schema\\\/person\\\/ada1d98a172238d0ee8fe3efdbc0a8c1\",\"name\":\"Emilio Gonz\u00e1lez\",\"url\":\"https:\\\/\\\/frdelpino.es\\\/actualidad\\\/author\\\/emilio-gonzalez\\\/\"}]}<\/script>\n<!-- \/ Yoast SEO plugin. -->","yoast_head_json":{"title":"Un ant\u00eddoto frente al nacionalismo - FRP Gaceta","description":"La globalizaci\u00f3n y el cambio tecnol\u00f3gico han creado una gran incertidumbre. Esa inseguridad est\u00e1 provocando el resurgir del nacionalismo - FRP Gaceta","robots":{"index":"index","follow":"follow","max-snippet":"max-snippet:-1","max-image-preview":"max-image-preview:large","max-video-preview":"max-video-preview:-1"},"canonical":"https:\/\/frdelpino.es\/actualidad\/un-antidoto-frente-al-nacionalismo\/","og_locale":"es_ES","og_type":"article","og_title":"Un ant\u00eddoto frente al nacionalismo - FRP Gaceta","og_description":"La globalizaci\u00f3n y el cambio tecnol\u00f3gico han creado una gran incertidumbre. Esa inseguridad est\u00e1 provocando el resurgir del nacionalismo - FRP Gaceta","og_url":"https:\/\/frdelpino.es\/actualidad\/un-antidoto-frente-al-nacionalismo\/","og_site_name":"FRP Gaceta","article_publisher":"https:\/\/www.facebook.com\/frdelpino","article_published_time":"2019-02-06T16:20:04+00:00","article_modified_time":"2023-12-29T10:15:46+00:00","og_image":[{"width":1200,"height":800,"url":"https:\/\/frdelpino.es\/actualidad\/wp-content\/uploads\/2019\/02\/AdobeStock_117305222-e1549469748450.jpeg","type":"image\/jpeg"}],"author":"Emilio Gonz\u00e1lez","twitter_card":"summary_large_image","twitter_creator":"@frdelpino","twitter_site":"@frdelpino","twitter_misc":{"Escrito por":"Emilio Gonz\u00e1lez","Tiempo de lectura":"5 minutos"},"schema":{"@context":"https:\/\/schema.org","@graph":[{"@type":"Article","@id":"https:\/\/frdelpino.es\/actualidad\/un-antidoto-frente-al-nacionalismo\/#article","isPartOf":{"@id":"https:\/\/frdelpino.es\/actualidad\/un-antidoto-frente-al-nacionalismo\/"},"author":{"name":"Emilio Gonz\u00e1lez","@id":"https:\/\/frdelpino.es\/actualidad\/#\/schema\/person\/ada1d98a172238d0ee8fe3efdbc0a8c1"},"headline":"Un ant\u00eddoto frente al nacionalismo","datePublished":"2019-02-06T16:20:04+00:00","dateModified":"2023-12-29T10:15:46+00:00","mainEntityOfPage":{"@id":"https:\/\/frdelpino.es\/actualidad\/un-antidoto-frente-al-nacionalismo\/"},"wordCount":1016,"image":{"@id":"https:\/\/frdelpino.es\/actualidad\/un-antidoto-frente-al-nacionalismo\/#primaryimage"},"thumbnailUrl":"https:\/\/frdelpino.es\/actualidad\/wp-content\/uploads\/2019\/02\/AdobeStock_117305222-e1549469748450.jpeg","keywords":["Garicano","Globalizaci\u00f3n","libertad","nacionalismo","populismo","tecnolog\u00eda","Vargas Llosa"],"articleSection":["Sociopol\u00edtica"],"inLanguage":"es"},{"@type":"WebPage","@id":"https:\/\/frdelpino.es\/actualidad\/un-antidoto-frente-al-nacionalismo\/","url":"https:\/\/frdelpino.es\/actualidad\/un-antidoto-frente-al-nacionalismo\/","name":"Un ant\u00eddoto frente al nacionalismo - FRP Gaceta","isPartOf":{"@id":"https:\/\/frdelpino.es\/actualidad\/#website"},"primaryImageOfPage":{"@id":"https:\/\/frdelpino.es\/actualidad\/un-antidoto-frente-al-nacionalismo\/#primaryimage"},"image":{"@id":"https:\/\/frdelpino.es\/actualidad\/un-antidoto-frente-al-nacionalismo\/#primaryimage"},"thumbnailUrl":"https:\/\/frdelpino.es\/actualidad\/wp-content\/uploads\/2019\/02\/AdobeStock_117305222-e1549469748450.jpeg","datePublished":"2019-02-06T16:20:04+00:00","dateModified":"2023-12-29T10:15:46+00:00","author":{"@id":"https:\/\/frdelpino.es\/actualidad\/#\/schema\/person\/ada1d98a172238d0ee8fe3efdbc0a8c1"},"description":"La globalizaci\u00f3n y el cambio tecnol\u00f3gico han creado una gran incertidumbre. Esa inseguridad est\u00e1 provocando el resurgir del nacionalismo - FRP Gaceta","breadcrumb":{"@id":"https:\/\/frdelpino.es\/actualidad\/un-antidoto-frente-al-nacionalismo\/#breadcrumb"},"inLanguage":"es","potentialAction":[{"@type":"ReadAction","target":["https:\/\/frdelpino.es\/actualidad\/un-antidoto-frente-al-nacionalismo\/"]}]},{"@type":"ImageObject","inLanguage":"es","@id":"https:\/\/frdelpino.es\/actualidad\/un-antidoto-frente-al-nacionalismo\/#primaryimage","url":"https:\/\/frdelpino.es\/actualidad\/wp-content\/uploads\/2019\/02\/AdobeStock_117305222-e1549469748450.jpeg","contentUrl":"https:\/\/frdelpino.es\/actualidad\/wp-content\/uploads\/2019\/02\/AdobeStock_117305222-e1549469748450.jpeg","width":1200,"height":800,"caption":"Woman's hand has a vial of poison, another hand opens. On black background. With copy space."},{"@type":"BreadcrumbList","@id":"https:\/\/frdelpino.es\/actualidad\/un-antidoto-frente-al-nacionalismo\/#breadcrumb","itemListElement":[{"@type":"ListItem","position":1,"name":"Portada","item":"https:\/\/frdelpino.es\/actualidad\/"},{"@type":"ListItem","position":2,"name":"Un ant\u00eddoto frente al nacionalismo"}]},{"@type":"WebSite","@id":"https:\/\/frdelpino.es\/actualidad\/#website","url":"https:\/\/frdelpino.es\/actualidad\/","name":"FRP Gaceta","description":"Una iniciativa de la Fundaci\u00f3n Rafael del Pino","potentialAction":[{"@type":"SearchAction","target":{"@type":"EntryPoint","urlTemplate":"https:\/\/frdelpino.es\/actualidad\/?s={search_term_string}"},"query-input":{"@type":"PropertyValueSpecification","valueRequired":true,"valueName":"search_term_string"}}],"inLanguage":"es"},{"@type":"Person","@id":"https:\/\/frdelpino.es\/actualidad\/#\/schema\/person\/ada1d98a172238d0ee8fe3efdbc0a8c1","name":"Emilio Gonz\u00e1lez","url":"https:\/\/frdelpino.es\/actualidad\/author\/emilio-gonzalez\/"}]}},"_links":{"self":[{"href":"https:\/\/frdelpino.es\/actualidad\/wp-json\/wp\/v2\/posts\/2270","targetHints":{"allow":["GET"]}}],"collection":[{"href":"https:\/\/frdelpino.es\/actualidad\/wp-json\/wp\/v2\/posts"}],"about":[{"href":"https:\/\/frdelpino.es\/actualidad\/wp-json\/wp\/v2\/types\/post"}],"author":[{"embeddable":true,"href":"https:\/\/frdelpino.es\/actualidad\/wp-json\/wp\/v2\/users\/7"}],"replies":[{"embeddable":true,"href":"https:\/\/frdelpino.es\/actualidad\/wp-json\/wp\/v2\/comments?post=2270"}],"version-history":[{"count":8,"href":"https:\/\/frdelpino.es\/actualidad\/wp-json\/wp\/v2\/posts\/2270\/revisions"}],"predecessor-version":[{"id":2300,"href":"https:\/\/frdelpino.es\/actualidad\/wp-json\/wp\/v2\/posts\/2270\/revisions\/2300"}],"wp:featuredmedia":[{"embeddable":true,"href":"https:\/\/frdelpino.es\/actualidad\/wp-json\/wp\/v2\/media\/2291"}],"wp:attachment":[{"href":"https:\/\/frdelpino.es\/actualidad\/wp-json\/wp\/v2\/media?parent=2270"}],"wp:term":[{"taxonomy":"category","embeddable":true,"href":"https:\/\/frdelpino.es\/actualidad\/wp-json\/wp\/v2\/categories?post=2270"},{"taxonomy":"post_tag","embeddable":true,"href":"https:\/\/frdelpino.es\/actualidad\/wp-json\/wp\/v2\/tags?post=2270"}],"curies":[{"name":"wp","href":"https:\/\/api.w.org\/{rel}","templated":true}]}}