{"id":2433,"date":"2019-05-23T13:26:45","date_gmt":"2019-05-23T11:26:45","guid":{"rendered":"https:\/\/frdelpino.es\/try\/actualidad\/?p=2433"},"modified":"2023-12-29T12:15:41","modified_gmt":"2023-12-29T10:15:41","slug":"tres-superpoderes-para-una-vida-prospera-y-feliz","status":"publish","type":"post","link":"https:\/\/frdelpino.es\/actualidad\/tres-superpoderes-para-una-vida-prospera-y-feliz\/","title":{"rendered":"Tres superpoderes para una vida pr\u00f3spera y feliz"},"content":{"rendered":"<p style=\"text-align: justify;\">\u00bfEs posible tener una vida m\u00e1s pr\u00f3spera y feliz? Seguramente, esta es la aspiraci\u00f3n de la inmensa mayor\u00eda de la gente. La cuesti\u00f3n es si es posible alcanzarla. Seg\u00fan Mario Alonso Puig, es posible hacerlo si cada persona moviliza los tres superpoderes que tiene para lograrlo.<\/p>\n<h2 style=\"text-align: justify;\">El camino de los superpoderes<\/h2>\n<p style=\"text-align: justify;\"><span style=\"color: #008080;\"><strong>Mario Alonso Puig<\/strong><\/span> sabe de lo que habla. Fellow en cirug\u00eda por la Harvard University Medical School y presidente del IE University Center for Health, pretende ayudar a que la gente mejore su nivel de salud f\u00edsica y mental, de prosperidad, de bienestar y de felicidad.<br \/>\nPara experimentar esa vivencia profunda de mejora es preciso contar con una serie de referencias que tengan sentido en nuestra vida. Pero tambi\u00e9n es importante pensar en los dem\u00e1s, abriendo la mente y el coraz\u00f3n. Este camino es como avanzar a trav\u00e9s de una cordillera. Creemos que es f\u00e1cil hacerlo. En realidad, empero, vamos avanzando poco a poco, con altibajos, hasta que algo estalla, bulle con intensidad. Eso nos permite alcanzar nuestra plenitud.<\/p>\n<p style=\"text-align: justify;\">Este es un camino que est\u00e1 basado en principios y valores. Esos principios, sin embargo, son contraintuitivos. Y la principal dificultad para aceptarlos es la resistencia que presentamos a algo ante lo que la raz\u00f3n nos dice que no tiene sentido, aunque, en realidad, lo tiene. Por eso, los principios son contraintuitivos.<\/p>\n<h2 style=\"text-align: justify;\">La brecha existencial<\/h2>\n<p style=\"text-align: justify;\">Hay un camino para cerrar la brecha entre quienes somos y quienes estamos llamados a ser. Esa brecha procede de nuestra visi\u00f3n limitada de las cosas, de nuestra obsesi\u00f3n por tener siempre la raz\u00f3n, de la desconexi\u00f3n de nuestro cuerpo con la naturaleza, de la falta de control sobre nuestra mente, del alejamiento de nuestra propia esencia. Cuando no cuidamos estas cosas, la salud, la prosperidad, el bienestar, las relaciones humanas se ven afectadas.<\/p>\n<p style=\"text-align: justify;\">Para hacer desaparecer esa brecha necesitamos inspiraci\u00f3n, tener un qu\u00e9 y un porqu\u00e9 que conmueva a la persona. Por eso, hay que ver cosas que nos inspiren, acercarnos a personas que nos inspiren. Esa inspiraci\u00f3n hay que encauzarla con una estrategia basada en la disciplina, el esfuerzo y la dedicaci\u00f3n.<\/p>\n<h2 style=\"text-align: justify;\">Cabeza, manos, coraz\u00f3n<\/h2>\n<p style=\"text-align: justify;\">Los tres superpoderes que tienen las personas para alcanzar una vida mejor proceden de tres dimensiones. La primera es el <strong>superpoder de la cabeza<\/strong>. La dimensi\u00f3n f\u00edsica es el enc\u00e9falo, en el que reside el mundo afectivo del ser humano. Es la sede de las pasiones, de las ganas de hacer las cosas. Necesitamos una estructura encef\u00e1lica que encauce esa pasi\u00f3n.<\/p>\n<p style=\"text-align: justify;\">Tambi\u00e9n nos hace falta el <strong>superpoder de las manos<\/strong>, que est\u00e1 en el tronco cerebral. Cuando se tiene una estrategia, pero no se sabe por d\u00f3nde empezar, hay que actuar como una linterna y empezar a buscar oportunidades.<\/p>\n<p style=\"text-align: justify;\">Despu\u00e9s est\u00e1 el <strong>superpoder del coraz\u00f3n<\/strong>, que es el cerebro emocional. Es el que nos ayuda a averiguar qu\u00e9 es lo que queremos realmente. Pero hay que ponerse a trabajar ese cerebro de una forma nueva. Para ello, hay que tener en cuenta que el enc\u00e9falo siempre se activa en todas sus partes cuando hacemos algo. Lo que hay que conseguir es que esas partes jueguen como si fueran un equipo bien coordinado.<\/p>\n<h2 style=\"text-align: justify;\">La salud<\/h2>\n<p style=\"text-align: justify;\">La salud es fundamental para mejorar la vida. Hay que cuidar lo que comemos y cambiar nuestros h\u00e1bitos, porque vivimos en un mundo en el que los estados prediab\u00e9ticos no paran de crecer. Eso afecta, por ejemplo, a las posibilidades de padecer alzh\u00e9imer. El ejercicio f\u00edsico, por su parte, aumenta el nivel de tres sustancias fundamentales para el cerebro. Este puede ser estimulado con la nutrici\u00f3n. En estados de ansiedad y de depresi\u00f3n se aprecia una inflamaci\u00f3n del cerebro. Esa inflamaci\u00f3n puede reducirse mediante la ingesta de nueces o de pescado azul. El ejercicio f\u00edsico aumenta el tama\u00f1o del hipocampo, que es clave para aprender, para negociar, para relacionar cosas. Tambi\u00e9n reduce el volumen de la am\u00edgdala, que es el centro que reacciona con ira o con miedo. Cuando una persona hace ejercicio, la grasa intraabdominal se libera y la consume el m\u00fasculo. Es un protector enorme frente a los factores inflamatorios. Si una persona experimenta estos beneficios, nadie tiene que volver a dec\u00edrselo.<\/p>\n<p style=\"text-align: justify;\">Espa\u00f1a es uno de los pa\u00edses con mejor calidad de vida. Esto se debe a la dieta mediterr\u00e1nea. En este sentido, es recomendable reducir dr\u00e1sticamente el consumo de az\u00facar, no solo el del caf\u00e9, porque hay mucho m\u00e1s az\u00facar si cabe en los alimentos procesados. Esta es una cuesti\u00f3n de resistencia a la insulina.<\/p>\n<h2 style=\"text-align: justify;\">El sue\u00f1o<\/h2>\n<p style=\"text-align: justify;\">En cuanto al sue\u00f1o, dormir es m\u00e1s importante que comer. El sue\u00f1o impide que se formen tumores. Desde esta perspectiva, es un error estar ante la pantalla del ordenador, del m\u00f3vil o de la tableta a partir de las nueve de la noche. Para dormir bien, tambi\u00e9n es recomendable tomar el sol, caminar por la acera soleada.<\/p>\n<p style=\"text-align: justify;\"><img loading=\"lazy\" decoding=\"async\" class=\"size-medium wp-image-2452 alignright\" src=\"https:\/\/frdelpino.es\/actualidad\/wp-content\/uploads\/2019\/05\/table-bench-chair-jungle-relax-sleeping-1408990-pxhere.com_-300x169.jpg\" alt=\"\" width=\"300\" height=\"169\" \/>El bienestar tiene que ver con la percepci\u00f3n y con la mente. Para Mario Alonso Puig, no hay un solo tonto en el planeta. Lo que hay son estados mentales en los que es imposible ser inteligente. Si una persona se siente en peligro, se siente juzgada, desarrolla mecanismos de ataque y defensa, que llevan la sangre a los m\u00fasculos y, por tanto, no va a la cabeza. Cuando una persona est\u00e1 quemada, se siente agotada, ap\u00e1tica. Para superar todo esto, hay una estrategia que funciona si se aplica. Se trata de pasar a la zona de renovaci\u00f3n y luego de m\u00e1ximo rendimiento.<\/p>\n<h2 style=\"text-align: justify;\">La clave de la felicidad<\/h2>\n<p style=\"text-align: justify;\">La felicidad no tiene que ver con el tener, tiene que ver con el ser. Es un puente a la trascendencia. Esta felicidad se trabaja con cordialidad, empat\u00eda y compasi\u00f3n. Tambi\u00e9n con aceptaci\u00f3n, lo que implica saber desprendernos de las cosas; disfrutarlas, pero no apegarnos a ellas; entender que el cambio es la ley que impera en la naturaleza y, por tanto, no resistirnos.<\/p>\n<p style=\"text-align: justify;\">La conexi\u00f3n con la naturaleza tambi\u00e9n es importante. Nos \u2018pasa\u2019 algo cuando damos un paseo por el bosque. Con la gratitud sucede algo parecido: el cuerpo funciona mejor cuando se practica. Gratitud es encontrar algo por lo que dar las gracias, en vez de dar las cosas por sentadas.<\/p>\n<p style=\"text-align: justify;\">El silencio es importante porque aporta apertura, transcendencia, prop\u00f3sito. Por eso es importante volver a momentos de recogimiento, de serenidad, de silencio.<\/p>\n<p style=\"text-align: right;\"><a href=\"https:\/\/frdelpino.es\/video\/tus-tres-superpoderes-para-lograr-una-vida-mas-sana-prospera-y-feliz\/\">Acceda a la conferencia completa<\/a><\/p>\n<h6 style=\"text-align: justify;\">\u201cLa Fundaci\u00f3n Rafael del Pino no se hace responsable de los comentarios, opiniones o manifestaciones realizados por las personas que participan en sus actividades y que son expresadas como resultado de su derecho inalienable a la libertad de expresi\u00f3n y bajo su entera responsabilidad. Los contenidos incluidos en el presente resumen, realizado para la Fundaci\u00f3n Rafael del Pino por Emilio J. Gonz\u00e1lez, son resultado de los debates mantenidos en el encuentro realizado al efecto en la Fundaci\u00f3n y son responsabilidad de sus autores.\u201d<\/h6>\n","protected":false},"excerpt":{"rendered":"<p>\u00bfEs posible tener una vida m\u00e1s pr\u00f3spera y feliz? Seguramente, esta es la aspiraci\u00f3n de la inmensa mayor\u00eda de la gente. La cuesti\u00f3n es si es posible alcanzarla. Seg\u00fan Mario Alonso Puig, es posible hacerlo si cada persona moviliza los tres superpoderes que tiene para lograrlo. El camino de los superpoderes Mario Alonso Puig sabe [&hellip;]<\/p>\n","protected":false},"author":7,"featured_media":2451,"comment_status":"closed","ping_status":"closed","sticky":false,"template":"","format":"standard","meta":{"_acf_changed":false,"footnotes":""},"categories":[1],"tags":[13,195,197,53,198,65,196,194],"class_list":{"0":"post-2433","1":"post","2":"type-post","3":"status-publish","4":"format-standard","5":"has-post-thumbnail","7":"category-sin-categoria","8":"tag-ciencia","9":"tag-dieta","10":"tag-felicidad","11":"tag-mario-alonso-puig","12":"tag-mente","13":"tag-salud","14":"tag-sueno","15":"tag-superpoderes"},"acf":[],"yoast_head":"<!-- This site is optimized with the Yoast SEO plugin v27.4 - https:\/\/yoast.com\/product\/yoast-seo-wordpress\/ -->\n<title>Tres superpoderes para una vida pr\u00f3spera y feliz - FRP Gaceta<\/title>\n<meta name=\"description\" content=\"Todo el mundo tiene tres superpoderes para alcanzar una vida mejor: el superpoder de la cabeza, el de las manos y el del coraz\u00f3n - FRP Gaceta\" \/>\n<meta name=\"robots\" content=\"index, follow, max-snippet:-1, max-image-preview:large, max-video-preview:-1\" \/>\n<link rel=\"canonical\" href=\"https:\/\/frdelpino.es\/actualidad\/tres-superpoderes-para-una-vida-prospera-y-feliz\/\" \/>\n<meta property=\"og:locale\" content=\"es_ES\" \/>\n<meta property=\"og:type\" content=\"article\" \/>\n<meta property=\"og:title\" content=\"Tres superpoderes para una vida pr\u00f3spera y feliz - FRP Gaceta\" \/>\n<meta property=\"og:description\" content=\"Todo el mundo tiene tres superpoderes para alcanzar una vida mejor: el superpoder de la cabeza, el de las manos y el del coraz\u00f3n - FRP Gaceta\" \/>\n<meta property=\"og:url\" content=\"https:\/\/frdelpino.es\/actualidad\/tres-superpoderes-para-una-vida-prospera-y-feliz\/\" \/>\n<meta property=\"og:site_name\" content=\"FRP Gaceta\" \/>\n<meta property=\"article:publisher\" content=\"https:\/\/www.facebook.com\/frdelpino\" \/>\n<meta property=\"article:published_time\" content=\"2019-05-23T11:26:45+00:00\" \/>\n<meta property=\"article:modified_time\" content=\"2023-12-29T10:15:41+00:00\" \/>\n<meta property=\"og:image\" content=\"https:\/\/frdelpino.es\/actualidad\/wp-content\/uploads\/2019\/05\/AdobeStock_216788188-e1558610298376.jpeg\" \/>\n\t<meta property=\"og:image:width\" content=\"1200\" \/>\n\t<meta property=\"og:image:height\" content=\"800\" \/>\n\t<meta property=\"og:image:type\" content=\"image\/jpeg\" \/>\n<meta name=\"author\" content=\"Emilio Gonz\u00e1lez\" \/>\n<meta name=\"twitter:card\" content=\"summary_large_image\" \/>\n<meta name=\"twitter:creator\" content=\"@frdelpino\" \/>\n<meta name=\"twitter:site\" content=\"@frdelpino\" \/>\n<meta name=\"twitter:label1\" content=\"Escrito por\" \/>\n\t<meta name=\"twitter:data1\" content=\"Emilio Gonz\u00e1lez\" \/>\n\t<meta name=\"twitter:label2\" content=\"Tiempo de lectura\" \/>\n\t<meta name=\"twitter:data2\" content=\"6 minutos\" \/>\n<script type=\"application\/ld+json\" class=\"yoast-schema-graph\">{\"@context\":\"https:\\\/\\\/schema.org\",\"@graph\":[{\"@type\":\"Article\",\"@id\":\"https:\\\/\\\/frdelpino.es\\\/actualidad\\\/tres-superpoderes-para-una-vida-prospera-y-feliz\\\/#article\",\"isPartOf\":{\"@id\":\"https:\\\/\\\/frdelpino.es\\\/actualidad\\\/tres-superpoderes-para-una-vida-prospera-y-feliz\\\/\"},\"author\":{\"name\":\"Emilio Gonz\u00e1lez\",\"@id\":\"https:\\\/\\\/frdelpino.es\\\/actualidad\\\/#\\\/schema\\\/person\\\/ada1d98a172238d0ee8fe3efdbc0a8c1\"},\"headline\":\"Tres superpoderes para una vida pr\u00f3spera y feliz\",\"datePublished\":\"2019-05-23T11:26:45+00:00\",\"dateModified\":\"2023-12-29T10:15:41+00:00\",\"mainEntityOfPage\":{\"@id\":\"https:\\\/\\\/frdelpino.es\\\/actualidad\\\/tres-superpoderes-para-una-vida-prospera-y-feliz\\\/\"},\"wordCount\":1220,\"image\":{\"@id\":\"https:\\\/\\\/frdelpino.es\\\/actualidad\\\/tres-superpoderes-para-una-vida-prospera-y-feliz\\\/#primaryimage\"},\"thumbnailUrl\":\"https:\\\/\\\/frdelpino.es\\\/actualidad\\\/wp-content\\\/uploads\\\/2019\\\/05\\\/AdobeStock_216788188-e1558610298376.jpeg\",\"keywords\":[\"ciencia\",\"dieta\",\"felicidad\",\"Mario Alonso Puig\",\"mente\",\"salud\",\"sue\u00f1o\",\"superpoderes\"],\"inLanguage\":\"es\"},{\"@type\":\"WebPage\",\"@id\":\"https:\\\/\\\/frdelpino.es\\\/actualidad\\\/tres-superpoderes-para-una-vida-prospera-y-feliz\\\/\",\"url\":\"https:\\\/\\\/frdelpino.es\\\/actualidad\\\/tres-superpoderes-para-una-vida-prospera-y-feliz\\\/\",\"name\":\"Tres superpoderes para una vida pr\u00f3spera y feliz - FRP Gaceta\",\"isPartOf\":{\"@id\":\"https:\\\/\\\/frdelpino.es\\\/actualidad\\\/#website\"},\"primaryImageOfPage\":{\"@id\":\"https:\\\/\\\/frdelpino.es\\\/actualidad\\\/tres-superpoderes-para-una-vida-prospera-y-feliz\\\/#primaryimage\"},\"image\":{\"@id\":\"https:\\\/\\\/frdelpino.es\\\/actualidad\\\/tres-superpoderes-para-una-vida-prospera-y-feliz\\\/#primaryimage\"},\"thumbnailUrl\":\"https:\\\/\\\/frdelpino.es\\\/actualidad\\\/wp-content\\\/uploads\\\/2019\\\/05\\\/AdobeStock_216788188-e1558610298376.jpeg\",\"datePublished\":\"2019-05-23T11:26:45+00:00\",\"dateModified\":\"2023-12-29T10:15:41+00:00\",\"author\":{\"@id\":\"https:\\\/\\\/frdelpino.es\\\/actualidad\\\/#\\\/schema\\\/person\\\/ada1d98a172238d0ee8fe3efdbc0a8c1\"},\"description\":\"Todo el mundo tiene tres superpoderes para alcanzar una vida mejor: el superpoder de la cabeza, el de las manos y el del coraz\u00f3n - FRP Gaceta\",\"breadcrumb\":{\"@id\":\"https:\\\/\\\/frdelpino.es\\\/actualidad\\\/tres-superpoderes-para-una-vida-prospera-y-feliz\\\/#breadcrumb\"},\"inLanguage\":\"es\",\"potentialAction\":[{\"@type\":\"ReadAction\",\"target\":[\"https:\\\/\\\/frdelpino.es\\\/actualidad\\\/tres-superpoderes-para-una-vida-prospera-y-feliz\\\/\"]}]},{\"@type\":\"ImageObject\",\"inLanguage\":\"es\",\"@id\":\"https:\\\/\\\/frdelpino.es\\\/actualidad\\\/tres-superpoderes-para-una-vida-prospera-y-feliz\\\/#primaryimage\",\"url\":\"https:\\\/\\\/frdelpino.es\\\/actualidad\\\/wp-content\\\/uploads\\\/2019\\\/05\\\/AdobeStock_216788188-e1558610298376.jpeg\",\"contentUrl\":\"https:\\\/\\\/frdelpino.es\\\/actualidad\\\/wp-content\\\/uploads\\\/2019\\\/05\\\/AdobeStock_216788188-e1558610298376.jpeg\",\"width\":1200,\"height\":800,\"caption\":\"Human heart on scientific background.3d illustration\"},{\"@type\":\"BreadcrumbList\",\"@id\":\"https:\\\/\\\/frdelpino.es\\\/actualidad\\\/tres-superpoderes-para-una-vida-prospera-y-feliz\\\/#breadcrumb\",\"itemListElement\":[{\"@type\":\"ListItem\",\"position\":1,\"name\":\"Portada\",\"item\":\"https:\\\/\\\/frdelpino.es\\\/actualidad\\\/\"},{\"@type\":\"ListItem\",\"position\":2,\"name\":\"Tres superpoderes para una vida pr\u00f3spera y feliz\"}]},{\"@type\":\"WebSite\",\"@id\":\"https:\\\/\\\/frdelpino.es\\\/actualidad\\\/#website\",\"url\":\"https:\\\/\\\/frdelpino.es\\\/actualidad\\\/\",\"name\":\"FRP Gaceta\",\"description\":\"Una iniciativa de la Fundaci\u00f3n Rafael del Pino\",\"potentialAction\":[{\"@type\":\"SearchAction\",\"target\":{\"@type\":\"EntryPoint\",\"urlTemplate\":\"https:\\\/\\\/frdelpino.es\\\/actualidad\\\/?s={search_term_string}\"},\"query-input\":{\"@type\":\"PropertyValueSpecification\",\"valueRequired\":true,\"valueName\":\"search_term_string\"}}],\"inLanguage\":\"es\"},{\"@type\":\"Person\",\"@id\":\"https:\\\/\\\/frdelpino.es\\\/actualidad\\\/#\\\/schema\\\/person\\\/ada1d98a172238d0ee8fe3efdbc0a8c1\",\"name\":\"Emilio Gonz\u00e1lez\",\"url\":\"https:\\\/\\\/frdelpino.es\\\/actualidad\\\/author\\\/emilio-gonzalez\\\/\"}]}<\/script>\n<!-- \/ Yoast SEO plugin. -->","yoast_head_json":{"title":"Tres superpoderes para una vida pr\u00f3spera y feliz - FRP Gaceta","description":"Todo el mundo tiene tres superpoderes para alcanzar una vida mejor: el superpoder de la cabeza, el de las manos y el del coraz\u00f3n - FRP Gaceta","robots":{"index":"index","follow":"follow","max-snippet":"max-snippet:-1","max-image-preview":"max-image-preview:large","max-video-preview":"max-video-preview:-1"},"canonical":"https:\/\/frdelpino.es\/actualidad\/tres-superpoderes-para-una-vida-prospera-y-feliz\/","og_locale":"es_ES","og_type":"article","og_title":"Tres superpoderes para una vida pr\u00f3spera y feliz - FRP Gaceta","og_description":"Todo el mundo tiene tres superpoderes para alcanzar una vida mejor: el superpoder de la cabeza, el de las manos y el del coraz\u00f3n - FRP Gaceta","og_url":"https:\/\/frdelpino.es\/actualidad\/tres-superpoderes-para-una-vida-prospera-y-feliz\/","og_site_name":"FRP Gaceta","article_publisher":"https:\/\/www.facebook.com\/frdelpino","article_published_time":"2019-05-23T11:26:45+00:00","article_modified_time":"2023-12-29T10:15:41+00:00","og_image":[{"width":1200,"height":800,"url":"https:\/\/frdelpino.es\/actualidad\/wp-content\/uploads\/2019\/05\/AdobeStock_216788188-e1558610298376.jpeg","type":"image\/jpeg"}],"author":"Emilio Gonz\u00e1lez","twitter_card":"summary_large_image","twitter_creator":"@frdelpino","twitter_site":"@frdelpino","twitter_misc":{"Escrito por":"Emilio Gonz\u00e1lez","Tiempo de lectura":"6 minutos"},"schema":{"@context":"https:\/\/schema.org","@graph":[{"@type":"Article","@id":"https:\/\/frdelpino.es\/actualidad\/tres-superpoderes-para-una-vida-prospera-y-feliz\/#article","isPartOf":{"@id":"https:\/\/frdelpino.es\/actualidad\/tres-superpoderes-para-una-vida-prospera-y-feliz\/"},"author":{"name":"Emilio Gonz\u00e1lez","@id":"https:\/\/frdelpino.es\/actualidad\/#\/schema\/person\/ada1d98a172238d0ee8fe3efdbc0a8c1"},"headline":"Tres superpoderes para una vida pr\u00f3spera y feliz","datePublished":"2019-05-23T11:26:45+00:00","dateModified":"2023-12-29T10:15:41+00:00","mainEntityOfPage":{"@id":"https:\/\/frdelpino.es\/actualidad\/tres-superpoderes-para-una-vida-prospera-y-feliz\/"},"wordCount":1220,"image":{"@id":"https:\/\/frdelpino.es\/actualidad\/tres-superpoderes-para-una-vida-prospera-y-feliz\/#primaryimage"},"thumbnailUrl":"https:\/\/frdelpino.es\/actualidad\/wp-content\/uploads\/2019\/05\/AdobeStock_216788188-e1558610298376.jpeg","keywords":["ciencia","dieta","felicidad","Mario Alonso Puig","mente","salud","sue\u00f1o","superpoderes"],"inLanguage":"es"},{"@type":"WebPage","@id":"https:\/\/frdelpino.es\/actualidad\/tres-superpoderes-para-una-vida-prospera-y-feliz\/","url":"https:\/\/frdelpino.es\/actualidad\/tres-superpoderes-para-una-vida-prospera-y-feliz\/","name":"Tres superpoderes para una vida pr\u00f3spera y feliz - FRP Gaceta","isPartOf":{"@id":"https:\/\/frdelpino.es\/actualidad\/#website"},"primaryImageOfPage":{"@id":"https:\/\/frdelpino.es\/actualidad\/tres-superpoderes-para-una-vida-prospera-y-feliz\/#primaryimage"},"image":{"@id":"https:\/\/frdelpino.es\/actualidad\/tres-superpoderes-para-una-vida-prospera-y-feliz\/#primaryimage"},"thumbnailUrl":"https:\/\/frdelpino.es\/actualidad\/wp-content\/uploads\/2019\/05\/AdobeStock_216788188-e1558610298376.jpeg","datePublished":"2019-05-23T11:26:45+00:00","dateModified":"2023-12-29T10:15:41+00:00","author":{"@id":"https:\/\/frdelpino.es\/actualidad\/#\/schema\/person\/ada1d98a172238d0ee8fe3efdbc0a8c1"},"description":"Todo el mundo tiene tres superpoderes para alcanzar una vida mejor: el superpoder de la cabeza, el de las manos y el del coraz\u00f3n - FRP Gaceta","breadcrumb":{"@id":"https:\/\/frdelpino.es\/actualidad\/tres-superpoderes-para-una-vida-prospera-y-feliz\/#breadcrumb"},"inLanguage":"es","potentialAction":[{"@type":"ReadAction","target":["https:\/\/frdelpino.es\/actualidad\/tres-superpoderes-para-una-vida-prospera-y-feliz\/"]}]},{"@type":"ImageObject","inLanguage":"es","@id":"https:\/\/frdelpino.es\/actualidad\/tres-superpoderes-para-una-vida-prospera-y-feliz\/#primaryimage","url":"https:\/\/frdelpino.es\/actualidad\/wp-content\/uploads\/2019\/05\/AdobeStock_216788188-e1558610298376.jpeg","contentUrl":"https:\/\/frdelpino.es\/actualidad\/wp-content\/uploads\/2019\/05\/AdobeStock_216788188-e1558610298376.jpeg","width":1200,"height":800,"caption":"Human heart on scientific background.3d illustration"},{"@type":"BreadcrumbList","@id":"https:\/\/frdelpino.es\/actualidad\/tres-superpoderes-para-una-vida-prospera-y-feliz\/#breadcrumb","itemListElement":[{"@type":"ListItem","position":1,"name":"Portada","item":"https:\/\/frdelpino.es\/actualidad\/"},{"@type":"ListItem","position":2,"name":"Tres superpoderes para una vida pr\u00f3spera y feliz"}]},{"@type":"WebSite","@id":"https:\/\/frdelpino.es\/actualidad\/#website","url":"https:\/\/frdelpino.es\/actualidad\/","name":"FRP Gaceta","description":"Una iniciativa de la Fundaci\u00f3n Rafael del Pino","potentialAction":[{"@type":"SearchAction","target":{"@type":"EntryPoint","urlTemplate":"https:\/\/frdelpino.es\/actualidad\/?s={search_term_string}"},"query-input":{"@type":"PropertyValueSpecification","valueRequired":true,"valueName":"search_term_string"}}],"inLanguage":"es"},{"@type":"Person","@id":"https:\/\/frdelpino.es\/actualidad\/#\/schema\/person\/ada1d98a172238d0ee8fe3efdbc0a8c1","name":"Emilio Gonz\u00e1lez","url":"https:\/\/frdelpino.es\/actualidad\/author\/emilio-gonzalez\/"}]}},"_links":{"self":[{"href":"https:\/\/frdelpino.es\/actualidad\/wp-json\/wp\/v2\/posts\/2433","targetHints":{"allow":["GET"]}}],"collection":[{"href":"https:\/\/frdelpino.es\/actualidad\/wp-json\/wp\/v2\/posts"}],"about":[{"href":"https:\/\/frdelpino.es\/actualidad\/wp-json\/wp\/v2\/types\/post"}],"author":[{"embeddable":true,"href":"https:\/\/frdelpino.es\/actualidad\/wp-json\/wp\/v2\/users\/7"}],"replies":[{"embeddable":true,"href":"https:\/\/frdelpino.es\/actualidad\/wp-json\/wp\/v2\/comments?post=2433"}],"version-history":[{"count":3,"href":"https:\/\/frdelpino.es\/actualidad\/wp-json\/wp\/v2\/posts\/2433\/revisions"}],"predecessor-version":[{"id":2453,"href":"https:\/\/frdelpino.es\/actualidad\/wp-json\/wp\/v2\/posts\/2433\/revisions\/2453"}],"wp:featuredmedia":[{"embeddable":true,"href":"https:\/\/frdelpino.es\/actualidad\/wp-json\/wp\/v2\/media\/2451"}],"wp:attachment":[{"href":"https:\/\/frdelpino.es\/actualidad\/wp-json\/wp\/v2\/media?parent=2433"}],"wp:term":[{"taxonomy":"category","embeddable":true,"href":"https:\/\/frdelpino.es\/actualidad\/wp-json\/wp\/v2\/categories?post=2433"},{"taxonomy":"post_tag","embeddable":true,"href":"https:\/\/frdelpino.es\/actualidad\/wp-json\/wp\/v2\/tags?post=2433"}],"curies":[{"name":"wp","href":"https:\/\/api.w.org\/{rel}","templated":true}]}}