{"id":3510,"date":"2020-10-23T12:10:35","date_gmt":"2020-10-23T10:10:35","guid":{"rendered":"https:\/\/frdelpino.es\/try\/actualidad\/?p=3510"},"modified":"2023-12-29T12:18:03","modified_gmt":"2023-12-29T10:18:03","slug":"el-estado-de-derecho-en-peligro","status":"publish","type":"post","link":"https:\/\/frdelpino.es\/actualidad\/el-estado-de-derecho-en-peligro\/","title":{"rendered":"\u00bfEl estado de derecho en peligro?"},"content":{"rendered":"<div id=\"meta\" class=\"style-scope ytd-watch-flexy\">\n<div id=\"meta-contents\" class=\"style-scope ytd-watch-flexy\">\n<div id=\"container\" class=\"style-scope ytd-video-secondary-info-renderer\">\n<div id=\"content\" class=\"style-scope ytd-expander\">\n<div id=\"description\" class=\"style-scope ytd-video-secondary-info-renderer\" style=\"text-align: justify;\"><span style=\"color: #008080;\"><strong>Elisa de la Nuez S\u00e1nchez-Cascado<\/strong><\/span> es licenciada en Derecho por la Universidad Complutense de Madrid (1980-1985). Accedi\u00f3 al Cuerpo de Abogados del Estado en el a\u00f1o 1988. Es Secretaria General de la Fundaci\u00f3n Hay Derecho, dedicada a la defensa del Estado de Derecho, la lucha contra la corrupci\u00f3n y la regeneraci\u00f3n institucional. Ha desempe\u00f1ado distintos cargos en el sector p\u00fablico y en el sector privado ha sido secretaria del Consejo de varias empresas. Ha sido socia fundadora de la empresa de consultor\u00eda Iclaves. En la actualidad compagina su trabajo en la Abogac\u00eda del Estado (Audiencia Nacional) con su trabajo como \u201cof counsel\u201d del despacho de abogados GC Legal. Es abogada del Estado en excedencia y desarrolla una amplia labor como articulista en dicho peri\u00f3dico y en otros medios, particularmente en el blog Hay Derecho. En el \u00e1rea docente ha colaborado en centros como ICADE, la Universidad Complutense de Madrid, la Universidad San Pablo-CEU, el Instituto de Estudios Fiscales o ESADE. Ha publicado numerosas colaboraciones en revistas especializadas, de pensamiento y art\u00edculos period\u00edsticos. Es coeditora del blog \u00bfHay derecho? y del libro del mismo nombre editado por Pen\u00ednsula junto con otros coautores bajo el pseud\u00f3nimo colectivo \u201cSans\u00f3n Carrasco\u201d as\u00ed como del libro \u201cContra el capitalismo clientelar\u201d tambi\u00e9n publicado en la editorial Pen\u00ednsula.<\/div>\n<\/div>\n<div id=\"collapsible\" class=\"style-scope ytd-metadata-row-container-renderer\"><\/div>\n<\/div>\n<\/div>\n<\/div>\n<div id=\"ticket-shelf\" class=\"style-scope ytd-watch-flexy\"><\/div>\n<div id=\"merch-shelf\" class=\"style-scope ytd-watch-flexy\"><\/div>\n<div id=\"header\" class=\"style-scope ytd-item-section-renderer\">\n<div id=\"title\" class=\"style-scope ytd-comments-header-renderer\"><\/div>\n<\/div>\n","protected":false},"excerpt":{"rendered":"<p>Elisa de la Nuez S\u00e1nchez-Cascado es licenciada en Derecho por la Universidad Complutense de Madrid (1980-1985). Accedi\u00f3 al Cuerpo de Abogados del Estado en el a\u00f1o 1988. Es Secretaria General de la Fundaci\u00f3n Hay Derecho, dedicada a la defensa del Estado de Derecho, la lucha contra la corrupci\u00f3n y la regeneraci\u00f3n institucional. Ha desempe\u00f1ado distintos [&hellip;]<\/p>\n","protected":false},"author":5,"featured_media":3512,"comment_status":"closed","ping_status":"closed","sticky":false,"template":"","format":"video","meta":{"_acf_changed":false,"footnotes":""},"categories":[6],"tags":[],"class_list":{"0":"post-3510","1":"post","2":"type-post","3":"status-publish","4":"format-video","5":"has-post-thumbnail","7":"category-protagonistas","8":"post_format-post-format-video"},"acf":[],"yoast_head":"<!-- This site is optimized with the Yoast SEO plugin v27.4 - https:\/\/yoast.com\/product\/yoast-seo-wordpress\/ -->\n<title>\u00bfEl estado de derecho en peligro? - FRP Gaceta<\/title>\n<meta name=\"robots\" content=\"index, follow, max-snippet:-1, max-image-preview:large, max-video-preview:-1\" \/>\n<link rel=\"canonical\" href=\"https:\/\/frdelpino.es\/actualidad\/el-estado-de-derecho-en-peligro\/\" \/>\n<meta property=\"og:locale\" content=\"es_ES\" \/>\n<meta property=\"og:type\" content=\"article\" \/>\n<meta property=\"og:title\" content=\"\u00bfEl estado de derecho en peligro? - FRP Gaceta\" \/>\n<meta property=\"og:description\" content=\"Elisa de la Nuez S\u00e1nchez-Cascado es licenciada en Derecho por la Universidad Complutense de Madrid (1980-1985). Accedi\u00f3 al Cuerpo de Abogados del Estado en el a\u00f1o 1988. Es Secretaria General de la Fundaci\u00f3n Hay Derecho, dedicada a la defensa del Estado de Derecho, la lucha contra la corrupci\u00f3n y la regeneraci\u00f3n institucional. Ha desempe\u00f1ado distintos [&hellip;]\" \/>\n<meta property=\"og:url\" content=\"https:\/\/frdelpino.es\/actualidad\/el-estado-de-derecho-en-peligro\/\" \/>\n<meta property=\"og:site_name\" content=\"FRP Gaceta\" \/>\n<meta property=\"article:publisher\" content=\"https:\/\/www.facebook.com\/frdelpino\" \/>\n<meta property=\"article:published_time\" content=\"2020-10-23T10:10:35+00:00\" \/>\n<meta property=\"article:modified_time\" content=\"2023-12-29T10:18:03+00:00\" \/>\n<meta property=\"og:image\" content=\"https:\/\/frdelpino.es\/actualidad\/wp-content\/uploads\/2020\/10\/maxresdefault.jpg\" \/>\n\t<meta property=\"og:image:width\" content=\"1280\" \/>\n\t<meta property=\"og:image:height\" content=\"720\" \/>\n\t<meta property=\"og:image:type\" content=\"image\/jpeg\" \/>\n<meta name=\"author\" content=\"Carlota Taboada\" \/>\n<meta name=\"twitter:card\" content=\"summary_large_image\" \/>\n<meta name=\"twitter:creator\" content=\"@frdelpino\" \/>\n<meta name=\"twitter:site\" content=\"@frdelpino\" \/>\n<meta name=\"twitter:label1\" content=\"Escrito por\" \/>\n\t<meta name=\"twitter:data1\" content=\"Carlota Taboada\" \/>\n\t<meta name=\"twitter:label2\" content=\"Tiempo de lectura\" \/>\n\t<meta name=\"twitter:data2\" content=\"1 minuto\" \/>\n<script type=\"application\/ld+json\" class=\"yoast-schema-graph\">{\"@context\":\"https:\\\/\\\/schema.org\",\"@graph\":[{\"@type\":\"Article\",\"@id\":\"https:\\\/\\\/frdelpino.es\\\/actualidad\\\/el-estado-de-derecho-en-peligro\\\/#article\",\"isPartOf\":{\"@id\":\"https:\\\/\\\/frdelpino.es\\\/actualidad\\\/el-estado-de-derecho-en-peligro\\\/\"},\"author\":{\"name\":\"Carlota Taboada\",\"@id\":\"https:\\\/\\\/frdelpino.es\\\/actualidad\\\/#\\\/schema\\\/person\\\/5b3e77df61158f3160fedebdf5407d86\"},\"headline\":\"\u00bfEl estado de derecho en peligro?\",\"datePublished\":\"2020-10-23T10:10:35+00:00\",\"dateModified\":\"2023-12-29T10:18:03+00:00\",\"mainEntityOfPage\":{\"@id\":\"https:\\\/\\\/frdelpino.es\\\/actualidad\\\/el-estado-de-derecho-en-peligro\\\/\"},\"wordCount\":233,\"image\":{\"@id\":\"https:\\\/\\\/frdelpino.es\\\/actualidad\\\/el-estado-de-derecho-en-peligro\\\/#primaryimage\"},\"thumbnailUrl\":\"https:\\\/\\\/frdelpino.es\\\/actualidad\\\/wp-content\\\/uploads\\\/2020\\\/10\\\/maxresdefault.jpg\",\"articleSection\":[\"Protagonistas\"],\"inLanguage\":\"es\"},{\"@type\":\"WebPage\",\"@id\":\"https:\\\/\\\/frdelpino.es\\\/actualidad\\\/el-estado-de-derecho-en-peligro\\\/\",\"url\":\"https:\\\/\\\/frdelpino.es\\\/actualidad\\\/el-estado-de-derecho-en-peligro\\\/\",\"name\":\"\u00bfEl estado de derecho en peligro? - FRP Gaceta\",\"isPartOf\":{\"@id\":\"https:\\\/\\\/frdelpino.es\\\/actualidad\\\/#website\"},\"primaryImageOfPage\":{\"@id\":\"https:\\\/\\\/frdelpino.es\\\/actualidad\\\/el-estado-de-derecho-en-peligro\\\/#primaryimage\"},\"image\":{\"@id\":\"https:\\\/\\\/frdelpino.es\\\/actualidad\\\/el-estado-de-derecho-en-peligro\\\/#primaryimage\"},\"thumbnailUrl\":\"https:\\\/\\\/frdelpino.es\\\/actualidad\\\/wp-content\\\/uploads\\\/2020\\\/10\\\/maxresdefault.jpg\",\"datePublished\":\"2020-10-23T10:10:35+00:00\",\"dateModified\":\"2023-12-29T10:18:03+00:00\",\"author\":{\"@id\":\"https:\\\/\\\/frdelpino.es\\\/actualidad\\\/#\\\/schema\\\/person\\\/5b3e77df61158f3160fedebdf5407d86\"},\"breadcrumb\":{\"@id\":\"https:\\\/\\\/frdelpino.es\\\/actualidad\\\/el-estado-de-derecho-en-peligro\\\/#breadcrumb\"},\"inLanguage\":\"es\",\"potentialAction\":[{\"@type\":\"ReadAction\",\"target\":[\"https:\\\/\\\/frdelpino.es\\\/actualidad\\\/el-estado-de-derecho-en-peligro\\\/\"]}]},{\"@type\":\"ImageObject\",\"inLanguage\":\"es\",\"@id\":\"https:\\\/\\\/frdelpino.es\\\/actualidad\\\/el-estado-de-derecho-en-peligro\\\/#primaryimage\",\"url\":\"https:\\\/\\\/frdelpino.es\\\/actualidad\\\/wp-content\\\/uploads\\\/2020\\\/10\\\/maxresdefault.jpg\",\"contentUrl\":\"https:\\\/\\\/frdelpino.es\\\/actualidad\\\/wp-content\\\/uploads\\\/2020\\\/10\\\/maxresdefault.jpg\",\"width\":1280,\"height\":720},{\"@type\":\"BreadcrumbList\",\"@id\":\"https:\\\/\\\/frdelpino.es\\\/actualidad\\\/el-estado-de-derecho-en-peligro\\\/#breadcrumb\",\"itemListElement\":[{\"@type\":\"ListItem\",\"position\":1,\"name\":\"Portada\",\"item\":\"https:\\\/\\\/frdelpino.es\\\/actualidad\\\/\"},{\"@type\":\"ListItem\",\"position\":2,\"name\":\"\u00bfEl estado de derecho en peligro?\"}]},{\"@type\":\"WebSite\",\"@id\":\"https:\\\/\\\/frdelpino.es\\\/actualidad\\\/#website\",\"url\":\"https:\\\/\\\/frdelpino.es\\\/actualidad\\\/\",\"name\":\"FRP Gaceta\",\"description\":\"Una iniciativa de la Fundaci\u00f3n Rafael del Pino\",\"potentialAction\":[{\"@type\":\"SearchAction\",\"target\":{\"@type\":\"EntryPoint\",\"urlTemplate\":\"https:\\\/\\\/frdelpino.es\\\/actualidad\\\/?s={search_term_string}\"},\"query-input\":{\"@type\":\"PropertyValueSpecification\",\"valueRequired\":true,\"valueName\":\"search_term_string\"}}],\"inLanguage\":\"es\"},{\"@type\":\"Person\",\"@id\":\"https:\\\/\\\/frdelpino.es\\\/actualidad\\\/#\\\/schema\\\/person\\\/5b3e77df61158f3160fedebdf5407d86\",\"name\":\"Carlota Taboada\",\"url\":\"https:\\\/\\\/frdelpino.es\\\/actualidad\\\/author\\\/ctaboada\\\/\"}]}<\/script>\n<!-- \/ Yoast SEO plugin. -->","yoast_head_json":{"title":"\u00bfEl estado de derecho en peligro? - FRP Gaceta","robots":{"index":"index","follow":"follow","max-snippet":"max-snippet:-1","max-image-preview":"max-image-preview:large","max-video-preview":"max-video-preview:-1"},"canonical":"https:\/\/frdelpino.es\/actualidad\/el-estado-de-derecho-en-peligro\/","og_locale":"es_ES","og_type":"article","og_title":"\u00bfEl estado de derecho en peligro? - FRP Gaceta","og_description":"Elisa de la Nuez S\u00e1nchez-Cascado es licenciada en Derecho por la Universidad Complutense de Madrid (1980-1985). Accedi\u00f3 al Cuerpo de Abogados del Estado en el a\u00f1o 1988. Es Secretaria General de la Fundaci\u00f3n Hay Derecho, dedicada a la defensa del Estado de Derecho, la lucha contra la corrupci\u00f3n y la regeneraci\u00f3n institucional. Ha desempe\u00f1ado distintos [&hellip;]","og_url":"https:\/\/frdelpino.es\/actualidad\/el-estado-de-derecho-en-peligro\/","og_site_name":"FRP Gaceta","article_publisher":"https:\/\/www.facebook.com\/frdelpino","article_published_time":"2020-10-23T10:10:35+00:00","article_modified_time":"2023-12-29T10:18:03+00:00","og_image":[{"width":1280,"height":720,"url":"https:\/\/frdelpino.es\/actualidad\/wp-content\/uploads\/2020\/10\/maxresdefault.jpg","type":"image\/jpeg"}],"author":"Carlota Taboada","twitter_card":"summary_large_image","twitter_creator":"@frdelpino","twitter_site":"@frdelpino","twitter_misc":{"Escrito por":"Carlota Taboada","Tiempo de lectura":"1 minuto"},"schema":{"@context":"https:\/\/schema.org","@graph":[{"@type":"Article","@id":"https:\/\/frdelpino.es\/actualidad\/el-estado-de-derecho-en-peligro\/#article","isPartOf":{"@id":"https:\/\/frdelpino.es\/actualidad\/el-estado-de-derecho-en-peligro\/"},"author":{"name":"Carlota Taboada","@id":"https:\/\/frdelpino.es\/actualidad\/#\/schema\/person\/5b3e77df61158f3160fedebdf5407d86"},"headline":"\u00bfEl estado de derecho en peligro?","datePublished":"2020-10-23T10:10:35+00:00","dateModified":"2023-12-29T10:18:03+00:00","mainEntityOfPage":{"@id":"https:\/\/frdelpino.es\/actualidad\/el-estado-de-derecho-en-peligro\/"},"wordCount":233,"image":{"@id":"https:\/\/frdelpino.es\/actualidad\/el-estado-de-derecho-en-peligro\/#primaryimage"},"thumbnailUrl":"https:\/\/frdelpino.es\/actualidad\/wp-content\/uploads\/2020\/10\/maxresdefault.jpg","articleSection":["Protagonistas"],"inLanguage":"es"},{"@type":"WebPage","@id":"https:\/\/frdelpino.es\/actualidad\/el-estado-de-derecho-en-peligro\/","url":"https:\/\/frdelpino.es\/actualidad\/el-estado-de-derecho-en-peligro\/","name":"\u00bfEl estado de derecho en peligro? - FRP Gaceta","isPartOf":{"@id":"https:\/\/frdelpino.es\/actualidad\/#website"},"primaryImageOfPage":{"@id":"https:\/\/frdelpino.es\/actualidad\/el-estado-de-derecho-en-peligro\/#primaryimage"},"image":{"@id":"https:\/\/frdelpino.es\/actualidad\/el-estado-de-derecho-en-peligro\/#primaryimage"},"thumbnailUrl":"https:\/\/frdelpino.es\/actualidad\/wp-content\/uploads\/2020\/10\/maxresdefault.jpg","datePublished":"2020-10-23T10:10:35+00:00","dateModified":"2023-12-29T10:18:03+00:00","author":{"@id":"https:\/\/frdelpino.es\/actualidad\/#\/schema\/person\/5b3e77df61158f3160fedebdf5407d86"},"breadcrumb":{"@id":"https:\/\/frdelpino.es\/actualidad\/el-estado-de-derecho-en-peligro\/#breadcrumb"},"inLanguage":"es","potentialAction":[{"@type":"ReadAction","target":["https:\/\/frdelpino.es\/actualidad\/el-estado-de-derecho-en-peligro\/"]}]},{"@type":"ImageObject","inLanguage":"es","@id":"https:\/\/frdelpino.es\/actualidad\/el-estado-de-derecho-en-peligro\/#primaryimage","url":"https:\/\/frdelpino.es\/actualidad\/wp-content\/uploads\/2020\/10\/maxresdefault.jpg","contentUrl":"https:\/\/frdelpino.es\/actualidad\/wp-content\/uploads\/2020\/10\/maxresdefault.jpg","width":1280,"height":720},{"@type":"BreadcrumbList","@id":"https:\/\/frdelpino.es\/actualidad\/el-estado-de-derecho-en-peligro\/#breadcrumb","itemListElement":[{"@type":"ListItem","position":1,"name":"Portada","item":"https:\/\/frdelpino.es\/actualidad\/"},{"@type":"ListItem","position":2,"name":"\u00bfEl estado de derecho en peligro?"}]},{"@type":"WebSite","@id":"https:\/\/frdelpino.es\/actualidad\/#website","url":"https:\/\/frdelpino.es\/actualidad\/","name":"FRP Gaceta","description":"Una iniciativa de la Fundaci\u00f3n Rafael del Pino","potentialAction":[{"@type":"SearchAction","target":{"@type":"EntryPoint","urlTemplate":"https:\/\/frdelpino.es\/actualidad\/?s={search_term_string}"},"query-input":{"@type":"PropertyValueSpecification","valueRequired":true,"valueName":"search_term_string"}}],"inLanguage":"es"},{"@type":"Person","@id":"https:\/\/frdelpino.es\/actualidad\/#\/schema\/person\/5b3e77df61158f3160fedebdf5407d86","name":"Carlota Taboada","url":"https:\/\/frdelpino.es\/actualidad\/author\/ctaboada\/"}]}},"_links":{"self":[{"href":"https:\/\/frdelpino.es\/actualidad\/wp-json\/wp\/v2\/posts\/3510","targetHints":{"allow":["GET"]}}],"collection":[{"href":"https:\/\/frdelpino.es\/actualidad\/wp-json\/wp\/v2\/posts"}],"about":[{"href":"https:\/\/frdelpino.es\/actualidad\/wp-json\/wp\/v2\/types\/post"}],"author":[{"embeddable":true,"href":"https:\/\/frdelpino.es\/actualidad\/wp-json\/wp\/v2\/users\/5"}],"replies":[{"embeddable":true,"href":"https:\/\/frdelpino.es\/actualidad\/wp-json\/wp\/v2\/comments?post=3510"}],"version-history":[{"count":1,"href":"https:\/\/frdelpino.es\/actualidad\/wp-json\/wp\/v2\/posts\/3510\/revisions"}],"predecessor-version":[{"id":3511,"href":"https:\/\/frdelpino.es\/actualidad\/wp-json\/wp\/v2\/posts\/3510\/revisions\/3511"}],"wp:featuredmedia":[{"embeddable":true,"href":"https:\/\/frdelpino.es\/actualidad\/wp-json\/wp\/v2\/media\/3512"}],"wp:attachment":[{"href":"https:\/\/frdelpino.es\/actualidad\/wp-json\/wp\/v2\/media?parent=3510"}],"wp:term":[{"taxonomy":"category","embeddable":true,"href":"https:\/\/frdelpino.es\/actualidad\/wp-json\/wp\/v2\/categories?post=3510"},{"taxonomy":"post_tag","embeddable":true,"href":"https:\/\/frdelpino.es\/actualidad\/wp-json\/wp\/v2\/tags?post=3510"}],"curies":[{"name":"wp","href":"https:\/\/api.w.org\/{rel}","templated":true}]}}