{"id":3577,"date":"2020-11-10T14:38:48","date_gmt":"2020-11-10T12:38:48","guid":{"rendered":"https:\/\/frdelpino.es\/try\/actualidad\/?p=3577"},"modified":"2023-12-29T12:18:00","modified_gmt":"2023-12-29T10:18:00","slug":"era-disrupcion-digital","status":"publish","type":"post","link":"https:\/\/frdelpino.es\/actualidad\/era-disrupcion-digital\/","title":{"rendered":"La era de la disrupci\u00f3n digital"},"content":{"rendered":"<div id=\"meta\" class=\"style-scope ytd-watch-flexy\">\n<div id=\"meta-contents\" class=\"style-scope ytd-watch-flexy\">\n<div id=\"container\" class=\"style-scope ytd-video-secondary-info-renderer\">\n<div id=\"content\" class=\"style-scope ytd-expander\">\n<div id=\"description\" class=\"style-scope ytd-video-secondary-info-renderer\" style=\"text-align: justify;\">\n<p><span style=\"color: #008080;\"><strong>Rafael Dom\u00e9nech<\/strong><\/span> es Responsable de An\u00e1lisis Econ\u00f3mico de BBVA Research y Catedr\u00e1tico de Fundamentos del An\u00e1lisis Econ\u00f3mico de la Universidad de Valencia. Es MSc in Economics por la LSE y Doctor en Econom\u00eda por la Universidad de Valencia. Ha sido Director General en la Oficina Econ\u00f3mica del Presidente del Gobierno, director del Instituto de Econom\u00eda Internacional, miembro de la Junta Consultiva de la Universidad de Valencia e investigador colaborador de la OCDE, Comisi\u00f3n Europea, Ministerio de Econom\u00eda y Hacienda y de la Fundaci\u00f3n Rafael del Pino. Ponente del Plan Estad\u00edstico Nacional 2013-2016. Ha sido tambi\u00e9n miembro del Comit\u00e9 de Expertos sobre el Factor de Sostenibilidad del Sistema P\u00fablico de Pensiones y es Miembro de Honor de la Asociaci\u00f3n Espa\u00f1ola de Econom\u00eda. Ha publicado numerosos art\u00edculos en revistas cient\u00edficas de reconocido prestigio nacional e internacional (entre otras, Journal of the European Economic Association, American Economic Review, The Economic Journal o European Economic Review), sobre crecimiento, capital humano, ciclos econ\u00f3micos y pol\u00edticas monetarias y fiscales. Es autor de los libros The Spanish Economy: A General Equilibrium Perspective, editado por Palgrave MacMillan, y En Busca de la Prosperidad y La Era de la Disrupci\u00f3n Digital, editados por Deusto.<\/p>\n<\/div>\n<\/div>\n<\/div>\n<\/div>\n<\/div>\n","protected":false},"excerpt":{"rendered":"<p>Rafael Dom\u00e9nech es Responsable de An\u00e1lisis Econ\u00f3mico de BBVA Research y Catedr\u00e1tico de Fundamentos del An\u00e1lisis Econ\u00f3mico de la Universidad de Valencia. Es MSc in Economics por la LSE y Doctor en Econom\u00eda por la Universidad de Valencia. Ha sido Director General en la Oficina Econ\u00f3mica del Presidente del Gobierno, director del Instituto de Econom\u00eda [&hellip;]<\/p>\n","protected":false},"author":5,"featured_media":3579,"comment_status":"closed","ping_status":"closed","sticky":false,"template":"","format":"video","meta":{"_acf_changed":false,"footnotes":""},"categories":[6],"tags":[],"class_list":{"0":"post-3577","1":"post","2":"type-post","3":"status-publish","4":"format-video","5":"has-post-thumbnail","7":"category-protagonistas","8":"post_format-post-format-video"},"acf":[],"yoast_head":"<!-- This site is optimized with the Yoast SEO plugin v27.4 - https:\/\/yoast.com\/product\/yoast-seo-wordpress\/ -->\n<title>La era de la disrupci\u00f3n digital - FRP Gaceta<\/title>\n<meta name=\"robots\" content=\"index, follow, max-snippet:-1, max-image-preview:large, max-video-preview:-1\" \/>\n<link rel=\"canonical\" href=\"https:\/\/frdelpino.es\/actualidad\/era-disrupcion-digital\/\" \/>\n<meta property=\"og:locale\" content=\"es_ES\" \/>\n<meta property=\"og:type\" content=\"article\" \/>\n<meta property=\"og:title\" content=\"La era de la disrupci\u00f3n digital - FRP Gaceta\" \/>\n<meta property=\"og:description\" content=\"Rafael Dom\u00e9nech es Responsable de An\u00e1lisis Econ\u00f3mico de BBVA Research y Catedr\u00e1tico de Fundamentos del An\u00e1lisis Econ\u00f3mico de la Universidad de Valencia. Es MSc in Economics por la LSE y Doctor en Econom\u00eda por la Universidad de Valencia. Ha sido Director General en la Oficina Econ\u00f3mica del Presidente del Gobierno, director del Instituto de Econom\u00eda [&hellip;]\" \/>\n<meta property=\"og:url\" content=\"https:\/\/frdelpino.es\/actualidad\/era-disrupcion-digital\/\" \/>\n<meta property=\"og:site_name\" content=\"FRP Gaceta\" \/>\n<meta property=\"article:publisher\" content=\"https:\/\/www.facebook.com\/frdelpino\" \/>\n<meta property=\"article:published_time\" content=\"2020-11-10T12:38:48+00:00\" \/>\n<meta property=\"article:modified_time\" content=\"2023-12-29T10:18:00+00:00\" \/>\n<meta property=\"og:image\" content=\"https:\/\/frdelpino.es\/actualidad\/wp-content\/uploads\/2020\/11\/maxresdefault.jpg\" \/>\n\t<meta property=\"og:image:width\" content=\"1280\" \/>\n\t<meta property=\"og:image:height\" content=\"720\" \/>\n\t<meta property=\"og:image:type\" content=\"image\/jpeg\" \/>\n<meta name=\"author\" content=\"Carlota Taboada\" \/>\n<meta name=\"twitter:card\" content=\"summary_large_image\" \/>\n<meta name=\"twitter:creator\" content=\"@frdelpino\" \/>\n<meta name=\"twitter:site\" content=\"@frdelpino\" \/>\n<meta name=\"twitter:label1\" content=\"Escrito por\" \/>\n\t<meta name=\"twitter:data1\" content=\"Carlota Taboada\" \/>\n\t<meta name=\"twitter:label2\" content=\"Tiempo de lectura\" \/>\n\t<meta name=\"twitter:data2\" content=\"1 minuto\" \/>\n<script type=\"application\/ld+json\" class=\"yoast-schema-graph\">{\"@context\":\"https:\\\/\\\/schema.org\",\"@graph\":[{\"@type\":\"Article\",\"@id\":\"https:\\\/\\\/frdelpino.es\\\/actualidad\\\/era-disrupcion-digital\\\/#article\",\"isPartOf\":{\"@id\":\"https:\\\/\\\/frdelpino.es\\\/actualidad\\\/era-disrupcion-digital\\\/\"},\"author\":{\"name\":\"Carlota Taboada\",\"@id\":\"https:\\\/\\\/frdelpino.es\\\/actualidad\\\/#\\\/schema\\\/person\\\/5b3e77df61158f3160fedebdf5407d86\"},\"headline\":\"La era de la disrupci\u00f3n digital\",\"datePublished\":\"2020-11-10T12:38:48+00:00\",\"dateModified\":\"2023-12-29T10:18:00+00:00\",\"mainEntityOfPage\":{\"@id\":\"https:\\\/\\\/frdelpino.es\\\/actualidad\\\/era-disrupcion-digital\\\/\"},\"wordCount\":225,\"image\":{\"@id\":\"https:\\\/\\\/frdelpino.es\\\/actualidad\\\/era-disrupcion-digital\\\/#primaryimage\"},\"thumbnailUrl\":\"https:\\\/\\\/frdelpino.es\\\/actualidad\\\/wp-content\\\/uploads\\\/2020\\\/11\\\/maxresdefault.jpg\",\"articleSection\":[\"Protagonistas\"],\"inLanguage\":\"es\"},{\"@type\":\"WebPage\",\"@id\":\"https:\\\/\\\/frdelpino.es\\\/actualidad\\\/era-disrupcion-digital\\\/\",\"url\":\"https:\\\/\\\/frdelpino.es\\\/actualidad\\\/era-disrupcion-digital\\\/\",\"name\":\"La era de la disrupci\u00f3n digital - FRP Gaceta\",\"isPartOf\":{\"@id\":\"https:\\\/\\\/frdelpino.es\\\/actualidad\\\/#website\"},\"primaryImageOfPage\":{\"@id\":\"https:\\\/\\\/frdelpino.es\\\/actualidad\\\/era-disrupcion-digital\\\/#primaryimage\"},\"image\":{\"@id\":\"https:\\\/\\\/frdelpino.es\\\/actualidad\\\/era-disrupcion-digital\\\/#primaryimage\"},\"thumbnailUrl\":\"https:\\\/\\\/frdelpino.es\\\/actualidad\\\/wp-content\\\/uploads\\\/2020\\\/11\\\/maxresdefault.jpg\",\"datePublished\":\"2020-11-10T12:38:48+00:00\",\"dateModified\":\"2023-12-29T10:18:00+00:00\",\"author\":{\"@id\":\"https:\\\/\\\/frdelpino.es\\\/actualidad\\\/#\\\/schema\\\/person\\\/5b3e77df61158f3160fedebdf5407d86\"},\"breadcrumb\":{\"@id\":\"https:\\\/\\\/frdelpino.es\\\/actualidad\\\/era-disrupcion-digital\\\/#breadcrumb\"},\"inLanguage\":\"es\",\"potentialAction\":[{\"@type\":\"ReadAction\",\"target\":[\"https:\\\/\\\/frdelpino.es\\\/actualidad\\\/era-disrupcion-digital\\\/\"]}]},{\"@type\":\"ImageObject\",\"inLanguage\":\"es\",\"@id\":\"https:\\\/\\\/frdelpino.es\\\/actualidad\\\/era-disrupcion-digital\\\/#primaryimage\",\"url\":\"https:\\\/\\\/frdelpino.es\\\/actualidad\\\/wp-content\\\/uploads\\\/2020\\\/11\\\/maxresdefault.jpg\",\"contentUrl\":\"https:\\\/\\\/frdelpino.es\\\/actualidad\\\/wp-content\\\/uploads\\\/2020\\\/11\\\/maxresdefault.jpg\",\"width\":1280,\"height\":720},{\"@type\":\"BreadcrumbList\",\"@id\":\"https:\\\/\\\/frdelpino.es\\\/actualidad\\\/era-disrupcion-digital\\\/#breadcrumb\",\"itemListElement\":[{\"@type\":\"ListItem\",\"position\":1,\"name\":\"Portada\",\"item\":\"https:\\\/\\\/frdelpino.es\\\/actualidad\\\/\"},{\"@type\":\"ListItem\",\"position\":2,\"name\":\"La era de la disrupci\u00f3n digital\"}]},{\"@type\":\"WebSite\",\"@id\":\"https:\\\/\\\/frdelpino.es\\\/actualidad\\\/#website\",\"url\":\"https:\\\/\\\/frdelpino.es\\\/actualidad\\\/\",\"name\":\"FRP Gaceta\",\"description\":\"Una iniciativa de la Fundaci\u00f3n Rafael del Pino\",\"potentialAction\":[{\"@type\":\"SearchAction\",\"target\":{\"@type\":\"EntryPoint\",\"urlTemplate\":\"https:\\\/\\\/frdelpino.es\\\/actualidad\\\/?s={search_term_string}\"},\"query-input\":{\"@type\":\"PropertyValueSpecification\",\"valueRequired\":true,\"valueName\":\"search_term_string\"}}],\"inLanguage\":\"es\"},{\"@type\":\"Person\",\"@id\":\"https:\\\/\\\/frdelpino.es\\\/actualidad\\\/#\\\/schema\\\/person\\\/5b3e77df61158f3160fedebdf5407d86\",\"name\":\"Carlota Taboada\",\"url\":\"https:\\\/\\\/frdelpino.es\\\/actualidad\\\/author\\\/ctaboada\\\/\"}]}<\/script>\n<!-- \/ Yoast SEO plugin. -->","yoast_head_json":{"title":"La era de la disrupci\u00f3n digital - FRP Gaceta","robots":{"index":"index","follow":"follow","max-snippet":"max-snippet:-1","max-image-preview":"max-image-preview:large","max-video-preview":"max-video-preview:-1"},"canonical":"https:\/\/frdelpino.es\/actualidad\/era-disrupcion-digital\/","og_locale":"es_ES","og_type":"article","og_title":"La era de la disrupci\u00f3n digital - FRP Gaceta","og_description":"Rafael Dom\u00e9nech es Responsable de An\u00e1lisis Econ\u00f3mico de BBVA Research y Catedr\u00e1tico de Fundamentos del An\u00e1lisis Econ\u00f3mico de la Universidad de Valencia. Es MSc in Economics por la LSE y Doctor en Econom\u00eda por la Universidad de Valencia. Ha sido Director General en la Oficina Econ\u00f3mica del Presidente del Gobierno, director del Instituto de Econom\u00eda [&hellip;]","og_url":"https:\/\/frdelpino.es\/actualidad\/era-disrupcion-digital\/","og_site_name":"FRP Gaceta","article_publisher":"https:\/\/www.facebook.com\/frdelpino","article_published_time":"2020-11-10T12:38:48+00:00","article_modified_time":"2023-12-29T10:18:00+00:00","og_image":[{"width":1280,"height":720,"url":"https:\/\/frdelpino.es\/actualidad\/wp-content\/uploads\/2020\/11\/maxresdefault.jpg","type":"image\/jpeg"}],"author":"Carlota Taboada","twitter_card":"summary_large_image","twitter_creator":"@frdelpino","twitter_site":"@frdelpino","twitter_misc":{"Escrito por":"Carlota Taboada","Tiempo de lectura":"1 minuto"},"schema":{"@context":"https:\/\/schema.org","@graph":[{"@type":"Article","@id":"https:\/\/frdelpino.es\/actualidad\/era-disrupcion-digital\/#article","isPartOf":{"@id":"https:\/\/frdelpino.es\/actualidad\/era-disrupcion-digital\/"},"author":{"name":"Carlota Taboada","@id":"https:\/\/frdelpino.es\/actualidad\/#\/schema\/person\/5b3e77df61158f3160fedebdf5407d86"},"headline":"La era de la disrupci\u00f3n digital","datePublished":"2020-11-10T12:38:48+00:00","dateModified":"2023-12-29T10:18:00+00:00","mainEntityOfPage":{"@id":"https:\/\/frdelpino.es\/actualidad\/era-disrupcion-digital\/"},"wordCount":225,"image":{"@id":"https:\/\/frdelpino.es\/actualidad\/era-disrupcion-digital\/#primaryimage"},"thumbnailUrl":"https:\/\/frdelpino.es\/actualidad\/wp-content\/uploads\/2020\/11\/maxresdefault.jpg","articleSection":["Protagonistas"],"inLanguage":"es"},{"@type":"WebPage","@id":"https:\/\/frdelpino.es\/actualidad\/era-disrupcion-digital\/","url":"https:\/\/frdelpino.es\/actualidad\/era-disrupcion-digital\/","name":"La era de la disrupci\u00f3n digital - FRP Gaceta","isPartOf":{"@id":"https:\/\/frdelpino.es\/actualidad\/#website"},"primaryImageOfPage":{"@id":"https:\/\/frdelpino.es\/actualidad\/era-disrupcion-digital\/#primaryimage"},"image":{"@id":"https:\/\/frdelpino.es\/actualidad\/era-disrupcion-digital\/#primaryimage"},"thumbnailUrl":"https:\/\/frdelpino.es\/actualidad\/wp-content\/uploads\/2020\/11\/maxresdefault.jpg","datePublished":"2020-11-10T12:38:48+00:00","dateModified":"2023-12-29T10:18:00+00:00","author":{"@id":"https:\/\/frdelpino.es\/actualidad\/#\/schema\/person\/5b3e77df61158f3160fedebdf5407d86"},"breadcrumb":{"@id":"https:\/\/frdelpino.es\/actualidad\/era-disrupcion-digital\/#breadcrumb"},"inLanguage":"es","potentialAction":[{"@type":"ReadAction","target":["https:\/\/frdelpino.es\/actualidad\/era-disrupcion-digital\/"]}]},{"@type":"ImageObject","inLanguage":"es","@id":"https:\/\/frdelpino.es\/actualidad\/era-disrupcion-digital\/#primaryimage","url":"https:\/\/frdelpino.es\/actualidad\/wp-content\/uploads\/2020\/11\/maxresdefault.jpg","contentUrl":"https:\/\/frdelpino.es\/actualidad\/wp-content\/uploads\/2020\/11\/maxresdefault.jpg","width":1280,"height":720},{"@type":"BreadcrumbList","@id":"https:\/\/frdelpino.es\/actualidad\/era-disrupcion-digital\/#breadcrumb","itemListElement":[{"@type":"ListItem","position":1,"name":"Portada","item":"https:\/\/frdelpino.es\/actualidad\/"},{"@type":"ListItem","position":2,"name":"La era de la disrupci\u00f3n digital"}]},{"@type":"WebSite","@id":"https:\/\/frdelpino.es\/actualidad\/#website","url":"https:\/\/frdelpino.es\/actualidad\/","name":"FRP Gaceta","description":"Una iniciativa de la Fundaci\u00f3n Rafael del Pino","potentialAction":[{"@type":"SearchAction","target":{"@type":"EntryPoint","urlTemplate":"https:\/\/frdelpino.es\/actualidad\/?s={search_term_string}"},"query-input":{"@type":"PropertyValueSpecification","valueRequired":true,"valueName":"search_term_string"}}],"inLanguage":"es"},{"@type":"Person","@id":"https:\/\/frdelpino.es\/actualidad\/#\/schema\/person\/5b3e77df61158f3160fedebdf5407d86","name":"Carlota Taboada","url":"https:\/\/frdelpino.es\/actualidad\/author\/ctaboada\/"}]}},"_links":{"self":[{"href":"https:\/\/frdelpino.es\/actualidad\/wp-json\/wp\/v2\/posts\/3577","targetHints":{"allow":["GET"]}}],"collection":[{"href":"https:\/\/frdelpino.es\/actualidad\/wp-json\/wp\/v2\/posts"}],"about":[{"href":"https:\/\/frdelpino.es\/actualidad\/wp-json\/wp\/v2\/types\/post"}],"author":[{"embeddable":true,"href":"https:\/\/frdelpino.es\/actualidad\/wp-json\/wp\/v2\/users\/5"}],"replies":[{"embeddable":true,"href":"https:\/\/frdelpino.es\/actualidad\/wp-json\/wp\/v2\/comments?post=3577"}],"version-history":[{"count":1,"href":"https:\/\/frdelpino.es\/actualidad\/wp-json\/wp\/v2\/posts\/3577\/revisions"}],"predecessor-version":[{"id":3578,"href":"https:\/\/frdelpino.es\/actualidad\/wp-json\/wp\/v2\/posts\/3577\/revisions\/3578"}],"wp:featuredmedia":[{"embeddable":true,"href":"https:\/\/frdelpino.es\/actualidad\/wp-json\/wp\/v2\/media\/3579"}],"wp:attachment":[{"href":"https:\/\/frdelpino.es\/actualidad\/wp-json\/wp\/v2\/media?parent=3577"}],"wp:term":[{"taxonomy":"category","embeddable":true,"href":"https:\/\/frdelpino.es\/actualidad\/wp-json\/wp\/v2\/categories?post=3577"},{"taxonomy":"post_tag","embeddable":true,"href":"https:\/\/frdelpino.es\/actualidad\/wp-json\/wp\/v2\/tags?post=3577"}],"curies":[{"name":"wp","href":"https:\/\/api.w.org\/{rel}","templated":true}]}}