{"id":3692,"date":"2020-12-28T12:40:17","date_gmt":"2020-12-28T10:40:17","guid":{"rendered":"https:\/\/frdelpino.es\/try\/actualidad\/?p=3692"},"modified":"2023-12-29T12:17:56","modified_gmt":"2023-12-29T10:17:56","slug":"economia-de-mercado-en-crisis-post-covid-19","status":"publish","type":"post","link":"https:\/\/frdelpino.es\/actualidad\/economia-de-mercado-en-crisis-post-covid-19\/","title":{"rendered":"Econom\u00eda de mercado: \u00bfen crisis post Covid-19?"},"content":{"rendered":"<p style=\"text-align: justify;\"><img loading=\"lazy\" decoding=\"async\" class=\"alignleft wp-image-1894 size-medium\" src=\"https:\/\/frdelpino.es\/actualidad\/wp-content\/uploads\/2018\/10\/American_union_bank-300x234.gif\" alt=\"\" width=\"300\" height=\"234\" \/>Los pa\u00edses desarrollados est\u00e1n atravesando una fase de desafecci\u00f3n hacia la econom\u00eda de mercado. Europa no es una excepci\u00f3n; Espa\u00f1a, tampoco. Esta situaci\u00f3n no es nueva. Ya se produjo en el pasado, durante la Gran Depresi\u00f3n, las dos crisis del petr\u00f3leo y la Gran Recesi\u00f3n. La crisis del Covid-19 constituye una nueva manifestaci\u00f3n de este hecho, alimentada por el activismo monetario. Ese activismo ha enraizado la creencia en el Estado paternalista y su capacidad para resolverlo todo. Pero esto no es bueno para la econom\u00eda. Lo explica <span style=\"color: #008080;\"><strong>Juergen B. Donges<\/strong><\/span>, catedr\u00e1tico em\u00e9rito de Econom\u00eda de la Universidad de Colonia.<\/p>\n<h2 style=\"text-align: justify;\">Los pilares de la econom\u00eda de mercado<\/h2>\n<p style=\"text-align: justify;\">La econom\u00eda de mercado se fundamenta en la iniciativa individual, la libre empresa, el derecho de propiedad, la libertad de contrataci\u00f3n, el libre movimiento de personas y capitales y la competencia en los mercados nacionales e internacionales.<\/p>\n<blockquote class=\"td_pull_quote td_pull_center\">\n<p style=\"text-align: justify;\">A causa del Covid-19, los ciudadanos est\u00e1n dispuestos a pagar un precio nada desde\u00f1able por el control de la pandemia. Y la moneda de cambio es el conjunto de libertades b\u00e1sicas de la econom\u00eda de mercado.<\/p>\n<\/blockquote>\n<p style=\"text-align: justify;\">Para limitar, o anular, esas libertades, sus cr\u00edticos aducen los problemas que aquejan a la sociedad. Hablan de paro, pobreza, desahucios, desigualdad, da\u00f1os medioambientales y atribuyen su origen a la econom\u00eda de mercado. Un sistema que, con sus libertades econ\u00f3micas, dicen, exacerba ahora, en tiempos de Covid, esas situaciones.<\/p>\n<h2 style=\"text-align: justify;\">Econom\u00eda de mercado y problemas estructurales<\/h2>\n<p style=\"text-align: justify;\">El problema es que esas dificultades ya estaban ah\u00ed antes de la pandemia. Y su mayor o menor intensidad se debe a que unos gobiernos responden a estos desaf\u00edos mejor que otros. Ese es el quid de la cuesti\u00f3n. Ahora bien, los enemigos de la libertad eximen a los gobiernos de esa responsabilidad. Es m\u00e1s, lo que dicen es que, en estos momentos, se necesita ayuda externa para superar esos problemas. Una ayuda, dicen, que debe proceder de los fondos europeos.<\/p>\n<p style=\"text-align: justify;\">Los gobiernos, por supuesto, no son culpables del gran golpe que supone la pandemia. Sin embargo, tampoco es casualidad que <strong>las consecuencias del Covid sean m\u00e1s acentuadas en unos pa\u00edses que en otros<\/strong>. Las econom\u00edas m\u00e1s castigadas ya ven\u00edan arrastrando debilidades estructurales fundamentales. En ellas, la productividad es baja, el tejido productivo est\u00e1 anquilosado y el desempleo es alto. Adem\u00e1s, el sistema educativo es inapropiado, la Administraci\u00f3n es ineficiente, las instituciones son endebles. Y los gobiernos s\u00ed son responsables de estas debilidades, porque no las han corregido con las pol\u00edticas adecuadas. La pandemia lo ha puesto de manifiesto.<\/p>\n<h2 style=\"text-align: justify;\">Italia y Espa\u00f1a<\/h2>\n<p style=\"text-align: justify;\"><img loading=\"lazy\" decoding=\"async\" class=\"alignleft wp-image-3700 \" src=\"https:\/\/frdelpino.es\/actualidad\/wp-content\/uploads\/2020\/12\/ita-covid-300x194.jpg\" alt=\"\" width=\"284\" height=\"182\" \/>Italia es el ejemplo m\u00e1s llamativo, pero Espa\u00f1a no se libra de este diagn\u00f3stico. El BCE lo ha advertido sin que los gobiernos afectados se dieran por aludidos. Tampoco en Espa\u00f1a. Aqu\u00ed, la agenda del gobierno contempla la derogaci\u00f3n de la reforma laboral pese a sus buenos resultados en t\u00e9rminos de empleo.<\/p>\n<p style=\"text-align: justify;\">Los defectos estructurales no se disipar\u00e1n con dinero, nacional o europeo. Las ayudas p\u00fablicas para satisfacer necesidades empresariales a corto plazo pueden amortiguar el impacto del Covid. Pero, para que la recuperaci\u00f3n sea sostenible en el tiempo, son necesarios todos los ingredientes de la econom\u00eda de mercado. Esos que impulsan la capacidad de adaptaci\u00f3n de empresas y familias a las circunstancias cambiantes, incluidas la transici\u00f3n digital y la transici\u00f3n energ\u00e9tica.<\/p>\n<h2 style=\"text-align: justify;\">Protagonizar la recuperaci\u00f3n<\/h2>\n<p style=\"text-align: justify;\">El estado no es el actor m\u00e1s adecuado para que la econom\u00eda sea eficiente. Todo lo contrario. Ning\u00fan funcionario tiene la capacidad de predecir futuras tendencias econ\u00f3micas, se\u00f1ala el profesor Donges. Los sistemas de planificaci\u00f3n central son ilustrativos del tremendo fracaso de estos postulados. China se libra de este diagn\u00f3stico por el cambio tras la muerte de Mao. Su espectacular desarrollo en las \u00faltimas d\u00e9cadas pone de relieve todo lo que se puede conseguir con un poco de libertad econ\u00f3mica a la que deben seguir las otras libertades.<\/p>\n<p style=\"text-align: justify;\"><img loading=\"lazy\" decoding=\"async\" class=\"size-medium wp-image-3341 alignright\" src=\"https:\/\/frdelpino.es\/actualidad\/wp-content\/uploads\/2020\/07\/Captura3-300x160.jpg\" alt=\"\" width=\"300\" height=\"160\" \/>Con la desescalada empez\u00f3 levemente la recuperaci\u00f3n, con la econom\u00eda de mercado como marco de renacimiento. Para el a\u00f1o pr\u00f3ximo, los organismos internacionales marcan velocidades distintas entre pa\u00edses y sectores. El crecimiento global podr\u00eda situarse en torno al 5% y el comercio mundial empezar\u00eda a recuperarse. A la cabeza marchar\u00eda China, con un ritmo de crecimiento por encima de la media mundial. Detr\u00e1s ir\u00edan Estados Unidos, Alemania y Francia. En estos pa\u00edses la epidemia no mejora como ser\u00eda deseable, con lo que la recuperaci\u00f3n ser\u00eda m\u00e1s lenta. En el furg\u00f3n de cola estar\u00edan los pa\u00edses con m\u00e1s peso del turismo, que es donde m\u00e1s repercuten las medidas para evitar contagios.<\/p>\n<h2 style=\"text-align: justify;\">Previsiones para Espa\u00f1a<\/h2>\n<p style=\"text-align: justify;\"><img loading=\"lazy\" decoding=\"async\" class=\"wp-image-3701 alignleft\" src=\"https:\/\/frdelpino.es\/actualidad\/wp-content\/uploads\/2020\/12\/crec-eco-300x233.jpg\" alt=\"\" width=\"212\" height=\"165\" srcset=\"https:\/\/frdelpino.es\/actualidad\/wp-content\/uploads\/2020\/12\/crec-eco-300x233.jpg 300w, https:\/\/frdelpino.es\/actualidad\/wp-content\/uploads\/2020\/12\/crec-eco.jpg 520w\" sizes=\"auto, (max-width: 212px) 100vw, 212px\" \/>Para Espa\u00f1a se prev\u00e9 un crecimiento del 6% y el 7% del PIB. Parece mucho, pero la base es un nivel de producci\u00f3n hist\u00f3ricamente bajo y no volver\u00eda a los niveles previos de PIB hasta 2023. La recuperaci\u00f3n mostrar\u00eda un perfil tipo K, con sectores como la industria manufacturera y las actividades digitalizadas avanzado a un ritmo moderado, y otras actividades, como el turismo, quedando rezagadas. Estas previsiones incluyen el impacto de los fondos europeos.<\/p>\n<p style=\"text-align: justify;\">El supuesto es que estos fondos lleguen a tiempo y que se destinen a proyectos de inversi\u00f3n de futuro, s\u00f3lidos y generadores de PIB y empleo, lo cual no est\u00e1 garantizado. Si el gobierno no presenta con credibilidad esos proyectos, apunta Juergen B. Donges, no deber\u00eda recibir esa ayuda porque caer\u00eda en saco roto. Los fondos se utilizar\u00edan para tapar agujeros presupuestarios y financiar pol\u00edticas sociales sin efecto alguno sobre la competitividad y el crecimiento potencial a medio plazo.<\/p>\n<h2 style=\"text-align: justify;\">El buen funcionamiento de la econom\u00eda de mercado<\/h2>\n<p style=\"text-align: justify;\">Espa\u00f1a transmite a los mercados mensajes desconcertantes, como la subida de impuestos para grandes empresas y rentas altas. Tambi\u00e9n quiere subir algunos impuestos indirectos, introducir la <a href=\"https:\/\/es.wikipedia.org\/wiki\/Tasa_Google\" target=\"_blank\" rel=\"noopener\">tasa Google<\/a> y la <a href=\"https:\/\/es.wikipedia.org\/wiki\/Tasa_Tobin\" target=\"_blank\" rel=\"noopener\">tasa Tobin<\/a>. Pero esto lo hace sin reparar en el efecto disuasorio de esas medidas sobre las inversiones empresariales. Adem\u00e1s, el impacto recaudatorio de esas pol\u00edticas es escaso.<\/p>\n<p style=\"text-align: justify;\"><strong>El cumplimiento de las previsiones depender\u00e1<\/strong>, en gran medida, <strong>del buen funcionamiento de la econom\u00eda de mercado<\/strong>. Para ello, <strong>se necesitan tres cosas<\/strong>. La primera es <strong>la globalizaci\u00f3n de la actividad econ\u00f3mica<\/strong>. Luego viene <strong>la especializaci\u00f3n en la producci\u00f3n de bienes y servicios<\/strong> seg\u00fan las ventajas comparativas de cada pa\u00eds y cada sector. Por \u00faltimo, se precisan <strong>unas cadenas de valor eficientes<\/strong>, repartidas multilateralmente y no solo con China como epicentro. Es decir, urge un elevado grado de apertura de las econom\u00edas, junto con la libertad de comercio y de movimiento de capitales y personas.<\/p>\n<h2 style=\"text-align: justify;\">Dos implicaciones<\/h2>\n<p style=\"text-align: justify;\">Esto tiene dos implicaciones. La primera de ellas es la necesidad de contener el proteccionismo, tanto el arancelario como el no arancelario. Posiblemente, con el presidente Biden las cosas cambien, pero solo posiblemente. Joe Biden no es un anti proteccionista convencido, sino que representa al Partido Dem\u00f3crata, que tiende a la intervenci\u00f3n en la econom\u00eda.<\/p>\n<p style=\"text-align: justify;\">La segunda implicaci\u00f3n se refiere al tr\u00e1nsito de las personas. Ser\u00e1 necesario fortalecer los controles sanitarios fronterizos. La cuesti\u00f3n est\u00e1 en c\u00f3mo hacerlo. Deber\u00eda hacerse de forma transparente, coordinada entre los pa\u00edses y en t\u00e9rminos claros para los agentes econ\u00f3micos, con el fin de evitar distorsiones.<\/p>\n<p style=\"text-align: right;\"><a href=\"https:\/\/frdelpino.es\/video-frdelpino\/la-economia-de-mercado-en-crisis-por-covid-19\/\"><span style=\"color: #008080;\">Acceda a la conf<\/span><span style=\"color: #008080;\">e<\/span><span style=\"color: #008080;\">rencia<\/span> <span style=\"color: #008080;\">completa<\/span><\/a><\/p>\n<h6 style=\"text-align: justify;\">\u201cLa Fundaci\u00f3n Rafael del Pino no se hace responsable de los comentarios, opiniones o manifestaciones realizados por las personas que participan en sus actividades y que son expresadas como resultado de su derecho inalienable a la libertad de expresi\u00f3n y bajo su entera responsabilidad. Los contenidos incluidos en el presente resumen, realizado para la Fundaci\u00f3n Rafael del Pino por Emilio J. Gonz\u00e1lez, son resultado de los debates mantenidos en el encuentro realizado al efecto en la Fundaci\u00f3n y son responsabilidad de sus autores.\u201d<\/h6>\n","protected":false},"excerpt":{"rendered":"<p>Los pa\u00edses desarrollados est\u00e1n atravesando una fase de desafecci\u00f3n hacia la econom\u00eda de mercado. Europa no es una excepci\u00f3n; Espa\u00f1a, tampoco. Esta situaci\u00f3n no es nueva. Ya se produjo en el pasado, durante la Gran Depresi\u00f3n, las dos crisis del petr\u00f3leo y la Gran Recesi\u00f3n. La crisis del Covid-19 constituye una nueva manifestaci\u00f3n de este [&hellip;]<\/p>\n","protected":false},"author":7,"featured_media":3707,"comment_status":"closed","ping_status":"closed","sticky":false,"template":"","format":"standard","meta":{"_acf_changed":false,"footnotes":""},"categories":[4],"tags":[143,284,82,78,23,56],"class_list":{"0":"post-3692","1":"post","2":"type-post","3":"status-publish","4":"format-standard","5":"has-post-thumbnail","7":"category-economia_y_empresa","8":"tag-comercio","9":"tag-covid","10":"tag-crecimiento","11":"tag-crisis","12":"tag-economia","13":"tag-mercado"},"acf":[],"yoast_head":"<!-- This site is optimized with the Yoast SEO plugin v27.4 - https:\/\/yoast.com\/product\/yoast-seo-wordpress\/ -->\n<title>Econom\u00eda de mercado: \u00bfen crisis post Covid-19? - FRP Gaceta<\/title>\n<meta name=\"description\" content=\"La econom\u00eda de mercado pierde adeptos. Sin embargo, sus libertades b\u00e1sicas son clave para la recuperaci\u00f3n de la crisis - FRP Gaceta\" \/>\n<meta name=\"robots\" content=\"index, follow, max-snippet:-1, max-image-preview:large, max-video-preview:-1\" \/>\n<link rel=\"canonical\" href=\"https:\/\/frdelpino.es\/actualidad\/economia-de-mercado-en-crisis-post-covid-19\/\" \/>\n<meta property=\"og:locale\" content=\"es_ES\" \/>\n<meta property=\"og:type\" content=\"article\" \/>\n<meta property=\"og:title\" content=\"Econom\u00eda de mercado: \u00bfen crisis post Covid-19? - FRP Gaceta\" \/>\n<meta property=\"og:description\" content=\"La econom\u00eda de mercado pierde adeptos. Sin embargo, sus libertades b\u00e1sicas son clave para la recuperaci\u00f3n de la crisis - FRP Gaceta\" \/>\n<meta property=\"og:url\" content=\"https:\/\/frdelpino.es\/actualidad\/economia-de-mercado-en-crisis-post-covid-19\/\" \/>\n<meta property=\"og:site_name\" content=\"FRP Gaceta\" \/>\n<meta property=\"article:publisher\" content=\"https:\/\/www.facebook.com\/frdelpino\" \/>\n<meta property=\"article:published_time\" content=\"2020-12-28T10:40:17+00:00\" \/>\n<meta property=\"article:modified_time\" content=\"2023-12-29T10:17:56+00:00\" \/>\n<meta property=\"og:image\" content=\"https:\/\/frdelpino.es\/actualidad\/wp-content\/uploads\/2020\/12\/AdobeStock_213429715-scaled-e1609152198944.jpeg\" \/>\n\t<meta property=\"og:image:width\" content=\"1200\" \/>\n\t<meta property=\"og:image:height\" content=\"675\" \/>\n\t<meta property=\"og:image:type\" content=\"image\/jpeg\" \/>\n<meta name=\"author\" content=\"Emilio Gonz\u00e1lez\" \/>\n<meta name=\"twitter:card\" content=\"summary_large_image\" \/>\n<meta name=\"twitter:creator\" content=\"@frdelpino\" \/>\n<meta name=\"twitter:site\" content=\"@frdelpino\" \/>\n<meta name=\"twitter:label1\" content=\"Escrito por\" \/>\n\t<meta name=\"twitter:data1\" content=\"Emilio Gonz\u00e1lez\" \/>\n\t<meta name=\"twitter:label2\" content=\"Tiempo de lectura\" \/>\n\t<meta name=\"twitter:data2\" content=\"7 minutos\" \/>\n<script type=\"application\/ld+json\" class=\"yoast-schema-graph\">{\"@context\":\"https:\\\/\\\/schema.org\",\"@graph\":[{\"@type\":\"Article\",\"@id\":\"https:\\\/\\\/frdelpino.es\\\/actualidad\\\/economia-de-mercado-en-crisis-post-covid-19\\\/#article\",\"isPartOf\":{\"@id\":\"https:\\\/\\\/frdelpino.es\\\/actualidad\\\/economia-de-mercado-en-crisis-post-covid-19\\\/\"},\"author\":{\"name\":\"Emilio Gonz\u00e1lez\",\"@id\":\"https:\\\/\\\/frdelpino.es\\\/actualidad\\\/#\\\/schema\\\/person\\\/ada1d98a172238d0ee8fe3efdbc0a8c1\"},\"headline\":\"Econom\u00eda de mercado: \u00bfen crisis post Covid-19?\",\"datePublished\":\"2020-12-28T10:40:17+00:00\",\"dateModified\":\"2023-12-29T10:17:56+00:00\",\"mainEntityOfPage\":{\"@id\":\"https:\\\/\\\/frdelpino.es\\\/actualidad\\\/economia-de-mercado-en-crisis-post-covid-19\\\/\"},\"wordCount\":1379,\"image\":{\"@id\":\"https:\\\/\\\/frdelpino.es\\\/actualidad\\\/economia-de-mercado-en-crisis-post-covid-19\\\/#primaryimage\"},\"thumbnailUrl\":\"https:\\\/\\\/frdelpino.es\\\/actualidad\\\/wp-content\\\/uploads\\\/2020\\\/12\\\/AdobeStock_213429715-scaled-e1609152198944.jpeg\",\"keywords\":[\"comercio\",\"covid\",\"crecimiento\",\"crisis\",\"econom\u00eda\",\"mercado\"],\"articleSection\":[\"Econom\u00eda y empresa\"],\"inLanguage\":\"es\"},{\"@type\":\"WebPage\",\"@id\":\"https:\\\/\\\/frdelpino.es\\\/actualidad\\\/economia-de-mercado-en-crisis-post-covid-19\\\/\",\"url\":\"https:\\\/\\\/frdelpino.es\\\/actualidad\\\/economia-de-mercado-en-crisis-post-covid-19\\\/\",\"name\":\"Econom\u00eda de mercado: \u00bfen crisis post Covid-19? - FRP Gaceta\",\"isPartOf\":{\"@id\":\"https:\\\/\\\/frdelpino.es\\\/actualidad\\\/#website\"},\"primaryImageOfPage\":{\"@id\":\"https:\\\/\\\/frdelpino.es\\\/actualidad\\\/economia-de-mercado-en-crisis-post-covid-19\\\/#primaryimage\"},\"image\":{\"@id\":\"https:\\\/\\\/frdelpino.es\\\/actualidad\\\/economia-de-mercado-en-crisis-post-covid-19\\\/#primaryimage\"},\"thumbnailUrl\":\"https:\\\/\\\/frdelpino.es\\\/actualidad\\\/wp-content\\\/uploads\\\/2020\\\/12\\\/AdobeStock_213429715-scaled-e1609152198944.jpeg\",\"datePublished\":\"2020-12-28T10:40:17+00:00\",\"dateModified\":\"2023-12-29T10:17:56+00:00\",\"author\":{\"@id\":\"https:\\\/\\\/frdelpino.es\\\/actualidad\\\/#\\\/schema\\\/person\\\/ada1d98a172238d0ee8fe3efdbc0a8c1\"},\"description\":\"La econom\u00eda de mercado pierde adeptos. Sin embargo, sus libertades b\u00e1sicas son clave para la recuperaci\u00f3n de la crisis - FRP Gaceta\",\"breadcrumb\":{\"@id\":\"https:\\\/\\\/frdelpino.es\\\/actualidad\\\/economia-de-mercado-en-crisis-post-covid-19\\\/#breadcrumb\"},\"inLanguage\":\"es\",\"potentialAction\":[{\"@type\":\"ReadAction\",\"target\":[\"https:\\\/\\\/frdelpino.es\\\/actualidad\\\/economia-de-mercado-en-crisis-post-covid-19\\\/\"]}]},{\"@type\":\"ImageObject\",\"inLanguage\":\"es\",\"@id\":\"https:\\\/\\\/frdelpino.es\\\/actualidad\\\/economia-de-mercado-en-crisis-post-covid-19\\\/#primaryimage\",\"url\":\"https:\\\/\\\/frdelpino.es\\\/actualidad\\\/wp-content\\\/uploads\\\/2020\\\/12\\\/AdobeStock_213429715-scaled-e1609152198944.jpeg\",\"contentUrl\":\"https:\\\/\\\/frdelpino.es\\\/actualidad\\\/wp-content\\\/uploads\\\/2020\\\/12\\\/AdobeStock_213429715-scaled-e1609152198944.jpeg\",\"width\":1200,\"height\":675},{\"@type\":\"BreadcrumbList\",\"@id\":\"https:\\\/\\\/frdelpino.es\\\/actualidad\\\/economia-de-mercado-en-crisis-post-covid-19\\\/#breadcrumb\",\"itemListElement\":[{\"@type\":\"ListItem\",\"position\":1,\"name\":\"Portada\",\"item\":\"https:\\\/\\\/frdelpino.es\\\/actualidad\\\/\"},{\"@type\":\"ListItem\",\"position\":2,\"name\":\"Econom\u00eda de mercado: \u00bfen crisis post Covid-19?\"}]},{\"@type\":\"WebSite\",\"@id\":\"https:\\\/\\\/frdelpino.es\\\/actualidad\\\/#website\",\"url\":\"https:\\\/\\\/frdelpino.es\\\/actualidad\\\/\",\"name\":\"FRP Gaceta\",\"description\":\"Una iniciativa de la Fundaci\u00f3n Rafael del Pino\",\"potentialAction\":[{\"@type\":\"SearchAction\",\"target\":{\"@type\":\"EntryPoint\",\"urlTemplate\":\"https:\\\/\\\/frdelpino.es\\\/actualidad\\\/?s={search_term_string}\"},\"query-input\":{\"@type\":\"PropertyValueSpecification\",\"valueRequired\":true,\"valueName\":\"search_term_string\"}}],\"inLanguage\":\"es\"},{\"@type\":\"Person\",\"@id\":\"https:\\\/\\\/frdelpino.es\\\/actualidad\\\/#\\\/schema\\\/person\\\/ada1d98a172238d0ee8fe3efdbc0a8c1\",\"name\":\"Emilio Gonz\u00e1lez\",\"url\":\"https:\\\/\\\/frdelpino.es\\\/actualidad\\\/author\\\/emilio-gonzalez\\\/\"}]}<\/script>\n<!-- \/ Yoast SEO plugin. -->","yoast_head_json":{"title":"Econom\u00eda de mercado: \u00bfen crisis post Covid-19? - FRP Gaceta","description":"La econom\u00eda de mercado pierde adeptos. Sin embargo, sus libertades b\u00e1sicas son clave para la recuperaci\u00f3n de la crisis - FRP Gaceta","robots":{"index":"index","follow":"follow","max-snippet":"max-snippet:-1","max-image-preview":"max-image-preview:large","max-video-preview":"max-video-preview:-1"},"canonical":"https:\/\/frdelpino.es\/actualidad\/economia-de-mercado-en-crisis-post-covid-19\/","og_locale":"es_ES","og_type":"article","og_title":"Econom\u00eda de mercado: \u00bfen crisis post Covid-19? - FRP Gaceta","og_description":"La econom\u00eda de mercado pierde adeptos. Sin embargo, sus libertades b\u00e1sicas son clave para la recuperaci\u00f3n de la crisis - FRP Gaceta","og_url":"https:\/\/frdelpino.es\/actualidad\/economia-de-mercado-en-crisis-post-covid-19\/","og_site_name":"FRP Gaceta","article_publisher":"https:\/\/www.facebook.com\/frdelpino","article_published_time":"2020-12-28T10:40:17+00:00","article_modified_time":"2023-12-29T10:17:56+00:00","og_image":[{"width":1200,"height":675,"url":"https:\/\/frdelpino.es\/actualidad\/wp-content\/uploads\/2020\/12\/AdobeStock_213429715-scaled-e1609152198944.jpeg","type":"image\/jpeg"}],"author":"Emilio Gonz\u00e1lez","twitter_card":"summary_large_image","twitter_creator":"@frdelpino","twitter_site":"@frdelpino","twitter_misc":{"Escrito por":"Emilio Gonz\u00e1lez","Tiempo de lectura":"7 minutos"},"schema":{"@context":"https:\/\/schema.org","@graph":[{"@type":"Article","@id":"https:\/\/frdelpino.es\/actualidad\/economia-de-mercado-en-crisis-post-covid-19\/#article","isPartOf":{"@id":"https:\/\/frdelpino.es\/actualidad\/economia-de-mercado-en-crisis-post-covid-19\/"},"author":{"name":"Emilio Gonz\u00e1lez","@id":"https:\/\/frdelpino.es\/actualidad\/#\/schema\/person\/ada1d98a172238d0ee8fe3efdbc0a8c1"},"headline":"Econom\u00eda de mercado: \u00bfen crisis post Covid-19?","datePublished":"2020-12-28T10:40:17+00:00","dateModified":"2023-12-29T10:17:56+00:00","mainEntityOfPage":{"@id":"https:\/\/frdelpino.es\/actualidad\/economia-de-mercado-en-crisis-post-covid-19\/"},"wordCount":1379,"image":{"@id":"https:\/\/frdelpino.es\/actualidad\/economia-de-mercado-en-crisis-post-covid-19\/#primaryimage"},"thumbnailUrl":"https:\/\/frdelpino.es\/actualidad\/wp-content\/uploads\/2020\/12\/AdobeStock_213429715-scaled-e1609152198944.jpeg","keywords":["comercio","covid","crecimiento","crisis","econom\u00eda","mercado"],"articleSection":["Econom\u00eda y empresa"],"inLanguage":"es"},{"@type":"WebPage","@id":"https:\/\/frdelpino.es\/actualidad\/economia-de-mercado-en-crisis-post-covid-19\/","url":"https:\/\/frdelpino.es\/actualidad\/economia-de-mercado-en-crisis-post-covid-19\/","name":"Econom\u00eda de mercado: \u00bfen crisis post Covid-19? - FRP Gaceta","isPartOf":{"@id":"https:\/\/frdelpino.es\/actualidad\/#website"},"primaryImageOfPage":{"@id":"https:\/\/frdelpino.es\/actualidad\/economia-de-mercado-en-crisis-post-covid-19\/#primaryimage"},"image":{"@id":"https:\/\/frdelpino.es\/actualidad\/economia-de-mercado-en-crisis-post-covid-19\/#primaryimage"},"thumbnailUrl":"https:\/\/frdelpino.es\/actualidad\/wp-content\/uploads\/2020\/12\/AdobeStock_213429715-scaled-e1609152198944.jpeg","datePublished":"2020-12-28T10:40:17+00:00","dateModified":"2023-12-29T10:17:56+00:00","author":{"@id":"https:\/\/frdelpino.es\/actualidad\/#\/schema\/person\/ada1d98a172238d0ee8fe3efdbc0a8c1"},"description":"La econom\u00eda de mercado pierde adeptos. Sin embargo, sus libertades b\u00e1sicas son clave para la recuperaci\u00f3n de la crisis - FRP Gaceta","breadcrumb":{"@id":"https:\/\/frdelpino.es\/actualidad\/economia-de-mercado-en-crisis-post-covid-19\/#breadcrumb"},"inLanguage":"es","potentialAction":[{"@type":"ReadAction","target":["https:\/\/frdelpino.es\/actualidad\/economia-de-mercado-en-crisis-post-covid-19\/"]}]},{"@type":"ImageObject","inLanguage":"es","@id":"https:\/\/frdelpino.es\/actualidad\/economia-de-mercado-en-crisis-post-covid-19\/#primaryimage","url":"https:\/\/frdelpino.es\/actualidad\/wp-content\/uploads\/2020\/12\/AdobeStock_213429715-scaled-e1609152198944.jpeg","contentUrl":"https:\/\/frdelpino.es\/actualidad\/wp-content\/uploads\/2020\/12\/AdobeStock_213429715-scaled-e1609152198944.jpeg","width":1200,"height":675},{"@type":"BreadcrumbList","@id":"https:\/\/frdelpino.es\/actualidad\/economia-de-mercado-en-crisis-post-covid-19\/#breadcrumb","itemListElement":[{"@type":"ListItem","position":1,"name":"Portada","item":"https:\/\/frdelpino.es\/actualidad\/"},{"@type":"ListItem","position":2,"name":"Econom\u00eda de mercado: \u00bfen crisis post Covid-19?"}]},{"@type":"WebSite","@id":"https:\/\/frdelpino.es\/actualidad\/#website","url":"https:\/\/frdelpino.es\/actualidad\/","name":"FRP Gaceta","description":"Una iniciativa de la Fundaci\u00f3n Rafael del Pino","potentialAction":[{"@type":"SearchAction","target":{"@type":"EntryPoint","urlTemplate":"https:\/\/frdelpino.es\/actualidad\/?s={search_term_string}"},"query-input":{"@type":"PropertyValueSpecification","valueRequired":true,"valueName":"search_term_string"}}],"inLanguage":"es"},{"@type":"Person","@id":"https:\/\/frdelpino.es\/actualidad\/#\/schema\/person\/ada1d98a172238d0ee8fe3efdbc0a8c1","name":"Emilio Gonz\u00e1lez","url":"https:\/\/frdelpino.es\/actualidad\/author\/emilio-gonzalez\/"}]}},"_links":{"self":[{"href":"https:\/\/frdelpino.es\/actualidad\/wp-json\/wp\/v2\/posts\/3692","targetHints":{"allow":["GET"]}}],"collection":[{"href":"https:\/\/frdelpino.es\/actualidad\/wp-json\/wp\/v2\/posts"}],"about":[{"href":"https:\/\/frdelpino.es\/actualidad\/wp-json\/wp\/v2\/types\/post"}],"author":[{"embeddable":true,"href":"https:\/\/frdelpino.es\/actualidad\/wp-json\/wp\/v2\/users\/7"}],"replies":[{"embeddable":true,"href":"https:\/\/frdelpino.es\/actualidad\/wp-json\/wp\/v2\/comments?post=3692"}],"version-history":[{"count":10,"href":"https:\/\/frdelpino.es\/actualidad\/wp-json\/wp\/v2\/posts\/3692\/revisions"}],"predecessor-version":[{"id":3706,"href":"https:\/\/frdelpino.es\/actualidad\/wp-json\/wp\/v2\/posts\/3692\/revisions\/3706"}],"wp:featuredmedia":[{"embeddable":true,"href":"https:\/\/frdelpino.es\/actualidad\/wp-json\/wp\/v2\/media\/3707"}],"wp:attachment":[{"href":"https:\/\/frdelpino.es\/actualidad\/wp-json\/wp\/v2\/media?parent=3692"}],"wp:term":[{"taxonomy":"category","embeddable":true,"href":"https:\/\/frdelpino.es\/actualidad\/wp-json\/wp\/v2\/categories?post=3692"},{"taxonomy":"post_tag","embeddable":true,"href":"https:\/\/frdelpino.es\/actualidad\/wp-json\/wp\/v2\/tags?post=3692"}],"curies":[{"name":"wp","href":"https:\/\/api.w.org\/{rel}","templated":true}]}}