{"id":4398,"date":"2022-03-03T10:15:03","date_gmt":"2022-03-03T08:15:03","guid":{"rendered":"https:\/\/frdelpino.es\/actualidad\/?p=4398"},"modified":"2022-03-03T10:15:03","modified_gmt":"2022-03-03T08:15:03","slug":"en-memoria-del-profesor-juergen-b-donges","status":"publish","type":"post","link":"https:\/\/frdelpino.es\/actualidad\/en-memoria-del-profesor-juergen-b-donges\/","title":{"rendered":"En memoria del Profesor Juergen B. Donges"},"content":{"rendered":"<p style=\"text-align: justify;\">El 25 de junio de 2021 falleci\u00f3 Juergen B. Donges. El profesor Donges siempre fue una persona que dec\u00eda lo que hab\u00eda que decir. Nunca pensaba en si lo que dec\u00eda le iba a granjear amigos o enemigos. Lo que a \u00e9l realmente le importaba era el rigor de los planteamientos, que siempre expon\u00eda con un toque de iron\u00eda. Dos personas que tuvieron estrecho contacto con \u00e9l, en el Instituto de Estudios Econ\u00f3micos de la CEOE, <span style=\"color: #008080;\"><strong>Crist\u00f3bal Montoro<\/strong><\/span> y, en la Fundaci\u00f3n Rafael del Pino, <strong><span style=\"color: #008080;\">Amadeo Petitb\u00f2<\/span><\/strong>, glosan su figura.<\/p>\n<h2 style=\"text-align: justify;\">Donges y la forja de ideas<\/h2>\n<p style=\"text-align: justify;\">En los a\u00f1os ochenta empez\u00f3 a arrancar con mucha fuerza en Espa\u00f1a la econom\u00eda de la oferta. Donges siempre utilizaba el t\u00e9rmino de reformas desde el lado de la oferta. Ese es el gran cambio conceptual econ\u00f3mico que se produce en los a\u00f1os 80. Entrar en la UE liberalizando la econom\u00eda, abri\u00e9ndola al exterior, result\u00f3 muy positivo. Luego lleg\u00f3 la Uni\u00f3n Monetaria Europea. Donges advert\u00eda al respecto que la Eurozona no era un \u00e1rea monetaria \u00f3ptima. Aun as\u00ed, la entrada en el euro tambi\u00e9n result\u00f3 muy positiva para Espa\u00f1a. El euro fue la raz\u00f3n que permiti\u00f3 aplicar las necesarias pol\u00edticas de saneamiento econ\u00f3mico y estabilidad presupuestaria. Cuando la econom\u00eda espa\u00f1ola apuesta por la apertura y la estabilidad da un gran salto adelante. Donges fue el maestro en la forja de las ideas que permitieron ese salto.<\/p>\n<h2 style=\"text-align: justify;\">La educaci\u00f3n en Juergen Donges<\/h2>\n<p style=\"text-align: justify;\">Hab\u00eda una cosa de la que el profesor Donges se sinti\u00f3 muy orgulloso. Fue de que Espa\u00f1a comenzaba a imitar el modelo alem\u00e1n de super\u00e1vit por cuenta corriente. Ese es el gran logro de la econom\u00eda espa\u00f1ola, a partir de 2012. Es la primera vez en nuestra historia econ\u00f3mica que Espa\u00f1a tienen capacidad de financiaci\u00f3n frente al resto del mundo. Aun as\u00ed, Donges no paraba de advertir que hab\u00eda que mejorar la competitividad y la productividad. En este sentido, la educaci\u00f3n para \u00e9l era un pilar fundamental de esa mejora.<\/p>\n<p style=\"text-align: justify;\">El profesor Petitb\u00f3 conoci\u00f3 la obra de Juergen Donges a trav\u00e9s de un libro, <em>La industrializaci\u00f3n en Espa\u00f1a<\/em>, publicado en 1976. El libro era rupturista en varios sentidos. Uno, romp\u00eda con la tradici\u00f3n keynesiana al tratar de comprender c\u00f3mo funcionaba una econom\u00eda desde el lado de la oferta. La segunda cuesti\u00f3n interesante del libro es que utilizaba algo que, para nosotros, era milagroso. Utilizaba ordenadores, a\u00f1o 76, y, por tanto, pod\u00eda hacer an\u00e1lisis de regresi\u00f3n. Nosotros no pod\u00edamos porque en la universidad espa\u00f1ola no hab\u00eda ordenadores.<\/p>\n<h2 style=\"text-align: justify;\">El pensamiento de Juergen Donges<\/h2>\n<p style=\"text-align: justify;\">\u00bfQu\u00e9 elementos comunes hab\u00eda en el pensamiento de Donges? El hilo conductor era muy potente y lo sab\u00eda articular perfectamente. No solo pensaba en t\u00e9rminos macroecon\u00f3micos sino tambi\u00e9n microecon\u00f3micos. Citaba continuamente al empresario schumpeteriano, innovador, y no al empresario buscador de rentas o ayudas p\u00fablicas.<\/p>\n<p style=\"text-align: justify;\">Hablaba siempre de reformas estructurales. Cuando hablaba de reformas estructurales, hablaba de educaci\u00f3n. Si se refer\u00eda a la liberalizaci\u00f3n, introduc\u00eda las reformas estructurales. Cuando hablaba de equilibrios presupuestarios y pol\u00edtica monetaria racional, lo relacionaba con las reformas estructurales. Todo esto le permit\u00eda una explicaci\u00f3n potente y coherente de los fen\u00f3menos que analizaba. Esto lo adornaba siempre con una iron\u00eda singular y con una capacidad \u00fanica de calificar determinados comportamientos. Cuando hablaba de reformas estructurales inclu\u00eda la formaci\u00f3n profesional.<\/p>\n<h2 style=\"text-align: justify;\">Regulaci\u00f3n ineficiente<\/h2>\n<p style=\"text-align: justify;\">Otro tema que preocupaba a Donges era la regulaci\u00f3n ineficiente. Si hacemos un an\u00e1lisis de nuestra regulaci\u00f3n, veremos un pa\u00eds plagado de reservas de actividad. Reservas cuyo efecto final es encarecer costes, reducir la competencia y eliminar eficiencia.<\/p>\n<p style=\"text-align: justify;\">El profesor Donges tiene un pre\u00e1mbulo magn\u00edfico al libro <em>Bienestar para todo<\/em>. Ese es el gran cambio de Alemania tras la Segunda Guerra Mundial. Su pa\u00eds hace una transformaci\u00f3n econ\u00f3mica formidable que, a veces, singularizamos excesivamente porque tuvo el Plan Marshall. No es eso. El desarrollo econ\u00f3mico depende de much\u00edsimas otras cosas. Desde luego, de las condiciones de competencia, de c\u00f3mo se va abriendo la econom\u00eda alemana en ese periodo. \u00c9l fue un gran admirador de la construcci\u00f3n europea desde los primeros pol\u00edticos alemanes y franceses. Pero luego ya es m\u00e1s cr\u00edtico con sus sucesores. \u00c9stos, dec\u00eda, m\u00e1s que aportar a la construcci\u00f3n europea, han gestionado una sucesi\u00f3n de crisis.<\/p>\n<h2 style=\"text-align: justify;\">Empresarios cualificados<\/h2>\n<p style=\"text-align: justify;\">Espa\u00f1a tiene empresas como las que tiene porque los empresarios y directivos est\u00e1n cualificados. Si no, ser\u00eda imposible. Sin esas personas cualificadas no podr\u00eda hacer frente a las dificultades que est\u00e1 teniendo. Esa es la gran virtud del conocimiento. Eso es lo que tenemos que valorar en figuras como Donges, que han trabajado tanto. Pero hay que valorarlas no por tener raz\u00f3n, sino por trabajar por generar y difundir conocimiento.<\/p>\n<p style=\"text-align: justify;\">La reforma laboral fue de las pocas cosas que valor\u00f3 el profesor Donges\u00a0 positivamente de la acci\u00f3n de gobierno. La formaci\u00f3n profesional era algo que citaba constantemente. Donges conduc\u00eda un BMW, pero siempre pon\u00eda como ejemplo Mercedes. Se preguntaba por qu\u00e9 son tan buenos los Mercedes. La respuesta era que porque los trabajadores hab\u00edan cursado una buena formaci\u00f3n profesional. Por eso le daba tanta importancia.<\/p>\n<h2 style=\"text-align: justify;\">Liberalizaci\u00f3n y regulaci\u00f3n<\/h2>\n<p style=\"text-align: justify;\">Tambi\u00e9n mencionaba la lentitud, por ejemplo, en la liberalizaci\u00f3n del transporte ferroviario. Adem\u00e1s, ha habido siempre grupos profesionales que han podido vencer la presi\u00f3n del gobierno. Estos grupos han quedado amparados por regulaciones ineficientes. Los procuradores son uno de ellos. O los farmac\u00e9uticos, se\u00f1al\u00f3 Petitb\u00f2. En los programas de los partidos pol\u00edticos siempre se ve la voluntad de liberalizar estos \u00e1mbitos. Luego, sin embargo, algo lo impide. Pon\u00eda un ejemplo: \u00bfPor qu\u00e9 en Estados Unidos cuando aparece un libro y es una novedad se ofrece con un 25% de descuento? Para que la gente lo compre. Para que el empresario pueda recuperar la inversi\u00f3n lo m\u00e1s r\u00e1pidamente posible. En Espa\u00f1a seguimos anclados todav\u00eda con una regulaci\u00f3n que proh\u00edbe hacer descuentos del 5%. Pero lo peor es el argumento, que limita los descuentos para favorecer la cultura. Esto es invertir los t\u00e9rminos.<\/p>\n<p style=\"text-align: justify;\">La gran virtud de Juergen Donges es que era capaz de desgranar estas peque\u00f1as contradicciones en la argumentaci\u00f3n pol\u00edtica. Detr\u00e1s de ellas siempre hab\u00eda incentivos a la b\u00fasqueda de rentas. O alg\u00fan tipo de favor al amparo de las regulaciones ineficientes. Tenemos magn\u00edficos empresarios cuyos \u00e9xitos muchas veces se ven limitados por las regulaciones ineficientes. Regulaciones que suponen mayores inversiones, en casos que son perfectamente evitables. Suponen tiempo y suponen hacer tareas que son absolutamente innecesarias. Si hici\u00e9ramos un cat\u00e1logo de regulaciones ineficientes en Espa\u00f1a nos asustar\u00edamos. Aqu\u00ed necesitamos un puesto de trabajo como el que ten\u00eda el profesor Donges en Alemania que era estudio de la regulaci\u00f3n, con propuestas al gobierno dirigidas a eliminar todo aquello que supone regulaci\u00f3n ineficiente.<\/p>\n<p style=\"text-align: right;\"><a href=\"https:\/\/frdelpino.es\/conferencia-frdelpino\/homenaje-in-memoriam-del-prof-juergen-b-donges\/\"><span style=\"color: #008080;\">Acceda a la conf<\/span><span style=\"color: #008080;\">e<\/span><span style=\"color: #008080;\">rencia<\/span> <span style=\"color: #008080;\">completa<\/span><\/a><\/p>\n<h6 style=\"text-align: justify;\">\u201cLa Fundaci\u00f3n Rafael del Pino no se hace responsable de los comentarios, opiniones o manifestaciones realizados por las personas que participan en sus actividades y que son expresadas como resultado de su derecho inalienable a la libertad de expresi\u00f3n y bajo su entera responsabilidad. Los contenidos incluidos en el presente resumen, realizado para la Fundaci\u00f3n Rafael del Pino por Emilio J. Gonz\u00e1lez, son resultado de los debates mantenidos en el encuentro realizado al efecto en la Fundaci\u00f3n y son responsabilidad de sus autores.\u201d<\/h6>\n","protected":false},"excerpt":{"rendered":"<p>El 25 de junio de 2021 falleci\u00f3 Juergen B. Donges. El profesor Donges siempre fue una persona que dec\u00eda lo que hab\u00eda que decir. Nunca pensaba en si lo que dec\u00eda le iba a granjear amigos o enemigos. Lo que a \u00e9l realmente le importaba era el rigor de los planteamientos, que siempre expon\u00eda con [&hellip;]<\/p>\n","protected":false},"author":7,"featured_media":4413,"comment_status":"closed","ping_status":"closed","sticky":false,"template":"","format":"standard","meta":{"_acf_changed":false,"footnotes":""},"categories":[4],"tags":[23,25,27,31,50,56],"class_list":{"0":"post-4398","1":"post","2":"type-post","3":"status-publish","4":"format-standard","5":"has-post-thumbnail","7":"category-economia_y_empresa","8":"tag-economia","9":"tag-educacion","11":"tag-espana","12":"tag-macroeconomia","13":"tag-mercado"},"acf":[],"yoast_head":"<!-- This site is optimized with the Yoast SEO plugin v27.4 - https:\/\/yoast.com\/product\/yoast-seo-wordpress\/ -->\n<title>En memoria del Profesor Juergen B. Donges - FRP Gaceta<\/title>\n<meta name=\"description\" content=\"Donges tuvo un protagonismo activo en la generaci\u00f3n de ideas que pemitieron la modernizaci\u00f3n de la econom\u00eda espa\u00f1ola - FRP Gaceta\" \/>\n<meta name=\"robots\" content=\"index, follow, max-snippet:-1, max-image-preview:large, max-video-preview:-1\" \/>\n<link rel=\"canonical\" href=\"https:\/\/frdelpino.es\/actualidad\/en-memoria-del-profesor-juergen-b-donges\/\" \/>\n<meta property=\"og:locale\" content=\"es_ES\" \/>\n<meta property=\"og:type\" content=\"article\" \/>\n<meta property=\"og:title\" content=\"En memoria del Profesor Juergen B. Donges - FRP Gaceta\" \/>\n<meta property=\"og:description\" content=\"Donges tuvo un protagonismo activo en la generaci\u00f3n de ideas que pemitieron la modernizaci\u00f3n de la econom\u00eda espa\u00f1ola - FRP Gaceta\" \/>\n<meta property=\"og:url\" content=\"https:\/\/frdelpino.es\/actualidad\/en-memoria-del-profesor-juergen-b-donges\/\" \/>\n<meta property=\"og:site_name\" content=\"FRP Gaceta\" \/>\n<meta property=\"article:publisher\" content=\"https:\/\/www.facebook.com\/frdelpino\" \/>\n<meta property=\"article:published_time\" content=\"2022-03-03T08:15:03+00:00\" \/>\n<meta property=\"og:image\" content=\"https:\/\/frdelpino.es\/actualidad\/wp-content\/uploads\/2022\/02\/donges16_w11_bj.jpg\" \/>\n\t<meta property=\"og:image:width\" content=\"1200\" \/>\n\t<meta property=\"og:image:height\" content=\"800\" \/>\n\t<meta property=\"og:image:type\" content=\"image\/jpeg\" \/>\n<meta name=\"author\" content=\"Emilio Gonz\u00e1lez\" \/>\n<meta name=\"twitter:card\" content=\"summary_large_image\" \/>\n<meta name=\"twitter:creator\" content=\"@frdelpino\" \/>\n<meta name=\"twitter:site\" content=\"@frdelpino\" \/>\n<meta name=\"twitter:label1\" content=\"Escrito por\" \/>\n\t<meta name=\"twitter:data1\" content=\"Emilio Gonz\u00e1lez\" \/>\n\t<meta name=\"twitter:label2\" content=\"Tiempo de lectura\" \/>\n\t<meta name=\"twitter:data2\" content=\"6 minutos\" \/>\n<script type=\"application\/ld+json\" class=\"yoast-schema-graph\">{\"@context\":\"https:\\\/\\\/schema.org\",\"@graph\":[{\"@type\":\"Article\",\"@id\":\"https:\\\/\\\/frdelpino.es\\\/actualidad\\\/en-memoria-del-profesor-juergen-b-donges\\\/#article\",\"isPartOf\":{\"@id\":\"https:\\\/\\\/frdelpino.es\\\/actualidad\\\/en-memoria-del-profesor-juergen-b-donges\\\/\"},\"author\":{\"name\":\"Emilio Gonz\u00e1lez\",\"@id\":\"https:\\\/\\\/frdelpino.es\\\/actualidad\\\/#\\\/schema\\\/person\\\/ada1d98a172238d0ee8fe3efdbc0a8c1\"},\"headline\":\"En memoria del Profesor Juergen B. Donges\",\"datePublished\":\"2022-03-03T08:15:03+00:00\",\"mainEntityOfPage\":{\"@id\":\"https:\\\/\\\/frdelpino.es\\\/actualidad\\\/en-memoria-del-profesor-juergen-b-donges\\\/\"},\"wordCount\":1323,\"image\":{\"@id\":\"https:\\\/\\\/frdelpino.es\\\/actualidad\\\/en-memoria-del-profesor-juergen-b-donges\\\/#primaryimage\"},\"thumbnailUrl\":\"https:\\\/\\\/frdelpino.es\\\/actualidad\\\/wp-content\\\/uploads\\\/2022\\\/02\\\/donges16_w11_bj.jpg\",\"keywords\":[\"econom\u00eda\",\"educaci\u00f3n\",\"empleo\",\"espa\u00f1a\",\"macroeconom\u00eda\",\"mercado\"],\"articleSection\":[\"Econom\u00eda y empresa\"],\"inLanguage\":\"es\"},{\"@type\":\"WebPage\",\"@id\":\"https:\\\/\\\/frdelpino.es\\\/actualidad\\\/en-memoria-del-profesor-juergen-b-donges\\\/\",\"url\":\"https:\\\/\\\/frdelpino.es\\\/actualidad\\\/en-memoria-del-profesor-juergen-b-donges\\\/\",\"name\":\"En memoria del Profesor Juergen B. Donges - FRP Gaceta\",\"isPartOf\":{\"@id\":\"https:\\\/\\\/frdelpino.es\\\/actualidad\\\/#website\"},\"primaryImageOfPage\":{\"@id\":\"https:\\\/\\\/frdelpino.es\\\/actualidad\\\/en-memoria-del-profesor-juergen-b-donges\\\/#primaryimage\"},\"image\":{\"@id\":\"https:\\\/\\\/frdelpino.es\\\/actualidad\\\/en-memoria-del-profesor-juergen-b-donges\\\/#primaryimage\"},\"thumbnailUrl\":\"https:\\\/\\\/frdelpino.es\\\/actualidad\\\/wp-content\\\/uploads\\\/2022\\\/02\\\/donges16_w11_bj.jpg\",\"datePublished\":\"2022-03-03T08:15:03+00:00\",\"author\":{\"@id\":\"https:\\\/\\\/frdelpino.es\\\/actualidad\\\/#\\\/schema\\\/person\\\/ada1d98a172238d0ee8fe3efdbc0a8c1\"},\"description\":\"Donges tuvo un protagonismo activo en la generaci\u00f3n de ideas que pemitieron la modernizaci\u00f3n de la econom\u00eda espa\u00f1ola - FRP Gaceta\",\"breadcrumb\":{\"@id\":\"https:\\\/\\\/frdelpino.es\\\/actualidad\\\/en-memoria-del-profesor-juergen-b-donges\\\/#breadcrumb\"},\"inLanguage\":\"es\",\"potentialAction\":[{\"@type\":\"ReadAction\",\"target\":[\"https:\\\/\\\/frdelpino.es\\\/actualidad\\\/en-memoria-del-profesor-juergen-b-donges\\\/\"]}]},{\"@type\":\"ImageObject\",\"inLanguage\":\"es\",\"@id\":\"https:\\\/\\\/frdelpino.es\\\/actualidad\\\/en-memoria-del-profesor-juergen-b-donges\\\/#primaryimage\",\"url\":\"https:\\\/\\\/frdelpino.es\\\/actualidad\\\/wp-content\\\/uploads\\\/2022\\\/02\\\/donges16_w11_bj.jpg\",\"contentUrl\":\"https:\\\/\\\/frdelpino.es\\\/actualidad\\\/wp-content\\\/uploads\\\/2022\\\/02\\\/donges16_w11_bj.jpg\",\"width\":1200,\"height\":800,\"caption\":\"La Fundaci\u00f3n Rafael del Pino ororganiza la Conferencia Magistral de Juergen B. Donges \\\"Econom\u00eda Europea. Una apuesta contra la confusi\u00f3n\\\". En Madrid el 20 de mayo de 2016. DS\"},{\"@type\":\"BreadcrumbList\",\"@id\":\"https:\\\/\\\/frdelpino.es\\\/actualidad\\\/en-memoria-del-profesor-juergen-b-donges\\\/#breadcrumb\",\"itemListElement\":[{\"@type\":\"ListItem\",\"position\":1,\"name\":\"Portada\",\"item\":\"https:\\\/\\\/frdelpino.es\\\/actualidad\\\/\"},{\"@type\":\"ListItem\",\"position\":2,\"name\":\"En memoria del Profesor Juergen B. Donges\"}]},{\"@type\":\"WebSite\",\"@id\":\"https:\\\/\\\/frdelpino.es\\\/actualidad\\\/#website\",\"url\":\"https:\\\/\\\/frdelpino.es\\\/actualidad\\\/\",\"name\":\"FRP Gaceta\",\"description\":\"Una iniciativa de la Fundaci\u00f3n Rafael del Pino\",\"potentialAction\":[{\"@type\":\"SearchAction\",\"target\":{\"@type\":\"EntryPoint\",\"urlTemplate\":\"https:\\\/\\\/frdelpino.es\\\/actualidad\\\/?s={search_term_string}\"},\"query-input\":{\"@type\":\"PropertyValueSpecification\",\"valueRequired\":true,\"valueName\":\"search_term_string\"}}],\"inLanguage\":\"es\"},{\"@type\":\"Person\",\"@id\":\"https:\\\/\\\/frdelpino.es\\\/actualidad\\\/#\\\/schema\\\/person\\\/ada1d98a172238d0ee8fe3efdbc0a8c1\",\"name\":\"Emilio Gonz\u00e1lez\",\"url\":\"https:\\\/\\\/frdelpino.es\\\/actualidad\\\/author\\\/emilio-gonzalez\\\/\"}]}<\/script>\n<!-- \/ Yoast SEO plugin. -->","yoast_head_json":{"title":"En memoria del Profesor Juergen B. Donges - FRP Gaceta","description":"Donges tuvo un protagonismo activo en la generaci\u00f3n de ideas que pemitieron la modernizaci\u00f3n de la econom\u00eda espa\u00f1ola - FRP Gaceta","robots":{"index":"index","follow":"follow","max-snippet":"max-snippet:-1","max-image-preview":"max-image-preview:large","max-video-preview":"max-video-preview:-1"},"canonical":"https:\/\/frdelpino.es\/actualidad\/en-memoria-del-profesor-juergen-b-donges\/","og_locale":"es_ES","og_type":"article","og_title":"En memoria del Profesor Juergen B. Donges - FRP Gaceta","og_description":"Donges tuvo un protagonismo activo en la generaci\u00f3n de ideas que pemitieron la modernizaci\u00f3n de la econom\u00eda espa\u00f1ola - FRP Gaceta","og_url":"https:\/\/frdelpino.es\/actualidad\/en-memoria-del-profesor-juergen-b-donges\/","og_site_name":"FRP Gaceta","article_publisher":"https:\/\/www.facebook.com\/frdelpino","article_published_time":"2022-03-03T08:15:03+00:00","og_image":[{"width":1200,"height":800,"url":"https:\/\/frdelpino.es\/actualidad\/wp-content\/uploads\/2022\/02\/donges16_w11_bj.jpg","type":"image\/jpeg"}],"author":"Emilio Gonz\u00e1lez","twitter_card":"summary_large_image","twitter_creator":"@frdelpino","twitter_site":"@frdelpino","twitter_misc":{"Escrito por":"Emilio Gonz\u00e1lez","Tiempo de lectura":"6 minutos"},"schema":{"@context":"https:\/\/schema.org","@graph":[{"@type":"Article","@id":"https:\/\/frdelpino.es\/actualidad\/en-memoria-del-profesor-juergen-b-donges\/#article","isPartOf":{"@id":"https:\/\/frdelpino.es\/actualidad\/en-memoria-del-profesor-juergen-b-donges\/"},"author":{"name":"Emilio Gonz\u00e1lez","@id":"https:\/\/frdelpino.es\/actualidad\/#\/schema\/person\/ada1d98a172238d0ee8fe3efdbc0a8c1"},"headline":"En memoria del Profesor Juergen B. Donges","datePublished":"2022-03-03T08:15:03+00:00","mainEntityOfPage":{"@id":"https:\/\/frdelpino.es\/actualidad\/en-memoria-del-profesor-juergen-b-donges\/"},"wordCount":1323,"image":{"@id":"https:\/\/frdelpino.es\/actualidad\/en-memoria-del-profesor-juergen-b-donges\/#primaryimage"},"thumbnailUrl":"https:\/\/frdelpino.es\/actualidad\/wp-content\/uploads\/2022\/02\/donges16_w11_bj.jpg","keywords":["econom\u00eda","educaci\u00f3n","empleo","espa\u00f1a","macroeconom\u00eda","mercado"],"articleSection":["Econom\u00eda y empresa"],"inLanguage":"es"},{"@type":"WebPage","@id":"https:\/\/frdelpino.es\/actualidad\/en-memoria-del-profesor-juergen-b-donges\/","url":"https:\/\/frdelpino.es\/actualidad\/en-memoria-del-profesor-juergen-b-donges\/","name":"En memoria del Profesor Juergen B. Donges - FRP Gaceta","isPartOf":{"@id":"https:\/\/frdelpino.es\/actualidad\/#website"},"primaryImageOfPage":{"@id":"https:\/\/frdelpino.es\/actualidad\/en-memoria-del-profesor-juergen-b-donges\/#primaryimage"},"image":{"@id":"https:\/\/frdelpino.es\/actualidad\/en-memoria-del-profesor-juergen-b-donges\/#primaryimage"},"thumbnailUrl":"https:\/\/frdelpino.es\/actualidad\/wp-content\/uploads\/2022\/02\/donges16_w11_bj.jpg","datePublished":"2022-03-03T08:15:03+00:00","author":{"@id":"https:\/\/frdelpino.es\/actualidad\/#\/schema\/person\/ada1d98a172238d0ee8fe3efdbc0a8c1"},"description":"Donges tuvo un protagonismo activo en la generaci\u00f3n de ideas que pemitieron la modernizaci\u00f3n de la econom\u00eda espa\u00f1ola - FRP Gaceta","breadcrumb":{"@id":"https:\/\/frdelpino.es\/actualidad\/en-memoria-del-profesor-juergen-b-donges\/#breadcrumb"},"inLanguage":"es","potentialAction":[{"@type":"ReadAction","target":["https:\/\/frdelpino.es\/actualidad\/en-memoria-del-profesor-juergen-b-donges\/"]}]},{"@type":"ImageObject","inLanguage":"es","@id":"https:\/\/frdelpino.es\/actualidad\/en-memoria-del-profesor-juergen-b-donges\/#primaryimage","url":"https:\/\/frdelpino.es\/actualidad\/wp-content\/uploads\/2022\/02\/donges16_w11_bj.jpg","contentUrl":"https:\/\/frdelpino.es\/actualidad\/wp-content\/uploads\/2022\/02\/donges16_w11_bj.jpg","width":1200,"height":800,"caption":"La Fundaci\u00f3n Rafael del Pino ororganiza la Conferencia Magistral de Juergen B. Donges \"Econom\u00eda Europea. Una apuesta contra la confusi\u00f3n\". En Madrid el 20 de mayo de 2016. DS"},{"@type":"BreadcrumbList","@id":"https:\/\/frdelpino.es\/actualidad\/en-memoria-del-profesor-juergen-b-donges\/#breadcrumb","itemListElement":[{"@type":"ListItem","position":1,"name":"Portada","item":"https:\/\/frdelpino.es\/actualidad\/"},{"@type":"ListItem","position":2,"name":"En memoria del Profesor Juergen B. Donges"}]},{"@type":"WebSite","@id":"https:\/\/frdelpino.es\/actualidad\/#website","url":"https:\/\/frdelpino.es\/actualidad\/","name":"FRP Gaceta","description":"Una iniciativa de la Fundaci\u00f3n Rafael del Pino","potentialAction":[{"@type":"SearchAction","target":{"@type":"EntryPoint","urlTemplate":"https:\/\/frdelpino.es\/actualidad\/?s={search_term_string}"},"query-input":{"@type":"PropertyValueSpecification","valueRequired":true,"valueName":"search_term_string"}}],"inLanguage":"es"},{"@type":"Person","@id":"https:\/\/frdelpino.es\/actualidad\/#\/schema\/person\/ada1d98a172238d0ee8fe3efdbc0a8c1","name":"Emilio Gonz\u00e1lez","url":"https:\/\/frdelpino.es\/actualidad\/author\/emilio-gonzalez\/"}]}},"_links":{"self":[{"href":"https:\/\/frdelpino.es\/actualidad\/wp-json\/wp\/v2\/posts\/4398","targetHints":{"allow":["GET"]}}],"collection":[{"href":"https:\/\/frdelpino.es\/actualidad\/wp-json\/wp\/v2\/posts"}],"about":[{"href":"https:\/\/frdelpino.es\/actualidad\/wp-json\/wp\/v2\/types\/post"}],"author":[{"embeddable":true,"href":"https:\/\/frdelpino.es\/actualidad\/wp-json\/wp\/v2\/users\/7"}],"replies":[{"embeddable":true,"href":"https:\/\/frdelpino.es\/actualidad\/wp-json\/wp\/v2\/comments?post=4398"}],"version-history":[{"count":7,"href":"https:\/\/frdelpino.es\/actualidad\/wp-json\/wp\/v2\/posts\/4398\/revisions"}],"predecessor-version":[{"id":4433,"href":"https:\/\/frdelpino.es\/actualidad\/wp-json\/wp\/v2\/posts\/4398\/revisions\/4433"}],"wp:featuredmedia":[{"embeddable":true,"href":"https:\/\/frdelpino.es\/actualidad\/wp-json\/wp\/v2\/media\/4413"}],"wp:attachment":[{"href":"https:\/\/frdelpino.es\/actualidad\/wp-json\/wp\/v2\/media?parent=4398"}],"wp:term":[{"taxonomy":"category","embeddable":true,"href":"https:\/\/frdelpino.es\/actualidad\/wp-json\/wp\/v2\/categories?post=4398"},{"taxonomy":"post_tag","embeddable":true,"href":"https:\/\/frdelpino.es\/actualidad\/wp-json\/wp\/v2\/tags?post=4398"}],"curies":[{"name":"wp","href":"https:\/\/api.w.org\/{rel}","templated":true}]}}