{"id":4558,"date":"2022-07-29T10:48:03","date_gmt":"2022-07-29T08:48:03","guid":{"rendered":"https:\/\/frdelpino.es\/actualidad\/?p=4558"},"modified":"2022-07-29T12:52:22","modified_gmt":"2022-07-29T10:52:22","slug":"politica-en-el-siglo-xxi","status":"publish","type":"post","link":"https:\/\/frdelpino.es\/actualidad\/politica-en-el-siglo-xxi\/","title":{"rendered":"Pol\u00edtica en el siglo XXI: autocracia y reinvenci\u00f3n"},"content":{"rendered":"<p style=\"text-align: justify;\">En la pol\u00edtica de finales del siglo XX, la democracia y la libertad parec\u00edan consolidadas. La mayor parte de los pa\u00edses del mundo apostaban por ellas o avanzaban en esa direcci\u00f3n. En el siglo XXI, en cambio, se ven amenazadas por una oleada creciente de gobiernos autocr\u00e1ticos. Lo explica <span style=\"color: #008080;\"><strong>Mois\u00e9s Na\u00edm<\/strong><\/span>, columnista y miembro distinguido del Carnegie Endowment for International Peace en Washington.<\/p>\n<h2 style=\"text-align: justify;\">Las tres &#8216;Ps&#8217; de la pol\u00edtica del siglo XXI<\/h2>\n<p style=\"text-align: justify;\">Hay tres \u2018Ps\u2019 que est\u00e1n reinventando la pol\u00edtica del siglo XXI: populismo, polarizaci\u00f3n y posverdad. El populismo siempre ha existido. La polarizaci\u00f3n es la sociedad dividida y enfrentada. Todo ello act\u00faa en medio de la propaganda, a la que ahora llamamos posverdad. Estas tres \u2018Ps\u2019 han adquirido una potencia y unas formas de interactuar de las que carec\u00edan antes.<\/p>\n<p style=\"text-align: justify;\">Al populismo se le confunde con una ideolog\u00eda, pero no lo es. Es una caja llena de herramientas, trucos y t\u00e1cticas para obtener el poder y no dejarlo. Esta pol\u00edtica se basa en la estrategia de <em>divide y vencer\u00e1s.<\/em> La gran divisi\u00f3n social es entre el pueblo maltratado y una \u00e9lite que abusa y lo maltrata. En medio aparece siempre un caudillo que ofrece al pueblo noble el fin del maltrato. As\u00ed llega al poder. La divisi\u00f3n, ahora, es producto de una polarizaci\u00f3n t\u00f3xica. Consiste en no aceptar que los rivales tienen derecho a poder gobernar. Es la polarizaci\u00f3n que estamos viendo en las democracias actuales.<\/p>\n<h2 style=\"text-align: justify;\">Polarizaci\u00f3n y posverdad en pol\u00edtica<\/h2>\n<p style=\"text-align: justify;\">Esa polarizaci\u00f3n se ve influida por la posverdad. Antes se hablaba de propaganda. La posverdad la incluye, pero la transciende al tratar de crear un mundo artificial al servicio del poder. La mentira se convierte, as\u00ed, en instrumento normal de la pol\u00edtica. La mendacidad deviene en estrategia fundamental. La gran mentira forma parte del arsenal habitual de los populistas. Por ello, hay que disminuir la impunidad de los mentirosos.<\/p>\n<p style=\"text-align: justify;\">Hist\u00f3ricamente, los dictadores eran militares que daban un golpe de Estado y asum\u00edan el poder. La toma del poder ahora ya no es as\u00ed. Ahora es un proceso en el que, poco a poco, se van socavando los elementos fundamentales de una democracia. Se hace de forma que la poblaci\u00f3n no lo perciba, colocando a sus partidarios en el poder judicial, comprando parlamentarios, aprobando leyes a \u00faltima hora de la noche del viernes.<\/p>\n<h2 style=\"text-align: justify;\">La democracia en retroceso<\/h2>\n<p><img loading=\"lazy\" decoding=\"async\" class=\"alignleft wp-image-4383 size-thumbnail\" src=\"https:\/\/frdelpino.es\/actualidad\/wp-content\/uploads\/2018\/05\/AdobeStock_90491131bj-150x150.jpg\" alt=\"\" width=\"150\" height=\"150\" \/><\/p>\n<p style=\"text-align: justify;\">Eso paso en la d\u00e9cada pasada. En 2011, el 40% de la humanidad viv\u00eda en r\u00e9gimen autocr\u00e1ticos, en 2021 era el 70%. El n\u00famero de pa\u00edses que son democracias ha disminuido a 31. \u00bfCausas? La aparici\u00f3n de las redes sociales, con su inmensa influencia sobre la sociedad. La aparici\u00f3n de nuevas alianzas y de todo tipo de realidades. La llegada de Xi Jinping al poder. Mientras pasaba todo esto, se ejecutaban todos esos trucos para acabar con la democracia.<\/p>\n<p style=\"text-align: justify;\">En consecuencia, nos hallamos en presencia de estados criminales. No se trata de bandas organizadas asociadas con funcionarios o pol\u00edticos para robar, para delinquir. Ahora el gobierno es el organismo criminal, organizado, permanente, que persigue el lucro de la elite autocr\u00e1tica. Este gobierno utiliza las t\u00e1cticas del crimen organizado como t\u00e1cticas de pol\u00edtica interna y externa. Lo hace para promover y apoyar objetivos de los oligarcas en el poder.<\/p>\n<h2 style=\"text-align: justify;\">La necesidad de legitimaci\u00f3n<\/h2>\n<p style=\"text-align: justify;\">\u00bfPor qu\u00e9 si la democracia est\u00e1 en declive hay tantas elecciones? Porque los aut\u00f3cratas las necesitan puesto que proporcionan legitimidad. Es el caso de Hungr\u00eda, Venezuela o Rusia. \u00bfPor qu\u00e9 Putin tiene que hacer estar piruetas institucionales, cuando es tan poderoso? Por la b\u00fasqueda de legitimidad y por las grandes mentiras.<\/p>\n<p style=\"text-align: justify;\">Somos consumidores ingenuos de la pol\u00edtica. Resulta f\u00e1cil enga\u00f1ar a las personas, manipularlas. Todo eso ahora est\u00e1 potenciado por las redes sociales y las nuevas tecnolog\u00edas. Adem\u00e1s, est\u00e1 la necrofilia pol\u00edtica, que es el amor por ideas muertas, que han sido probadas una y otra vez y siempre fracasan. La necrofilia pol\u00edtica est\u00e1 en pleno auge. Basta o\u00edr los discursos de L\u00f3pez Obrador, Castillo, Maduro, Kirchner. Nos hemos acostumbrado a que solo hay que votar cada cuatro o cinco a\u00f1os y no debemos hacer m\u00e1s. Pero no basta porque podemos perder la libertad.<\/p>\n<h2 style=\"text-align: justify;\">Fracturas<\/h2>\n<p style=\"text-align: justify;\">La pol\u00edtica es una colcha hecha de retazos en la que la polarizaci\u00f3n divide a la sociedad entre el pueblo, la \u00e9lite y todo tipo de identidades. En Chile acaba de haber unas elecciones. En la toma de posesi\u00f3n del nuevo presidente hubo mucha gente. El acto estaba lleno de banderas en las que estaban todas las identidades, pero faltaba una, la de Chile. Eso era la afiliaci\u00f3n de las personas a sus identidades, no a su pa\u00eds. Si se a\u00f1aden las redes sociales y dem\u00e1s, se produce la situaci\u00f3n tan precaria de muchos pa\u00edses.<\/p>\n<p style=\"text-align: justify;\">Los aut\u00f3cratas generan grupos de apoyo mutuo. Orban ha dicho que va a seguir comprando petr\u00f3leo a Putin y pag\u00e1ndole en rublos. En Am\u00e9rica Latina vimos un intento que ha fracasado, que era la alianza que creo Hugo Ch\u00e1vez. Tienen la necesidad y la propensi\u00f3n de buscar aliados en otros pa\u00edses.<\/p>\n<h2 style=\"text-align: justify;\">Una nueva narrativa<\/h2>\n<p style=\"text-align: justify;\">Lidiar con los aut\u00f3cratas depende de la narrativa de c\u00f3mo presentar una democracia. La narrativa del aut\u00f3crata est\u00e1 profundamente enraizada en la anti pol\u00edtica. En ella, todo es malo, lo de antes no sirve y hay que traer algo nuevo. Eso ha destruido muchos pa\u00edses. Por tanto, hay que mejorar la narrativa de la democracia. El problema es que esa narrativa tiene un producto medio obsoleto. La democracia tiene que adaptarse a las realidades del siglo XXI, como el cambio clim\u00e1tico, la inteligencia artificial. Eso transciende fronteras, transciende reg\u00edmenes. Hay que alinear la democracia con las exigencias de las personas del siglo XXI. Los conflictos armados han creado menos refugiados que el calentamiento global. Esa tendencia va a seguir, con costes humanos y materiales nunca antes vistos. La narrativa, en resumen, no puede ser la defensa de una democracia que no se ha actualizado con las realidades del siglo XXI.<\/p>\n<p style=\"text-align: justify;\">Por lo que se refiere a la concentraci\u00f3n de poder y la revancha de los poderosos, hay que disminuir la impunidad de la mentira. Tenemos que ser mejores consumidores digitales, con entes que nos protejan, porque somos v\u00edctimas de las nuevas tecnolog\u00edas. Estas herramientas tecnol\u00f3gicas saben todo de nosotros y utilizan esa informaci\u00f3n con fines comerciales, publicitarios y pol\u00edticos. Pero esto no quiere decir censura. Internet es, esencialmente, un esp\u00edritu de tecnolog\u00eda descentralizada. Adem\u00e1s, hay tecnolog\u00edas que nos van a permitir ser menos ingenuos en el uso de productos digitales. La posverdad, por tanto, va a ser m\u00e1s complicada. Esas tecnolog\u00edas se van a combinar con cambios legislativos con la idea de proteger nuestra privacidad.<\/p>\n<p style=\"text-align: right;\"><a href=\"https:\/\/frdelpino.es\/video-frdelpino\/como-los-autocratas-estan-reinventando-la-politica-del-siglo-xxi\/\"><span style=\"color: #008080;\">Acceda a la conf<\/span><span style=\"color: #008080;\">e<\/span><span style=\"color: #008080;\">rencia<\/span> <span style=\"color: #008080;\">completa<\/span><\/a><\/p>\n<h6 style=\"text-align: justify;\">\u201cLa Fundaci\u00f3n Rafael del Pino no se hace responsable de los comentarios, opiniones o manifestaciones realizados por las personas que participan en sus actividades y que son expresadas como resultado de su derecho inalienable a la libertad de expresi\u00f3n y bajo su entera responsabilidad. Los contenidos incluidos en el presente resumen, realizado para la Fundaci\u00f3n Rafael del Pino por Emilio J. Gonz\u00e1lez, son resultado de los debates mantenidos en el encuentro realizado al efecto en la Fundaci\u00f3n y son responsabilidad de sus autores.\u201d<\/h6>\n","protected":false},"excerpt":{"rendered":"<p>En la pol\u00edtica de finales del siglo XX, la democracia y la libertad parec\u00edan consolidadas. La mayor parte de los pa\u00edses del mundo apostaban por ellas o avanzaban en esa direcci\u00f3n. En el siglo XXI, en cambio, se ven amenazadas por una oleada creciente de gobiernos autocr\u00e1ticos. Lo explica Mois\u00e9s Na\u00edm, columnista y miembro distinguido [&hellip;]<\/p>\n","protected":false},"author":7,"featured_media":4575,"comment_status":"closed","ping_status":"closed","sticky":false,"template":"","format":"standard","meta":{"_acf_changed":false,"footnotes":""},"categories":[8],"tags":[346,14,17,59,77],"class_list":{"0":"post-4558","1":"post","2":"type-post","3":"status-publish","4":"format-standard","5":"has-post-thumbnail","7":"category-sociopolitica","8":"tag-autocracia","9":"tag-ciudadania","10":"tag-democracia","11":"tag-politica","12":"tag-populismo"},"acf":[],"yoast_head":"<!-- This site is optimized with the Yoast SEO plugin v27.4 - https:\/\/yoast.com\/product\/yoast-seo-wordpress\/ -->\n<title>Pol\u00edtica en el siglo XXI: autocracia y reinvenci\u00f3n - FRP Gaceta<\/title>\n<meta name=\"description\" content=\"La pol\u00edtica necesita reinventarse porque la democracia y la libertad se ven amenazas por el avance de gobiernos autocr\u00e1ticos - FRP Gaceta\" \/>\n<meta name=\"robots\" content=\"index, follow, max-snippet:-1, max-image-preview:large, max-video-preview:-1\" \/>\n<link rel=\"canonical\" href=\"https:\/\/frdelpino.es\/actualidad\/politica-en-el-siglo-xxi\/\" \/>\n<meta property=\"og:locale\" content=\"es_ES\" \/>\n<meta property=\"og:type\" content=\"article\" \/>\n<meta property=\"og:title\" content=\"Pol\u00edtica en el siglo XXI: autocracia y reinvenci\u00f3n - FRP Gaceta\" \/>\n<meta property=\"og:description\" content=\"La pol\u00edtica necesita reinventarse porque la democracia y la libertad se ven amenazas por el avance de gobiernos autocr\u00e1ticos - FRP Gaceta\" \/>\n<meta property=\"og:url\" content=\"https:\/\/frdelpino.es\/actualidad\/politica-en-el-siglo-xxi\/\" \/>\n<meta property=\"og:site_name\" content=\"FRP Gaceta\" \/>\n<meta property=\"article:publisher\" content=\"https:\/\/www.facebook.com\/frdelpino\" \/>\n<meta property=\"article:published_time\" content=\"2022-07-29T08:48:03+00:00\" \/>\n<meta property=\"article:modified_time\" content=\"2022-07-29T10:52:22+00:00\" \/>\n<meta property=\"og:image\" content=\"https:\/\/frdelpino.es\/actualidad\/wp-content\/uploads\/2022\/07\/AdobeStock_298401928-bj.png\" \/>\n\t<meta property=\"og:image:width\" content=\"1200\" \/>\n\t<meta property=\"og:image:height\" content=\"707\" \/>\n\t<meta property=\"og:image:type\" content=\"image\/png\" \/>\n<meta name=\"author\" content=\"Emilio Gonz\u00e1lez\" \/>\n<meta name=\"twitter:card\" content=\"summary_large_image\" \/>\n<meta name=\"twitter:creator\" content=\"@frdelpino\" \/>\n<meta name=\"twitter:site\" content=\"@frdelpino\" \/>\n<meta name=\"twitter:label1\" content=\"Escrito por\" \/>\n\t<meta name=\"twitter:data1\" content=\"Emilio Gonz\u00e1lez\" \/>\n\t<meta name=\"twitter:label2\" content=\"Tiempo de lectura\" \/>\n\t<meta name=\"twitter:data2\" content=\"6 minutos\" \/>\n<script type=\"application\/ld+json\" class=\"yoast-schema-graph\">{\"@context\":\"https:\\\/\\\/schema.org\",\"@graph\":[{\"@type\":\"Article\",\"@id\":\"https:\\\/\\\/frdelpino.es\\\/actualidad\\\/politica-en-el-siglo-xxi\\\/#article\",\"isPartOf\":{\"@id\":\"https:\\\/\\\/frdelpino.es\\\/actualidad\\\/politica-en-el-siglo-xxi\\\/\"},\"author\":{\"name\":\"Emilio Gonz\u00e1lez\",\"@id\":\"https:\\\/\\\/frdelpino.es\\\/actualidad\\\/#\\\/schema\\\/person\\\/ada1d98a172238d0ee8fe3efdbc0a8c1\"},\"headline\":\"Pol\u00edtica en el siglo XXI: autocracia y reinvenci\u00f3n\",\"datePublished\":\"2022-07-29T08:48:03+00:00\",\"dateModified\":\"2022-07-29T10:52:22+00:00\",\"mainEntityOfPage\":{\"@id\":\"https:\\\/\\\/frdelpino.es\\\/actualidad\\\/politica-en-el-siglo-xxi\\\/\"},\"wordCount\":1292,\"image\":{\"@id\":\"https:\\\/\\\/frdelpino.es\\\/actualidad\\\/politica-en-el-siglo-xxi\\\/#primaryimage\"},\"thumbnailUrl\":\"https:\\\/\\\/frdelpino.es\\\/actualidad\\\/wp-content\\\/uploads\\\/2022\\\/07\\\/AdobeStock_298401928-bj.png\",\"keywords\":[\"autocracia\",\"ciudadan\u00eda\",\"democracia\",\"pol\u00edtica\",\"populismo\"],\"articleSection\":[\"Sociopol\u00edtica\"],\"inLanguage\":\"es\"},{\"@type\":\"WebPage\",\"@id\":\"https:\\\/\\\/frdelpino.es\\\/actualidad\\\/politica-en-el-siglo-xxi\\\/\",\"url\":\"https:\\\/\\\/frdelpino.es\\\/actualidad\\\/politica-en-el-siglo-xxi\\\/\",\"name\":\"Pol\u00edtica en el siglo XXI: autocracia y reinvenci\u00f3n - FRP Gaceta\",\"isPartOf\":{\"@id\":\"https:\\\/\\\/frdelpino.es\\\/actualidad\\\/#website\"},\"primaryImageOfPage\":{\"@id\":\"https:\\\/\\\/frdelpino.es\\\/actualidad\\\/politica-en-el-siglo-xxi\\\/#primaryimage\"},\"image\":{\"@id\":\"https:\\\/\\\/frdelpino.es\\\/actualidad\\\/politica-en-el-siglo-xxi\\\/#primaryimage\"},\"thumbnailUrl\":\"https:\\\/\\\/frdelpino.es\\\/actualidad\\\/wp-content\\\/uploads\\\/2022\\\/07\\\/AdobeStock_298401928-bj.png\",\"datePublished\":\"2022-07-29T08:48:03+00:00\",\"dateModified\":\"2022-07-29T10:52:22+00:00\",\"author\":{\"@id\":\"https:\\\/\\\/frdelpino.es\\\/actualidad\\\/#\\\/schema\\\/person\\\/ada1d98a172238d0ee8fe3efdbc0a8c1\"},\"description\":\"La pol\u00edtica necesita reinventarse porque la democracia y la libertad se ven amenazas por el avance de gobiernos autocr\u00e1ticos - FRP Gaceta\",\"breadcrumb\":{\"@id\":\"https:\\\/\\\/frdelpino.es\\\/actualidad\\\/politica-en-el-siglo-xxi\\\/#breadcrumb\"},\"inLanguage\":\"es\",\"potentialAction\":[{\"@type\":\"ReadAction\",\"target\":[\"https:\\\/\\\/frdelpino.es\\\/actualidad\\\/politica-en-el-siglo-xxi\\\/\"]}]},{\"@type\":\"ImageObject\",\"inLanguage\":\"es\",\"@id\":\"https:\\\/\\\/frdelpino.es\\\/actualidad\\\/politica-en-el-siglo-xxi\\\/#primaryimage\",\"url\":\"https:\\\/\\\/frdelpino.es\\\/actualidad\\\/wp-content\\\/uploads\\\/2022\\\/07\\\/AdobeStock_298401928-bj.png\",\"contentUrl\":\"https:\\\/\\\/frdelpino.es\\\/actualidad\\\/wp-content\\\/uploads\\\/2022\\\/07\\\/AdobeStock_298401928-bj.png\",\"width\":1200,\"height\":707},{\"@type\":\"BreadcrumbList\",\"@id\":\"https:\\\/\\\/frdelpino.es\\\/actualidad\\\/politica-en-el-siglo-xxi\\\/#breadcrumb\",\"itemListElement\":[{\"@type\":\"ListItem\",\"position\":1,\"name\":\"Portada\",\"item\":\"https:\\\/\\\/frdelpino.es\\\/actualidad\\\/\"},{\"@type\":\"ListItem\",\"position\":2,\"name\":\"Pol\u00edtica en el siglo XXI: autocracia y reinvenci\u00f3n\"}]},{\"@type\":\"WebSite\",\"@id\":\"https:\\\/\\\/frdelpino.es\\\/actualidad\\\/#website\",\"url\":\"https:\\\/\\\/frdelpino.es\\\/actualidad\\\/\",\"name\":\"FRP Gaceta\",\"description\":\"Una iniciativa de la Fundaci\u00f3n Rafael del Pino\",\"potentialAction\":[{\"@type\":\"SearchAction\",\"target\":{\"@type\":\"EntryPoint\",\"urlTemplate\":\"https:\\\/\\\/frdelpino.es\\\/actualidad\\\/?s={search_term_string}\"},\"query-input\":{\"@type\":\"PropertyValueSpecification\",\"valueRequired\":true,\"valueName\":\"search_term_string\"}}],\"inLanguage\":\"es\"},{\"@type\":\"Person\",\"@id\":\"https:\\\/\\\/frdelpino.es\\\/actualidad\\\/#\\\/schema\\\/person\\\/ada1d98a172238d0ee8fe3efdbc0a8c1\",\"name\":\"Emilio Gonz\u00e1lez\",\"url\":\"https:\\\/\\\/frdelpino.es\\\/actualidad\\\/author\\\/emilio-gonzalez\\\/\"}]}<\/script>\n<!-- \/ Yoast SEO plugin. -->","yoast_head_json":{"title":"Pol\u00edtica en el siglo XXI: autocracia y reinvenci\u00f3n - FRP Gaceta","description":"La pol\u00edtica necesita reinventarse porque la democracia y la libertad se ven amenazas por el avance de gobiernos autocr\u00e1ticos - FRP Gaceta","robots":{"index":"index","follow":"follow","max-snippet":"max-snippet:-1","max-image-preview":"max-image-preview:large","max-video-preview":"max-video-preview:-1"},"canonical":"https:\/\/frdelpino.es\/actualidad\/politica-en-el-siglo-xxi\/","og_locale":"es_ES","og_type":"article","og_title":"Pol\u00edtica en el siglo XXI: autocracia y reinvenci\u00f3n - FRP Gaceta","og_description":"La pol\u00edtica necesita reinventarse porque la democracia y la libertad se ven amenazas por el avance de gobiernos autocr\u00e1ticos - FRP Gaceta","og_url":"https:\/\/frdelpino.es\/actualidad\/politica-en-el-siglo-xxi\/","og_site_name":"FRP Gaceta","article_publisher":"https:\/\/www.facebook.com\/frdelpino","article_published_time":"2022-07-29T08:48:03+00:00","article_modified_time":"2022-07-29T10:52:22+00:00","og_image":[{"width":1200,"height":707,"url":"https:\/\/frdelpino.es\/actualidad\/wp-content\/uploads\/2022\/07\/AdobeStock_298401928-bj.png","type":"image\/png"}],"author":"Emilio Gonz\u00e1lez","twitter_card":"summary_large_image","twitter_creator":"@frdelpino","twitter_site":"@frdelpino","twitter_misc":{"Escrito por":"Emilio Gonz\u00e1lez","Tiempo de lectura":"6 minutos"},"schema":{"@context":"https:\/\/schema.org","@graph":[{"@type":"Article","@id":"https:\/\/frdelpino.es\/actualidad\/politica-en-el-siglo-xxi\/#article","isPartOf":{"@id":"https:\/\/frdelpino.es\/actualidad\/politica-en-el-siglo-xxi\/"},"author":{"name":"Emilio Gonz\u00e1lez","@id":"https:\/\/frdelpino.es\/actualidad\/#\/schema\/person\/ada1d98a172238d0ee8fe3efdbc0a8c1"},"headline":"Pol\u00edtica en el siglo XXI: autocracia y reinvenci\u00f3n","datePublished":"2022-07-29T08:48:03+00:00","dateModified":"2022-07-29T10:52:22+00:00","mainEntityOfPage":{"@id":"https:\/\/frdelpino.es\/actualidad\/politica-en-el-siglo-xxi\/"},"wordCount":1292,"image":{"@id":"https:\/\/frdelpino.es\/actualidad\/politica-en-el-siglo-xxi\/#primaryimage"},"thumbnailUrl":"https:\/\/frdelpino.es\/actualidad\/wp-content\/uploads\/2022\/07\/AdobeStock_298401928-bj.png","keywords":["autocracia","ciudadan\u00eda","democracia","pol\u00edtica","populismo"],"articleSection":["Sociopol\u00edtica"],"inLanguage":"es"},{"@type":"WebPage","@id":"https:\/\/frdelpino.es\/actualidad\/politica-en-el-siglo-xxi\/","url":"https:\/\/frdelpino.es\/actualidad\/politica-en-el-siglo-xxi\/","name":"Pol\u00edtica en el siglo XXI: autocracia y reinvenci\u00f3n - FRP Gaceta","isPartOf":{"@id":"https:\/\/frdelpino.es\/actualidad\/#website"},"primaryImageOfPage":{"@id":"https:\/\/frdelpino.es\/actualidad\/politica-en-el-siglo-xxi\/#primaryimage"},"image":{"@id":"https:\/\/frdelpino.es\/actualidad\/politica-en-el-siglo-xxi\/#primaryimage"},"thumbnailUrl":"https:\/\/frdelpino.es\/actualidad\/wp-content\/uploads\/2022\/07\/AdobeStock_298401928-bj.png","datePublished":"2022-07-29T08:48:03+00:00","dateModified":"2022-07-29T10:52:22+00:00","author":{"@id":"https:\/\/frdelpino.es\/actualidad\/#\/schema\/person\/ada1d98a172238d0ee8fe3efdbc0a8c1"},"description":"La pol\u00edtica necesita reinventarse porque la democracia y la libertad se ven amenazas por el avance de gobiernos autocr\u00e1ticos - FRP Gaceta","breadcrumb":{"@id":"https:\/\/frdelpino.es\/actualidad\/politica-en-el-siglo-xxi\/#breadcrumb"},"inLanguage":"es","potentialAction":[{"@type":"ReadAction","target":["https:\/\/frdelpino.es\/actualidad\/politica-en-el-siglo-xxi\/"]}]},{"@type":"ImageObject","inLanguage":"es","@id":"https:\/\/frdelpino.es\/actualidad\/politica-en-el-siglo-xxi\/#primaryimage","url":"https:\/\/frdelpino.es\/actualidad\/wp-content\/uploads\/2022\/07\/AdobeStock_298401928-bj.png","contentUrl":"https:\/\/frdelpino.es\/actualidad\/wp-content\/uploads\/2022\/07\/AdobeStock_298401928-bj.png","width":1200,"height":707},{"@type":"BreadcrumbList","@id":"https:\/\/frdelpino.es\/actualidad\/politica-en-el-siglo-xxi\/#breadcrumb","itemListElement":[{"@type":"ListItem","position":1,"name":"Portada","item":"https:\/\/frdelpino.es\/actualidad\/"},{"@type":"ListItem","position":2,"name":"Pol\u00edtica en el siglo XXI: autocracia y reinvenci\u00f3n"}]},{"@type":"WebSite","@id":"https:\/\/frdelpino.es\/actualidad\/#website","url":"https:\/\/frdelpino.es\/actualidad\/","name":"FRP Gaceta","description":"Una iniciativa de la Fundaci\u00f3n Rafael del Pino","potentialAction":[{"@type":"SearchAction","target":{"@type":"EntryPoint","urlTemplate":"https:\/\/frdelpino.es\/actualidad\/?s={search_term_string}"},"query-input":{"@type":"PropertyValueSpecification","valueRequired":true,"valueName":"search_term_string"}}],"inLanguage":"es"},{"@type":"Person","@id":"https:\/\/frdelpino.es\/actualidad\/#\/schema\/person\/ada1d98a172238d0ee8fe3efdbc0a8c1","name":"Emilio Gonz\u00e1lez","url":"https:\/\/frdelpino.es\/actualidad\/author\/emilio-gonzalez\/"}]}},"_links":{"self":[{"href":"https:\/\/frdelpino.es\/actualidad\/wp-json\/wp\/v2\/posts\/4558","targetHints":{"allow":["GET"]}}],"collection":[{"href":"https:\/\/frdelpino.es\/actualidad\/wp-json\/wp\/v2\/posts"}],"about":[{"href":"https:\/\/frdelpino.es\/actualidad\/wp-json\/wp\/v2\/types\/post"}],"author":[{"embeddable":true,"href":"https:\/\/frdelpino.es\/actualidad\/wp-json\/wp\/v2\/users\/7"}],"replies":[{"embeddable":true,"href":"https:\/\/frdelpino.es\/actualidad\/wp-json\/wp\/v2\/comments?post=4558"}],"version-history":[{"count":5,"href":"https:\/\/frdelpino.es\/actualidad\/wp-json\/wp\/v2\/posts\/4558\/revisions"}],"predecessor-version":[{"id":4604,"href":"https:\/\/frdelpino.es\/actualidad\/wp-json\/wp\/v2\/posts\/4558\/revisions\/4604"}],"wp:featuredmedia":[{"embeddable":true,"href":"https:\/\/frdelpino.es\/actualidad\/wp-json\/wp\/v2\/media\/4575"}],"wp:attachment":[{"href":"https:\/\/frdelpino.es\/actualidad\/wp-json\/wp\/v2\/media?parent=4558"}],"wp:term":[{"taxonomy":"category","embeddable":true,"href":"https:\/\/frdelpino.es\/actualidad\/wp-json\/wp\/v2\/categories?post=4558"},{"taxonomy":"post_tag","embeddable":true,"href":"https:\/\/frdelpino.es\/actualidad\/wp-json\/wp\/v2\/tags?post=4558"}],"curies":[{"name":"wp","href":"https:\/\/api.w.org\/{rel}","templated":true}]}}