{"id":471,"date":"2018-04-04T15:19:04","date_gmt":"2018-04-04T15:19:04","guid":{"rendered":"https:\/\/frdelpino.es\/try\/actualidad\/?p=471"},"modified":"2023-12-29T12:16:04","modified_gmt":"2023-12-29T10:16:04","slug":"crisis-democracia","status":"publish","type":"post","link":"https:\/\/frdelpino.es\/actualidad\/crisis-democracia\/","title":{"rendered":"La desafecci\u00f3n de la pol\u00edtica"},"content":{"rendered":"<p style=\"text-align: justify;\">Las democracias europeas, y occidentales\u00a0en general, viven tiempos bastante agitados.\u00a0Algunos autores hablan, incluso, de \u201ccrisis de la\u00a0democracia\u201d, aunque quiz\u00e1 fuera m\u00e1s correcto\u00a0decir que el estado natural de las democracias\u00a0de corte liberal es de crisis existencial, dada\u00a0su fragilidad, pero tambi\u00e9n su capacidad de\u00a0resistencia (P\u00e9rez D\u00edaz, 2008).<\/p>\n<p style=\"text-align: justify;\">Se observan en las \u00faltimas d\u00e9cadas algunos\u00a0fen\u00f3menos preocupantes desde el punto de vista\u00a0de esa fragilidad existencial, porque dificultan\u00a0el funcionamiento de la democracia y\/o porque\u00a0hacen m\u00e1s dif\u00edcil conseguir el apoyo ciudadano\u00a0que requiere como r\u00e9gimen pol\u00edtico, incluyendo\u00a0un grado sustancial de participaci\u00f3n c\u00edvica.<\/p>\n<blockquote class=\"td_quote_box td_box_left\">\n<p style=\"text-align: justify;\">El estado natural de las democracias\u00a0de corte liberal es de crisis existencial, dada\u00a0su fragilidad, pero tambi\u00e9n su capacidad de\u00a0resistencia<\/p>\n<\/blockquote>\n<p style=\"text-align: justify;\">Se\u00a0trata de fen\u00f3menos tales como la desconfianza\u00a0creciente de la ciudadan\u00eda en la clase pol\u00edtica en\u00a0bastantes pa\u00edses, la extendida sensaci\u00f3n (tambi\u00e9n\u00a0en bastantes pa\u00edses) de que las democracias\u00a0no funcionan tan bien como debieran o no\u00a0son capaces de afrontar nuevos problemas de\u00a0dimensi\u00f3n global, y regional, la tendencia a\u00a0la ca\u00edda en la participaci\u00f3n en las elecciones\u00a0generales, la ca\u00edda en las tasas de pertenencia a\u00a0partidos pol\u00edticos, la ca\u00edda en el voto a partidos tradicionales como los socialdem\u00f3cratas (pero no\u00a0solo a ellos), la emergencia de partidos populistas\u00a0que tienden a cuestionar los fundamentos de\u00a0las democracias liberales realmente existentes,\u00a0entre otros. Muchos de esos fen\u00f3menos suelen\u00a0englobarse en la tem\u00e1tica del descontento o la\u00a0desafecci\u00f3n pol\u00edtica.<\/p>\n<p style=\"text-align: justify;\">En ese contexto, la Fundaci\u00f3n Rafael del Pino\u00a0encarg\u00f3 a <span style=\"color: #008080;\"><strong>V\u00edctor P\u00e9rez-D\u00edaz\u00a0<\/strong><\/span>la convocatoria\u00a0y coordinaci\u00f3n de una reuni\u00f3n en que pusieran\u00a0sus ideas en com\u00fan expertos en esa problem\u00e1tica,\u00a0por su dedicaci\u00f3n acad\u00e9mica, investigadora o de\u00a0participaci\u00f3n en la discusi\u00f3n p\u00fablica espa\u00f1ola. La\u00a0reuni\u00f3n se celebr\u00f3 el 21 de noviembre de 2017,\u00a0en la sede de la Fundaci\u00f3n, bajo su liderazgo y cont\u00f3 con la participaci\u00f3n de representantes de entidades como Fundaci\u00f3n Alternativas, Hay Derecho, Revista de Libros, Fundaci\u00f3n FAES y las Universidades de Murcia, Barcelona y Carlos III.<\/p>\n<p style=\"text-align: justify;\">En el coloquio se debati\u00f3 sobre la cuesti\u00f3n desde tres puntos de vista: c\u00f3mo hay que entender el fen\u00f3meno de la desafecci\u00f3n pol\u00edtica, cu\u00e1les son sus causas posibles, y qu\u00e9 tipo de remedios caben.<em>\u00a0<\/em><\/p>\n<p><strong>El fen\u00f3meno de la desafecci\u00f3n pol\u00edtica<\/strong><\/p>\n<p style=\"text-align: justify;\">El entendimiento habitual de la desafecci\u00f3n en los estudios de ciencia pol\u00edtica se refiere a un fen\u00f3meno reciente de distanciamiento de la ciudadan\u00eda con respecto a la pol\u00edtica, que se refleja en las encuestas y, en ocasiones, en un aumento de la abstenci\u00f3n electoral. Una variante de esa interpretaci\u00f3n enfatiza la crisis de los partidos pol\u00edticos, m\u00e1s evidente en la socialdemocracia, los malos resultados electorales de los partidos tradicionales, y la emergencia de partidos populistas.<\/p>\n<p style=\"text-align: justify;\">Compatible con ambas interpretaciones es el recordatorio fundamental de que el fen\u00f3meno es m\u00e1s evidente en unos pa\u00edses que en otros, resaltando el contraste entre el norte y el sur de Europa. Una interpretaci\u00f3n con m\u00e1s recorrido hist\u00f3rico entiende la desafecci\u00f3n como un fen\u00f3meno recurrente en la historia de los reg\u00edmenes liberales y democr\u00e1ticos, y plantea prestar una especial atenci\u00f3n a lo ocurrido a finales del siglo XIX y en los a\u00f1os treinta del XX.<\/p>\n<p><strong>Causas<\/strong><\/p>\n<p style=\"text-align: justify;\">La discusi\u00f3n distingui\u00f3 tres ejes principales que pueden ser las causas de este fen\u00f3meno,\u00a0todos ellos vinculados o atravesados por fundamentales intermediaciones culturales.\u00a0Primero, la aparici\u00f3n o el crecimiento de nuevos problemas o retos (globalizaci\u00f3n, situaciones de crisis econ\u00f3mica, movimientos migratorios, cambio t\u00e9cnico) m\u00e1s dif\u00edciles de afrontar.\u00a0Segundo, las caracter\u00edsticas de la vida pol\u00edtica que pueden contribuir al desapego ciudadano: comportamientos deshonestos, usos cainitas, comportamientos que empujan a la \u201cinfantilizaci\u00f3n\u201d de la ciudadan\u00eda, o la diferencia en el <em>tempo<\/em> vital de las clases pol\u00edticas y el de las gentes del com\u00fan, mucho m\u00e1s r\u00e1pido y orientado al futuro en las primeras.\u00a0Tercero, los cambios econ\u00f3micos y sociales que hacen a la ciudadan\u00eda m\u00e1s proclive a retirar sus afectos a las clases pol\u00edticas tradicionales: crisis econ\u00f3micas duraderas, cambios asociados a la digitalizaci\u00f3n y a la globalizaci\u00f3n.<\/p>\n<p style=\"text-align: justify;\"><strong>Remedios<\/strong><\/p>\n<p style=\"text-align: justify;\">Como cierre al debate, los expertos reunidos ahondaron en los posibles remedios al problema de la desafecci\u00f3n pol\u00edtica, entorno a varios argumentos principales.\u00a0Primero, ser\u00e1n necesarias, reformas institucionales como las orientadas a combatir la corrupci\u00f3n o a profesionalizar m\u00e1s la funci\u00f3n p\u00fablica, las cuales requerir\u00e1n de cambios en la cultura vivida y en los usos de la ciudadan\u00eda (y la clase pol\u00edtica).\u00a0Segundo, se alert\u00f3 acerca de los riesgos de soluciones tecnocr\u00e1ticas, a escala nacional o supranacional, pero tambi\u00e9n de las soluciones populistas.\u00a0Tercero, se apunt\u00f3 a la posibilidad de inspirarse en la experiencia de pa\u00edses que han lidiado mejor con esta problem\u00e1tica y en experiencias del pasado.\u00a0Por \u00faltimo, se plante\u00f3 la necesidad de llegar a nuevos acuerdos fundamentales, intergeneracionales o, en el caso espa\u00f1ol, \u201cinterterritoriales\u201d.<\/p>\n<p style=\"text-align: right;\"><strong><br \/>\n<a href=\"https:\/\/frdelpino.es\/actualidad\/wp-content\/uploads\/2018\/07\/EP3_desafeccion-politica-vf2.pdf\">Acceda al documento completo<\/a>\u00a0<\/strong><\/p>\n<h6 style=\"text-align: justify;\">\u201cLa Fundaci\u00f3n Rafael del Pino no se hace responsable de los comentarios, opiniones o manifestaciones realizados por las personas que participan en sus actividades y que son expresadas como resultado de su derecho inalienable a la libertad de expresi\u00f3n y bajo su entera responsabilidad. Los contenidos incluidos en el presente resumen, realizado para la Fundaci\u00f3n Rafael del Pino por V\u00edctor P\u00e9rez D\u00edaz, son resultado de los debates mantenidos en el encuentro realizado al efecto en la Fundaci\u00f3n y son responsabilidad de sus autores.\u201d<\/h6>\n","protected":false},"excerpt":{"rendered":"<p>Las democracias europeas, y occidentales\u00a0en general, viven tiempos bastante agitados.\u00a0Algunos autores hablan, incluso, de \u201ccrisis de la\u00a0democracia\u201d, aunque quiz\u00e1 fuera m\u00e1s correcto\u00a0decir que el estado natural de las democracias\u00a0de corte liberal es de crisis existencial, dada\u00a0su fragilidad, pero tambi\u00e9n su capacidad de\u00a0resistencia (P\u00e9rez D\u00edaz, 2008). Se observan en las \u00faltimas d\u00e9cadas algunos\u00a0fen\u00f3menos preocupantes desde el [&hellip;]<\/p>\n","protected":false},"author":5,"featured_media":689,"comment_status":"closed","ping_status":"closed","sticky":false,"template":"","format":"standard","meta":{"_acf_changed":false,"footnotes":""},"categories":[8],"tags":[14,17,20,59],"class_list":{"0":"post-471","1":"post","2":"type-post","3":"status-publish","4":"format-standard","5":"has-post-thumbnail","7":"category-sociopolitica","8":"tag-ciudadania","9":"tag-democracia","10":"tag-desafeccion","11":"tag-politica"},"acf":[],"yoast_head":"<!-- This site is optimized with the Yoast SEO plugin v27.4 - https:\/\/yoast.com\/product\/yoast-seo-wordpress\/ -->\n<title>La desafecci\u00f3n de la pol\u00edtica - FRP Gaceta<\/title>\n<meta name=\"robots\" content=\"index, follow, max-snippet:-1, max-image-preview:large, max-video-preview:-1\" \/>\n<link rel=\"canonical\" href=\"https:\/\/frdelpino.es\/actualidad\/crisis-democracia\/\" \/>\n<meta property=\"og:locale\" content=\"es_ES\" \/>\n<meta property=\"og:type\" content=\"article\" \/>\n<meta property=\"og:title\" content=\"La desafecci\u00f3n de la pol\u00edtica - FRP Gaceta\" \/>\n<meta property=\"og:description\" content=\"Las democracias europeas, y occidentales\u00a0en general, viven tiempos bastante agitados.\u00a0Algunos autores hablan, incluso, de \u201ccrisis de la\u00a0democracia\u201d, aunque quiz\u00e1 fuera m\u00e1s correcto\u00a0decir que el estado natural de las democracias\u00a0de corte liberal es de crisis existencial, dada\u00a0su fragilidad, pero tambi\u00e9n su capacidad de\u00a0resistencia (P\u00e9rez D\u00edaz, 2008). Se observan en las \u00faltimas d\u00e9cadas algunos\u00a0fen\u00f3menos preocupantes desde el [&hellip;]\" \/>\n<meta property=\"og:url\" content=\"https:\/\/frdelpino.es\/actualidad\/crisis-democracia\/\" \/>\n<meta property=\"og:site_name\" content=\"FRP Gaceta\" \/>\n<meta property=\"article:publisher\" content=\"https:\/\/www.facebook.com\/frdelpino\" \/>\n<meta property=\"article:published_time\" content=\"2018-04-04T15:19:04+00:00\" \/>\n<meta property=\"article:modified_time\" content=\"2023-12-29T10:16:04+00:00\" \/>\n<meta property=\"og:image\" content=\"https:\/\/frdelpino.es\/actualidad\/wp-content\/uploads\/2018\/04\/alone-black-and-white-high-angle-shot-764880-e1524490079872.jpg\" \/>\n\t<meta property=\"og:image:width\" content=\"1200\" \/>\n\t<meta property=\"og:image:height\" content=\"800\" \/>\n\t<meta property=\"og:image:type\" content=\"image\/jpeg\" \/>\n<meta name=\"author\" content=\"Carlota Taboada\" \/>\n<meta name=\"twitter:card\" content=\"summary_large_image\" \/>\n<meta name=\"twitter:creator\" content=\"@frdelpino\" \/>\n<meta name=\"twitter:site\" content=\"@frdelpino\" \/>\n<meta name=\"twitter:label1\" content=\"Escrito por\" \/>\n\t<meta name=\"twitter:data1\" content=\"Carlota Taboada\" \/>\n\t<meta name=\"twitter:label2\" content=\"Tiempo de lectura\" \/>\n\t<meta name=\"twitter:data2\" content=\"5 minutos\" \/>\n<script type=\"application\/ld+json\" class=\"yoast-schema-graph\">{\"@context\":\"https:\\\/\\\/schema.org\",\"@graph\":[{\"@type\":\"Article\",\"@id\":\"https:\\\/\\\/frdelpino.es\\\/actualidad\\\/crisis-democracia\\\/#article\",\"isPartOf\":{\"@id\":\"https:\\\/\\\/frdelpino.es\\\/actualidad\\\/crisis-democracia\\\/\"},\"author\":{\"name\":\"Carlota Taboada\",\"@id\":\"https:\\\/\\\/frdelpino.es\\\/actualidad\\\/#\\\/schema\\\/person\\\/5b3e77df61158f3160fedebdf5407d86\"},\"headline\":\"La desafecci\u00f3n de la pol\u00edtica\",\"datePublished\":\"2018-04-04T15:19:04+00:00\",\"dateModified\":\"2023-12-29T10:16:04+00:00\",\"mainEntityOfPage\":{\"@id\":\"https:\\\/\\\/frdelpino.es\\\/actualidad\\\/crisis-democracia\\\/\"},\"wordCount\":1002,\"image\":{\"@id\":\"https:\\\/\\\/frdelpino.es\\\/actualidad\\\/crisis-democracia\\\/#primaryimage\"},\"thumbnailUrl\":\"https:\\\/\\\/frdelpino.es\\\/actualidad\\\/wp-content\\\/uploads\\\/2018\\\/04\\\/alone-black-and-white-high-angle-shot-764880-e1524490079872.jpg\",\"keywords\":[\"ciudadan\u00eda\",\"democracia\",\"desafecci\u00f3n\",\"pol\u00edtica\"],\"articleSection\":[\"Sociopol\u00edtica\"],\"inLanguage\":\"es\"},{\"@type\":\"WebPage\",\"@id\":\"https:\\\/\\\/frdelpino.es\\\/actualidad\\\/crisis-democracia\\\/\",\"url\":\"https:\\\/\\\/frdelpino.es\\\/actualidad\\\/crisis-democracia\\\/\",\"name\":\"La desafecci\u00f3n de la pol\u00edtica - FRP Gaceta\",\"isPartOf\":{\"@id\":\"https:\\\/\\\/frdelpino.es\\\/actualidad\\\/#website\"},\"primaryImageOfPage\":{\"@id\":\"https:\\\/\\\/frdelpino.es\\\/actualidad\\\/crisis-democracia\\\/#primaryimage\"},\"image\":{\"@id\":\"https:\\\/\\\/frdelpino.es\\\/actualidad\\\/crisis-democracia\\\/#primaryimage\"},\"thumbnailUrl\":\"https:\\\/\\\/frdelpino.es\\\/actualidad\\\/wp-content\\\/uploads\\\/2018\\\/04\\\/alone-black-and-white-high-angle-shot-764880-e1524490079872.jpg\",\"datePublished\":\"2018-04-04T15:19:04+00:00\",\"dateModified\":\"2023-12-29T10:16:04+00:00\",\"author\":{\"@id\":\"https:\\\/\\\/frdelpino.es\\\/actualidad\\\/#\\\/schema\\\/person\\\/5b3e77df61158f3160fedebdf5407d86\"},\"breadcrumb\":{\"@id\":\"https:\\\/\\\/frdelpino.es\\\/actualidad\\\/crisis-democracia\\\/#breadcrumb\"},\"inLanguage\":\"es\",\"potentialAction\":[{\"@type\":\"ReadAction\",\"target\":[\"https:\\\/\\\/frdelpino.es\\\/actualidad\\\/crisis-democracia\\\/\"]}]},{\"@type\":\"ImageObject\",\"inLanguage\":\"es\",\"@id\":\"https:\\\/\\\/frdelpino.es\\\/actualidad\\\/crisis-democracia\\\/#primaryimage\",\"url\":\"https:\\\/\\\/frdelpino.es\\\/actualidad\\\/wp-content\\\/uploads\\\/2018\\\/04\\\/alone-black-and-white-high-angle-shot-764880-e1524490079872.jpg\",\"contentUrl\":\"https:\\\/\\\/frdelpino.es\\\/actualidad\\\/wp-content\\\/uploads\\\/2018\\\/04\\\/alone-black-and-white-high-angle-shot-764880-e1524490079872.jpg\",\"width\":1200,\"height\":800},{\"@type\":\"BreadcrumbList\",\"@id\":\"https:\\\/\\\/frdelpino.es\\\/actualidad\\\/crisis-democracia\\\/#breadcrumb\",\"itemListElement\":[{\"@type\":\"ListItem\",\"position\":1,\"name\":\"Portada\",\"item\":\"https:\\\/\\\/frdelpino.es\\\/actualidad\\\/\"},{\"@type\":\"ListItem\",\"position\":2,\"name\":\"La desafecci\u00f3n de la pol\u00edtica\"}]},{\"@type\":\"WebSite\",\"@id\":\"https:\\\/\\\/frdelpino.es\\\/actualidad\\\/#website\",\"url\":\"https:\\\/\\\/frdelpino.es\\\/actualidad\\\/\",\"name\":\"FRP Gaceta\",\"description\":\"Una iniciativa de la Fundaci\u00f3n Rafael del Pino\",\"potentialAction\":[{\"@type\":\"SearchAction\",\"target\":{\"@type\":\"EntryPoint\",\"urlTemplate\":\"https:\\\/\\\/frdelpino.es\\\/actualidad\\\/?s={search_term_string}\"},\"query-input\":{\"@type\":\"PropertyValueSpecification\",\"valueRequired\":true,\"valueName\":\"search_term_string\"}}],\"inLanguage\":\"es\"},{\"@type\":\"Person\",\"@id\":\"https:\\\/\\\/frdelpino.es\\\/actualidad\\\/#\\\/schema\\\/person\\\/5b3e77df61158f3160fedebdf5407d86\",\"name\":\"Carlota Taboada\",\"url\":\"https:\\\/\\\/frdelpino.es\\\/actualidad\\\/author\\\/ctaboada\\\/\"}]}<\/script>\n<!-- \/ Yoast SEO plugin. -->","yoast_head_json":{"title":"La desafecci\u00f3n de la pol\u00edtica - FRP Gaceta","robots":{"index":"index","follow":"follow","max-snippet":"max-snippet:-1","max-image-preview":"max-image-preview:large","max-video-preview":"max-video-preview:-1"},"canonical":"https:\/\/frdelpino.es\/actualidad\/crisis-democracia\/","og_locale":"es_ES","og_type":"article","og_title":"La desafecci\u00f3n de la pol\u00edtica - FRP Gaceta","og_description":"Las democracias europeas, y occidentales\u00a0en general, viven tiempos bastante agitados.\u00a0Algunos autores hablan, incluso, de \u201ccrisis de la\u00a0democracia\u201d, aunque quiz\u00e1 fuera m\u00e1s correcto\u00a0decir que el estado natural de las democracias\u00a0de corte liberal es de crisis existencial, dada\u00a0su fragilidad, pero tambi\u00e9n su capacidad de\u00a0resistencia (P\u00e9rez D\u00edaz, 2008). Se observan en las \u00faltimas d\u00e9cadas algunos\u00a0fen\u00f3menos preocupantes desde el [&hellip;]","og_url":"https:\/\/frdelpino.es\/actualidad\/crisis-democracia\/","og_site_name":"FRP Gaceta","article_publisher":"https:\/\/www.facebook.com\/frdelpino","article_published_time":"2018-04-04T15:19:04+00:00","article_modified_time":"2023-12-29T10:16:04+00:00","og_image":[{"width":1200,"height":800,"url":"https:\/\/frdelpino.es\/actualidad\/wp-content\/uploads\/2018\/04\/alone-black-and-white-high-angle-shot-764880-e1524490079872.jpg","type":"image\/jpeg"}],"author":"Carlota Taboada","twitter_card":"summary_large_image","twitter_creator":"@frdelpino","twitter_site":"@frdelpino","twitter_misc":{"Escrito por":"Carlota Taboada","Tiempo de lectura":"5 minutos"},"schema":{"@context":"https:\/\/schema.org","@graph":[{"@type":"Article","@id":"https:\/\/frdelpino.es\/actualidad\/crisis-democracia\/#article","isPartOf":{"@id":"https:\/\/frdelpino.es\/actualidad\/crisis-democracia\/"},"author":{"name":"Carlota Taboada","@id":"https:\/\/frdelpino.es\/actualidad\/#\/schema\/person\/5b3e77df61158f3160fedebdf5407d86"},"headline":"La desafecci\u00f3n de la pol\u00edtica","datePublished":"2018-04-04T15:19:04+00:00","dateModified":"2023-12-29T10:16:04+00:00","mainEntityOfPage":{"@id":"https:\/\/frdelpino.es\/actualidad\/crisis-democracia\/"},"wordCount":1002,"image":{"@id":"https:\/\/frdelpino.es\/actualidad\/crisis-democracia\/#primaryimage"},"thumbnailUrl":"https:\/\/frdelpino.es\/actualidad\/wp-content\/uploads\/2018\/04\/alone-black-and-white-high-angle-shot-764880-e1524490079872.jpg","keywords":["ciudadan\u00eda","democracia","desafecci\u00f3n","pol\u00edtica"],"articleSection":["Sociopol\u00edtica"],"inLanguage":"es"},{"@type":"WebPage","@id":"https:\/\/frdelpino.es\/actualidad\/crisis-democracia\/","url":"https:\/\/frdelpino.es\/actualidad\/crisis-democracia\/","name":"La desafecci\u00f3n de la pol\u00edtica - FRP Gaceta","isPartOf":{"@id":"https:\/\/frdelpino.es\/actualidad\/#website"},"primaryImageOfPage":{"@id":"https:\/\/frdelpino.es\/actualidad\/crisis-democracia\/#primaryimage"},"image":{"@id":"https:\/\/frdelpino.es\/actualidad\/crisis-democracia\/#primaryimage"},"thumbnailUrl":"https:\/\/frdelpino.es\/actualidad\/wp-content\/uploads\/2018\/04\/alone-black-and-white-high-angle-shot-764880-e1524490079872.jpg","datePublished":"2018-04-04T15:19:04+00:00","dateModified":"2023-12-29T10:16:04+00:00","author":{"@id":"https:\/\/frdelpino.es\/actualidad\/#\/schema\/person\/5b3e77df61158f3160fedebdf5407d86"},"breadcrumb":{"@id":"https:\/\/frdelpino.es\/actualidad\/crisis-democracia\/#breadcrumb"},"inLanguage":"es","potentialAction":[{"@type":"ReadAction","target":["https:\/\/frdelpino.es\/actualidad\/crisis-democracia\/"]}]},{"@type":"ImageObject","inLanguage":"es","@id":"https:\/\/frdelpino.es\/actualidad\/crisis-democracia\/#primaryimage","url":"https:\/\/frdelpino.es\/actualidad\/wp-content\/uploads\/2018\/04\/alone-black-and-white-high-angle-shot-764880-e1524490079872.jpg","contentUrl":"https:\/\/frdelpino.es\/actualidad\/wp-content\/uploads\/2018\/04\/alone-black-and-white-high-angle-shot-764880-e1524490079872.jpg","width":1200,"height":800},{"@type":"BreadcrumbList","@id":"https:\/\/frdelpino.es\/actualidad\/crisis-democracia\/#breadcrumb","itemListElement":[{"@type":"ListItem","position":1,"name":"Portada","item":"https:\/\/frdelpino.es\/actualidad\/"},{"@type":"ListItem","position":2,"name":"La desafecci\u00f3n de la pol\u00edtica"}]},{"@type":"WebSite","@id":"https:\/\/frdelpino.es\/actualidad\/#website","url":"https:\/\/frdelpino.es\/actualidad\/","name":"FRP Gaceta","description":"Una iniciativa de la Fundaci\u00f3n Rafael del Pino","potentialAction":[{"@type":"SearchAction","target":{"@type":"EntryPoint","urlTemplate":"https:\/\/frdelpino.es\/actualidad\/?s={search_term_string}"},"query-input":{"@type":"PropertyValueSpecification","valueRequired":true,"valueName":"search_term_string"}}],"inLanguage":"es"},{"@type":"Person","@id":"https:\/\/frdelpino.es\/actualidad\/#\/schema\/person\/5b3e77df61158f3160fedebdf5407d86","name":"Carlota Taboada","url":"https:\/\/frdelpino.es\/actualidad\/author\/ctaboada\/"}]}},"_links":{"self":[{"href":"https:\/\/frdelpino.es\/actualidad\/wp-json\/wp\/v2\/posts\/471","targetHints":{"allow":["GET"]}}],"collection":[{"href":"https:\/\/frdelpino.es\/actualidad\/wp-json\/wp\/v2\/posts"}],"about":[{"href":"https:\/\/frdelpino.es\/actualidad\/wp-json\/wp\/v2\/types\/post"}],"author":[{"embeddable":true,"href":"https:\/\/frdelpino.es\/actualidad\/wp-json\/wp\/v2\/users\/5"}],"replies":[{"embeddable":true,"href":"https:\/\/frdelpino.es\/actualidad\/wp-json\/wp\/v2\/comments?post=471"}],"version-history":[{"count":4,"href":"https:\/\/frdelpino.es\/actualidad\/wp-json\/wp\/v2\/posts\/471\/revisions"}],"predecessor-version":[{"id":3103,"href":"https:\/\/frdelpino.es\/actualidad\/wp-json\/wp\/v2\/posts\/471\/revisions\/3103"}],"wp:featuredmedia":[{"embeddable":true,"href":"https:\/\/frdelpino.es\/actualidad\/wp-json\/wp\/v2\/media\/689"}],"wp:attachment":[{"href":"https:\/\/frdelpino.es\/actualidad\/wp-json\/wp\/v2\/media?parent=471"}],"wp:term":[{"taxonomy":"category","embeddable":true,"href":"https:\/\/frdelpino.es\/actualidad\/wp-json\/wp\/v2\/categories?post=471"},{"taxonomy":"post_tag","embeddable":true,"href":"https:\/\/frdelpino.es\/actualidad\/wp-json\/wp\/v2\/tags?post=471"}],"curies":[{"name":"wp","href":"https:\/\/api.w.org\/{rel}","templated":true}]}}