{"id":4962,"date":"2023-07-19T14:11:04","date_gmt":"2023-07-19T12:11:04","guid":{"rendered":"https:\/\/frdelpino.es\/actualidad\/?p=4962"},"modified":"2023-10-26T10:43:21","modified_gmt":"2023-10-26T08:43:21","slug":"justicia-o-paz-el-dilema-sobre-ucrania","status":"publish","type":"post","link":"https:\/\/frdelpino.es\/actualidad\/justicia-o-paz-el-dilema-sobre-ucrania\/","title":{"rendered":"Justicia o paz, el dilema sobre Ucrania"},"content":{"rendered":"<p style=\"text-align: justify;\">La Corte Penal Internacional ha empezado a instruir causas por cr\u00edmenes de guerra contra los dirigentes rusos por la guerra de Ucrania. La justicia ha empezado a actuar. Incluso, ha dictado una orden de detenci\u00f3n contra Putin. La cuesti\u00f3n es si estas decisiones permitir\u00e1n o no una salida negociada de la guerra. Lo explican <span style=\"color: #008080;\"><strong>Philippe Sands<\/strong><\/span>, Professor of the Public Understanding of Law y Director del Centre on International Courts and Tribunals en el University College de Londres, y <strong><span style=\"color: #008080;\">Mark Freeman<\/span><\/strong>, fundador y Director Ejecutivo del Institute for Integrated Transitions (IFIT) y <span style=\"color: #008080;\"><strong>Carlos Castresana<\/strong><\/span>, comisionado de Derechos Humanos de la ONU.<\/p>\n<h2 style=\"text-align: justify;\">Justicia internacional<\/h2>\n<p style=\"text-align: justify;\">Mark Freeman advierte de que las decisiones en el \u00e1rea de la justicia criminal internacional habr\u00eda que tomarlas pensando en el futuro. Habr\u00eda que hacerlo de tal manera que permitan llegar a la paz en Ucrania a trav\u00e9s de negociaciones. Esto es as\u00ed porque no sabemos c\u00f3mo terminar\u00e1 esta guerra. No hay m\u00e1s que ver lo que sucedido en Siria.<\/p>\n<p style=\"text-align: justify;\">Antes se tend\u00eda a pensar en dos opciones muy claras: impunidad absoluta o condena. La justicia transicional esta entre estos dos extremos e incluye instrumentos como las comisiones para la verdad y la reconciliaci\u00f3n. Es parte de c\u00f3mo gestionamos las cuestiones de justicia en las negociaciones de paz. Los documentos de las negociaciones de Minsk para la paz en Ucrania no dicen nada sobre la rendici\u00f3n de cuentas, solo que habr\u00eda una amnist\u00eda. La UE respaldar\u00eda esta amnist\u00eda. En Colombia, en cambio, llegaron a la conclusi\u00f3n de que solo habr\u00eda paz si hab\u00eda rendici\u00f3n de cuentas. Hay que tener en cuenta tanto a las v\u00edctimas como los detalles, hay que hacer concesiones mutuas, se\u00f1al\u00f3 Freeman. Hay que alcanzar acuerdos muy complicados, pero en este contexto es muy dif\u00edcil. Se pueden conseguir f\u00f3rmulas creativas, pero no siempre es posible.<\/p>\n<h2 style=\"text-align: justify;\">\u00bfY despu\u00e9s de la guerra?<\/h2>\n<figure id=\"attachment_4969\" aria-describedby=\"caption-attachment-4969\" style=\"width: 300px\" class=\"wp-caption alignleft\"><img loading=\"lazy\" decoding=\"async\" class=\"wp-image-4969 size-medium\" src=\"https:\/\/frdelpino.es\/actualidad\/wp-content\/uploads\/2023\/07\/AdobeStock_566351003-bj-300x300.jpg\" alt=\"\" width=\"300\" height=\"300\" srcset=\"https:\/\/frdelpino.es\/actualidad\/wp-content\/uploads\/2023\/07\/AdobeStock_566351003-bj-300x300.jpg 300w, https:\/\/frdelpino.es\/actualidad\/wp-content\/uploads\/2023\/07\/AdobeStock_566351003-bj-150x150.jpg 150w, https:\/\/frdelpino.es\/actualidad\/wp-content\/uploads\/2023\/07\/AdobeStock_566351003-bj-420x420.jpg 420w, https:\/\/frdelpino.es\/actualidad\/wp-content\/uploads\/2023\/07\/AdobeStock_566351003-bj.jpg 500w\" sizes=\"auto, (max-width: 300px) 100vw, 300px\" \/><figcaption id=\"caption-attachment-4969\" class=\"wp-caption-text\">Soldiers At War, Conflict of nations Wallpaper, Ai Generative<\/figcaption><\/figure>\n<p style=\"text-align: justify;\">En las primeras semanas tras la invasi\u00f3n rusa, era muy importante ver lo que se estaba intentando desde 2014. Los representantes rusos y ucranianos se reunieron, pero no consiguieron gran cosa. Despu\u00e9s de la invasi\u00f3n hab\u00eda que evaluar lo que se pod\u00eda conseguir tras ella. Ahora no hay un estatus quo al que volver. Las negociaciones de cara al futuro van a ser dif\u00edciles en lo que se refiere a la justicia. Las decisiones que se han tomado en aras a la rendici\u00f3n de cuentas deben mantener la puerta abierta para el desarrollo de negociaciones en el futuro. Lo que es cierto hoy podr\u00eda no serlo ma\u00f1ana. Si creo que puedo ganar la guerra no estoy interesado en negociar, pero si la situaci\u00f3n evoluciona, mi inter\u00e9s en las negociaciones puede aumentar o disminuir. Las cosas cambian en el campo de batalla, ha habido amenazas nucleares, pero hay distintos niveles en esta guerra.<\/p>\n<p style=\"text-align: justify;\">Independientemente de c\u00f3mo acabe la guerra, de aqu\u00ed a cinco a\u00f1os va a haber tremendos retos en Ucrania. Retos de cohesi\u00f3n, desarme, brechas sociales, y la justicia va a tener que encajar en este proceso. Ucrania no es una isla. Hay distintos tipos de negociaci\u00f3n y de resoluci\u00f3n de conflictos. Dentro de Ucrania van a pasar algunas cosas. Otras tendr\u00e1n lugar entre Ucrania y Rusia. Luego, en Europa, hay que hablar sobre una nueva arquitectura de seguridad. \u00bfC\u00f3mo se organizan estos esfuerzos? Porque pueden facilitar, obstaculizar o impedir los esfuerzos para alcanzar la paz mediante las negociaciones.<\/p>\n<h2 style=\"text-align: justify;\">Justicia y realidad<\/h2>\n<p style=\"text-align: justify;\">Esta es una situaci\u00f3n muy complicada, advierte Philippe Sands. No hay respuestas sencillas en t\u00e9rminos de justicia. Los pa\u00edses son un poco como las familias. Pasan cosas, unas buenas y otras no tanto. Y todas las familias barren las cosas no tan buenas debajo de la alfombra y tratan de seguir avanzando, pero en la segunda generaci\u00f3n vuelven. En el caso de Ucrania, no hay una soluci\u00f3n perfecta para todo el mundo. Depende de la cultura, las circunstancias y los hechos. Es muy dif\u00edcil saber qu\u00e9 decir a una persona que ha perdido a su familia. En el tema de Ucrania hay muchas opiniones y distintos niveles de complejidad. En esta clase de situaciones es muy importante saber c\u00f3mo enfoca esto la otra parte del debate. Es muy f\u00e1cil estar en Madrid y pensar en la clase de resultados que nos gustar\u00eda en el futuro.<\/p>\n<p style=\"text-align: justify;\">La situaci\u00f3n es un crimen de agresi\u00f3n. No hab\u00eda justificaci\u00f3n para el uso de la fuerza por parte de Rusia, por lo que hay que hacer algo al respecto. Pero \u00bfqui\u00e9nes somos nosotros, en Washington, Londres o Madrid, para dar lecciones a los dem\u00e1s sobre cr\u00edmenes de agresi\u00f3n? La guerra de Iraq fue ilegal, pero nadie ha rendido cuentas. Cuando hablamos de justicia, en Occidente somos maestros del doble rasero. Putin utiliza los mismos argumentos que los retratados en las Azores en relaci\u00f3n con Iraq, se\u00f1al\u00f3 el profesor. Por lo que tenemos que ser un poco m\u00e1s humildes sobre c\u00f3mo gestionar esta clase de temas porque tenemos poca autoridad moral.<\/p>\n<h2 style=\"text-align: justify;\">Doble rasero<\/h2>\n<p style=\"text-align: justify;\">Esto es parte de un juego a largo plazo. En 1945, los pa\u00edses dijeron que habr\u00eda una clase distinta de mundo. Las estructuras que tenemos est\u00e1n dando sus primeros pasos: los tribunales, las leyes, los principios. As\u00ed es que estamos desarrollando una serie de estructuras que nos ayudar\u00e1n a defender la paz y la justicia, pero tenemos que abordar nuestra propia realidad. Si la injusticia sigue ah\u00ed, en alg\u00fan caso nos arrollar\u00e1. Ucrania es un estado que est\u00e1 recibiendo los ataques de Putin y ha puesto la paz y la justicia en el epicentro. Ante los avances de Ucrania, la respuesta rusa es que en la mesa de negociaci\u00f3n todo esto debe desaparecer. As\u00ed es que nos veremos abocados a tener que decidir entre paz o justicia, pero \u00bfa qu\u00e9 precio?<\/p>\n<p style=\"text-align: right;\"><a href=\"https:\/\/frdelpino.es\/canalfrp\/video-frdelpino\/el-dilema-paz-y-o-justicia-en-ucrania\/\" target=\"_blank\" rel=\"noopener\"><span style=\"color: #008080;\">Acceda a la conf<\/span><span style=\"color: #008080;\">e<\/span><span style=\"color: #008080;\">rencia<\/span> <span style=\"color: #008080;\">completa<\/span><\/a><\/p>\n<h6 style=\"text-align: justify;\">\u201cLa Fundaci\u00f3n Rafael del Pino no se hace responsable de los comentarios, opiniones o manifestaciones realizados por las personas que participan en sus actividades y que son expresadas como resultado de su derecho inalienable a la libertad de expresi\u00f3n y bajo su entera responsabilidad. Los contenidos incluidos en el presente resumen, realizado para la Fundaci\u00f3n Rafael del Pino por Emilio J. Gonz\u00e1lez, son resultado de los debates mantenidos en el encuentro realizado al efecto en la Fundaci\u00f3n y son responsabilidad de sus autores.\u201d<\/h6>\n","protected":false},"excerpt":{"rendered":"<p>La Corte Penal Internacional ha empezado a instruir causas por cr\u00edmenes de guerra contra los dirigentes rusos por la guerra de Ucrania. La justicia ha empezado a actuar. Incluso, ha dictado una orden de detenci\u00f3n contra Putin. La cuesti\u00f3n es si estas decisiones permitir\u00e1n o no una salida negociada de la guerra. Lo explican Philippe [&hellip;]<\/p>\n","protected":false},"author":7,"featured_media":5026,"comment_status":"closed","ping_status":"closed","sticky":false,"template":"","format":"standard","meta":{"_acf_changed":false,"footnotes":""},"categories":[8],"tags":[120,35,360,86,63,347],"class_list":{"0":"post-4962","1":"post","2":"type-post","3":"status-publish","4":"format-standard","5":"has-post-thumbnail","7":"category-sociopolitica","8":"tag-europa","9":"tag-geopolitica","10":"tag-justicia","11":"tag-paz","12":"tag-relaciones-internacionales","13":"tag-ucrania"},"acf":[],"yoast_head":"<!-- This site is optimized with the Yoast SEO plugin v27.4 - https:\/\/yoast.com\/product\/yoast-seo-wordpress\/ -->\n<title>Justicia o paz, el dilema sobre Ucrania - FRP Gaceta<\/title>\n<meta name=\"description\" content=\"La posibilidad de un final al conflicto de Ucrania puede llevar a tener que afrontar el dilema entre paz y justicia - FRP Gaceta\" \/>\n<meta name=\"robots\" content=\"index, follow, max-snippet:-1, max-image-preview:large, max-video-preview:-1\" \/>\n<link rel=\"canonical\" href=\"https:\/\/frdelpino.es\/actualidad\/justicia-o-paz-el-dilema-sobre-ucrania\/\" \/>\n<meta property=\"og:locale\" content=\"es_ES\" \/>\n<meta property=\"og:type\" content=\"article\" \/>\n<meta property=\"og:title\" content=\"Justicia o paz, el dilema sobre Ucrania - FRP Gaceta\" \/>\n<meta property=\"og:description\" content=\"La posibilidad de un final al conflicto de Ucrania puede llevar a tener que afrontar el dilema entre paz y justicia - FRP Gaceta\" \/>\n<meta property=\"og:url\" content=\"https:\/\/frdelpino.es\/actualidad\/justicia-o-paz-el-dilema-sobre-ucrania\/\" \/>\n<meta property=\"og:site_name\" content=\"FRP Gaceta\" \/>\n<meta property=\"article:publisher\" content=\"https:\/\/www.facebook.com\/frdelpino\" \/>\n<meta property=\"article:published_time\" content=\"2023-07-19T12:11:04+00:00\" \/>\n<meta property=\"article:modified_time\" content=\"2023-10-26T08:43:21+00:00\" \/>\n<meta property=\"og:image\" content=\"https:\/\/frdelpino.es\/actualidad\/wp-content\/uploads\/2023\/07\/AdobeStock_184676035-bj.jpg\" \/>\n\t<meta property=\"og:image:width\" content=\"1200\" \/>\n\t<meta property=\"og:image:height\" content=\"873\" \/>\n\t<meta property=\"og:image:type\" content=\"image\/jpeg\" \/>\n<meta name=\"author\" content=\"Emilio Gonz\u00e1lez\" \/>\n<meta name=\"twitter:card\" content=\"summary_large_image\" \/>\n<meta name=\"twitter:creator\" content=\"@frdelpino\" \/>\n<meta name=\"twitter:site\" content=\"@frdelpino\" \/>\n<meta name=\"twitter:label1\" content=\"Escrito por\" \/>\n\t<meta name=\"twitter:data1\" content=\"Emilio Gonz\u00e1lez\" \/>\n\t<meta name=\"twitter:label2\" content=\"Tiempo de lectura\" \/>\n\t<meta name=\"twitter:data2\" content=\"6 minutos\" \/>\n<script type=\"application\/ld+json\" class=\"yoast-schema-graph\">{\"@context\":\"https:\\\/\\\/schema.org\",\"@graph\":[{\"@type\":\"Article\",\"@id\":\"https:\\\/\\\/frdelpino.es\\\/actualidad\\\/justicia-o-paz-el-dilema-sobre-ucrania\\\/#article\",\"isPartOf\":{\"@id\":\"https:\\\/\\\/frdelpino.es\\\/actualidad\\\/justicia-o-paz-el-dilema-sobre-ucrania\\\/\"},\"author\":{\"name\":\"Emilio Gonz\u00e1lez\",\"@id\":\"https:\\\/\\\/frdelpino.es\\\/actualidad\\\/#\\\/schema\\\/person\\\/ada1d98a172238d0ee8fe3efdbc0a8c1\"},\"headline\":\"Justicia o paz, el dilema sobre Ucrania\",\"datePublished\":\"2023-07-19T12:11:04+00:00\",\"dateModified\":\"2023-10-26T08:43:21+00:00\",\"mainEntityOfPage\":{\"@id\":\"https:\\\/\\\/frdelpino.es\\\/actualidad\\\/justicia-o-paz-el-dilema-sobre-ucrania\\\/\"},\"wordCount\":1133,\"image\":{\"@id\":\"https:\\\/\\\/frdelpino.es\\\/actualidad\\\/justicia-o-paz-el-dilema-sobre-ucrania\\\/#primaryimage\"},\"thumbnailUrl\":\"https:\\\/\\\/frdelpino.es\\\/actualidad\\\/wp-content\\\/uploads\\\/2023\\\/07\\\/AdobeStock_184676035-bj.jpg\",\"keywords\":[\"europa\",\"geopol\u00edtica\",\"justicia\",\"paz\",\"relaciones internacionales\",\"Ucrania\"],\"articleSection\":[\"Sociopol\u00edtica\"],\"inLanguage\":\"es\"},{\"@type\":\"WebPage\",\"@id\":\"https:\\\/\\\/frdelpino.es\\\/actualidad\\\/justicia-o-paz-el-dilema-sobre-ucrania\\\/\",\"url\":\"https:\\\/\\\/frdelpino.es\\\/actualidad\\\/justicia-o-paz-el-dilema-sobre-ucrania\\\/\",\"name\":\"Justicia o paz, el dilema sobre Ucrania - FRP Gaceta\",\"isPartOf\":{\"@id\":\"https:\\\/\\\/frdelpino.es\\\/actualidad\\\/#website\"},\"primaryImageOfPage\":{\"@id\":\"https:\\\/\\\/frdelpino.es\\\/actualidad\\\/justicia-o-paz-el-dilema-sobre-ucrania\\\/#primaryimage\"},\"image\":{\"@id\":\"https:\\\/\\\/frdelpino.es\\\/actualidad\\\/justicia-o-paz-el-dilema-sobre-ucrania\\\/#primaryimage\"},\"thumbnailUrl\":\"https:\\\/\\\/frdelpino.es\\\/actualidad\\\/wp-content\\\/uploads\\\/2023\\\/07\\\/AdobeStock_184676035-bj.jpg\",\"datePublished\":\"2023-07-19T12:11:04+00:00\",\"dateModified\":\"2023-10-26T08:43:21+00:00\",\"author\":{\"@id\":\"https:\\\/\\\/frdelpino.es\\\/actualidad\\\/#\\\/schema\\\/person\\\/ada1d98a172238d0ee8fe3efdbc0a8c1\"},\"description\":\"La posibilidad de un final al conflicto de Ucrania puede llevar a tener que afrontar el dilema entre paz y justicia - FRP Gaceta\",\"breadcrumb\":{\"@id\":\"https:\\\/\\\/frdelpino.es\\\/actualidad\\\/justicia-o-paz-el-dilema-sobre-ucrania\\\/#breadcrumb\"},\"inLanguage\":\"es\",\"potentialAction\":[{\"@type\":\"ReadAction\",\"target\":[\"https:\\\/\\\/frdelpino.es\\\/actualidad\\\/justicia-o-paz-el-dilema-sobre-ucrania\\\/\"]}]},{\"@type\":\"ImageObject\",\"inLanguage\":\"es\",\"@id\":\"https:\\\/\\\/frdelpino.es\\\/actualidad\\\/justicia-o-paz-el-dilema-sobre-ucrania\\\/#primaryimage\",\"url\":\"https:\\\/\\\/frdelpino.es\\\/actualidad\\\/wp-content\\\/uploads\\\/2023\\\/07\\\/AdobeStock_184676035-bj.jpg\",\"contentUrl\":\"https:\\\/\\\/frdelpino.es\\\/actualidad\\\/wp-content\\\/uploads\\\/2023\\\/07\\\/AdobeStock_184676035-bj.jpg\",\"width\":1200,\"height\":873},{\"@type\":\"BreadcrumbList\",\"@id\":\"https:\\\/\\\/frdelpino.es\\\/actualidad\\\/justicia-o-paz-el-dilema-sobre-ucrania\\\/#breadcrumb\",\"itemListElement\":[{\"@type\":\"ListItem\",\"position\":1,\"name\":\"Portada\",\"item\":\"https:\\\/\\\/frdelpino.es\\\/actualidad\\\/\"},{\"@type\":\"ListItem\",\"position\":2,\"name\":\"Justicia o paz, el dilema sobre Ucrania\"}]},{\"@type\":\"WebSite\",\"@id\":\"https:\\\/\\\/frdelpino.es\\\/actualidad\\\/#website\",\"url\":\"https:\\\/\\\/frdelpino.es\\\/actualidad\\\/\",\"name\":\"FRP Gaceta\",\"description\":\"Una iniciativa de la Fundaci\u00f3n Rafael del Pino\",\"potentialAction\":[{\"@type\":\"SearchAction\",\"target\":{\"@type\":\"EntryPoint\",\"urlTemplate\":\"https:\\\/\\\/frdelpino.es\\\/actualidad\\\/?s={search_term_string}\"},\"query-input\":{\"@type\":\"PropertyValueSpecification\",\"valueRequired\":true,\"valueName\":\"search_term_string\"}}],\"inLanguage\":\"es\"},{\"@type\":\"Person\",\"@id\":\"https:\\\/\\\/frdelpino.es\\\/actualidad\\\/#\\\/schema\\\/person\\\/ada1d98a172238d0ee8fe3efdbc0a8c1\",\"name\":\"Emilio Gonz\u00e1lez\",\"url\":\"https:\\\/\\\/frdelpino.es\\\/actualidad\\\/author\\\/emilio-gonzalez\\\/\"}]}<\/script>\n<!-- \/ Yoast SEO plugin. -->","yoast_head_json":{"title":"Justicia o paz, el dilema sobre Ucrania - FRP Gaceta","description":"La posibilidad de un final al conflicto de Ucrania puede llevar a tener que afrontar el dilema entre paz y justicia - FRP Gaceta","robots":{"index":"index","follow":"follow","max-snippet":"max-snippet:-1","max-image-preview":"max-image-preview:large","max-video-preview":"max-video-preview:-1"},"canonical":"https:\/\/frdelpino.es\/actualidad\/justicia-o-paz-el-dilema-sobre-ucrania\/","og_locale":"es_ES","og_type":"article","og_title":"Justicia o paz, el dilema sobre Ucrania - FRP Gaceta","og_description":"La posibilidad de un final al conflicto de Ucrania puede llevar a tener que afrontar el dilema entre paz y justicia - FRP Gaceta","og_url":"https:\/\/frdelpino.es\/actualidad\/justicia-o-paz-el-dilema-sobre-ucrania\/","og_site_name":"FRP Gaceta","article_publisher":"https:\/\/www.facebook.com\/frdelpino","article_published_time":"2023-07-19T12:11:04+00:00","article_modified_time":"2023-10-26T08:43:21+00:00","og_image":[{"width":1200,"height":873,"url":"https:\/\/frdelpino.es\/actualidad\/wp-content\/uploads\/2023\/07\/AdobeStock_184676035-bj.jpg","type":"image\/jpeg"}],"author":"Emilio Gonz\u00e1lez","twitter_card":"summary_large_image","twitter_creator":"@frdelpino","twitter_site":"@frdelpino","twitter_misc":{"Escrito por":"Emilio Gonz\u00e1lez","Tiempo de lectura":"6 minutos"},"schema":{"@context":"https:\/\/schema.org","@graph":[{"@type":"Article","@id":"https:\/\/frdelpino.es\/actualidad\/justicia-o-paz-el-dilema-sobre-ucrania\/#article","isPartOf":{"@id":"https:\/\/frdelpino.es\/actualidad\/justicia-o-paz-el-dilema-sobre-ucrania\/"},"author":{"name":"Emilio Gonz\u00e1lez","@id":"https:\/\/frdelpino.es\/actualidad\/#\/schema\/person\/ada1d98a172238d0ee8fe3efdbc0a8c1"},"headline":"Justicia o paz, el dilema sobre Ucrania","datePublished":"2023-07-19T12:11:04+00:00","dateModified":"2023-10-26T08:43:21+00:00","mainEntityOfPage":{"@id":"https:\/\/frdelpino.es\/actualidad\/justicia-o-paz-el-dilema-sobre-ucrania\/"},"wordCount":1133,"image":{"@id":"https:\/\/frdelpino.es\/actualidad\/justicia-o-paz-el-dilema-sobre-ucrania\/#primaryimage"},"thumbnailUrl":"https:\/\/frdelpino.es\/actualidad\/wp-content\/uploads\/2023\/07\/AdobeStock_184676035-bj.jpg","keywords":["europa","geopol\u00edtica","justicia","paz","relaciones internacionales","Ucrania"],"articleSection":["Sociopol\u00edtica"],"inLanguage":"es"},{"@type":"WebPage","@id":"https:\/\/frdelpino.es\/actualidad\/justicia-o-paz-el-dilema-sobre-ucrania\/","url":"https:\/\/frdelpino.es\/actualidad\/justicia-o-paz-el-dilema-sobre-ucrania\/","name":"Justicia o paz, el dilema sobre Ucrania - FRP Gaceta","isPartOf":{"@id":"https:\/\/frdelpino.es\/actualidad\/#website"},"primaryImageOfPage":{"@id":"https:\/\/frdelpino.es\/actualidad\/justicia-o-paz-el-dilema-sobre-ucrania\/#primaryimage"},"image":{"@id":"https:\/\/frdelpino.es\/actualidad\/justicia-o-paz-el-dilema-sobre-ucrania\/#primaryimage"},"thumbnailUrl":"https:\/\/frdelpino.es\/actualidad\/wp-content\/uploads\/2023\/07\/AdobeStock_184676035-bj.jpg","datePublished":"2023-07-19T12:11:04+00:00","dateModified":"2023-10-26T08:43:21+00:00","author":{"@id":"https:\/\/frdelpino.es\/actualidad\/#\/schema\/person\/ada1d98a172238d0ee8fe3efdbc0a8c1"},"description":"La posibilidad de un final al conflicto de Ucrania puede llevar a tener que afrontar el dilema entre paz y justicia - FRP Gaceta","breadcrumb":{"@id":"https:\/\/frdelpino.es\/actualidad\/justicia-o-paz-el-dilema-sobre-ucrania\/#breadcrumb"},"inLanguage":"es","potentialAction":[{"@type":"ReadAction","target":["https:\/\/frdelpino.es\/actualidad\/justicia-o-paz-el-dilema-sobre-ucrania\/"]}]},{"@type":"ImageObject","inLanguage":"es","@id":"https:\/\/frdelpino.es\/actualidad\/justicia-o-paz-el-dilema-sobre-ucrania\/#primaryimage","url":"https:\/\/frdelpino.es\/actualidad\/wp-content\/uploads\/2023\/07\/AdobeStock_184676035-bj.jpg","contentUrl":"https:\/\/frdelpino.es\/actualidad\/wp-content\/uploads\/2023\/07\/AdobeStock_184676035-bj.jpg","width":1200,"height":873},{"@type":"BreadcrumbList","@id":"https:\/\/frdelpino.es\/actualidad\/justicia-o-paz-el-dilema-sobre-ucrania\/#breadcrumb","itemListElement":[{"@type":"ListItem","position":1,"name":"Portada","item":"https:\/\/frdelpino.es\/actualidad\/"},{"@type":"ListItem","position":2,"name":"Justicia o paz, el dilema sobre Ucrania"}]},{"@type":"WebSite","@id":"https:\/\/frdelpino.es\/actualidad\/#website","url":"https:\/\/frdelpino.es\/actualidad\/","name":"FRP Gaceta","description":"Una iniciativa de la Fundaci\u00f3n Rafael del Pino","potentialAction":[{"@type":"SearchAction","target":{"@type":"EntryPoint","urlTemplate":"https:\/\/frdelpino.es\/actualidad\/?s={search_term_string}"},"query-input":{"@type":"PropertyValueSpecification","valueRequired":true,"valueName":"search_term_string"}}],"inLanguage":"es"},{"@type":"Person","@id":"https:\/\/frdelpino.es\/actualidad\/#\/schema\/person\/ada1d98a172238d0ee8fe3efdbc0a8c1","name":"Emilio Gonz\u00e1lez","url":"https:\/\/frdelpino.es\/actualidad\/author\/emilio-gonzalez\/"}]}},"_links":{"self":[{"href":"https:\/\/frdelpino.es\/actualidad\/wp-json\/wp\/v2\/posts\/4962","targetHints":{"allow":["GET"]}}],"collection":[{"href":"https:\/\/frdelpino.es\/actualidad\/wp-json\/wp\/v2\/posts"}],"about":[{"href":"https:\/\/frdelpino.es\/actualidad\/wp-json\/wp\/v2\/types\/post"}],"author":[{"embeddable":true,"href":"https:\/\/frdelpino.es\/actualidad\/wp-json\/wp\/v2\/users\/7"}],"replies":[{"embeddable":true,"href":"https:\/\/frdelpino.es\/actualidad\/wp-json\/wp\/v2\/comments?post=4962"}],"version-history":[{"count":6,"href":"https:\/\/frdelpino.es\/actualidad\/wp-json\/wp\/v2\/posts\/4962\/revisions"}],"predecessor-version":[{"id":4999,"href":"https:\/\/frdelpino.es\/actualidad\/wp-json\/wp\/v2\/posts\/4962\/revisions\/4999"}],"wp:featuredmedia":[{"embeddable":true,"href":"https:\/\/frdelpino.es\/actualidad\/wp-json\/wp\/v2\/media\/5026"}],"wp:attachment":[{"href":"https:\/\/frdelpino.es\/actualidad\/wp-json\/wp\/v2\/media?parent=4962"}],"wp:term":[{"taxonomy":"category","embeddable":true,"href":"https:\/\/frdelpino.es\/actualidad\/wp-json\/wp\/v2\/categories?post=4962"},{"taxonomy":"post_tag","embeddable":true,"href":"https:\/\/frdelpino.es\/actualidad\/wp-json\/wp\/v2\/tags?post=4962"}],"curies":[{"name":"wp","href":"https:\/\/api.w.org\/{rel}","templated":true}]}}