{"id":5031,"date":"2023-08-24T09:26:11","date_gmt":"2023-08-24T07:26:11","guid":{"rendered":"https:\/\/frdelpino.es\/actualidad\/?p=5031"},"modified":"2024-09-26T09:59:51","modified_gmt":"2024-09-26T07:59:51","slug":"democracia-y-orden-liberal-en-el-mundo-ante-el-auge-del-autoritarismo","status":"publish","type":"post","link":"https:\/\/frdelpino.es\/actualidad\/democracia-y-orden-liberal-en-el-mundo-ante-el-auge-del-autoritarismo\/","title":{"rendered":"Democracia y orden liberal en el mundo"},"content":{"rendered":"<p style=\"text-align: justify;\"><span style=\"color: #008080;\"><span style=\"color: #000000;\"><img loading=\"lazy\" decoding=\"async\" class=\"alignleft wp-image-5476 size-thumbnail\" src=\"https:\/\/frdelpino.es\/actualidad\/wp-content\/uploads\/2023\/08\/cimarra_1517711751375-150x150.jpeg\" alt=\"\" width=\"150\" height=\"150\" srcset=\"https:\/\/frdelpino.es\/actualidad\/wp-content\/uploads\/2023\/08\/cimarra_1517711751375-150x150.jpeg 150w, https:\/\/frdelpino.es\/actualidad\/wp-content\/uploads\/2023\/08\/cimarra_1517711751375-300x300.jpeg 300w, https:\/\/frdelpino.es\/actualidad\/wp-content\/uploads\/2023\/08\/cimarra_1517711751375.jpeg 334w\" sizes=\"auto, (max-width: 150px) 100vw, 150px\" \/>El <em>Project on Europe and the Transatlantic Relationship<\/em> de la Kennedy School de la Universidad de Harvard publica el paper de <\/span><strong>Nicol\u00e1s Cimarra Etchenique<\/strong><\/span>, Fellow Rafael del Pino-MAEC 2022\/23, <span style=\"color: #008080;\"><em>Democracia y orden liberal en el mundo ante el auge del autoritarismo<\/em><\/span>, resultado de su investigaci\u00f3n en dicha universidad.<\/p>\n<h2 style=\"text-align: justify;\">Recuperar la confianza en la democracia<\/h2>\n<p><img loading=\"lazy\" decoding=\"async\" class=\"alignright wp-image-5042 size-medium\" src=\"https:\/\/frdelpino.es\/actualidad\/wp-content\/uploads\/2023\/08\/AdobeStock_304429000_bj-300x200.jpg\" alt=\"\" width=\"300\" height=\"200\" srcset=\"https:\/\/frdelpino.es\/actualidad\/wp-content\/uploads\/2023\/08\/AdobeStock_304429000_bj-300x200.jpg 300w, https:\/\/frdelpino.es\/actualidad\/wp-content\/uploads\/2023\/08\/AdobeStock_304429000_bj-1024x683.jpg 1024w, https:\/\/frdelpino.es\/actualidad\/wp-content\/uploads\/2023\/08\/AdobeStock_304429000_bj-768x512.jpg 768w, https:\/\/frdelpino.es\/actualidad\/wp-content\/uploads\/2023\/08\/AdobeStock_304429000_bj-696x464.jpg 696w, https:\/\/frdelpino.es\/actualidad\/wp-content\/uploads\/2023\/08\/AdobeStock_304429000_bj-1068x712.jpg 1068w, https:\/\/frdelpino.es\/actualidad\/wp-content\/uploads\/2023\/08\/AdobeStock_304429000_bj-630x420.jpg 630w, https:\/\/frdelpino.es\/actualidad\/wp-content\/uploads\/2023\/08\/AdobeStock_304429000_bj.jpg 1200w\" sizes=\"auto, (max-width: 300px) 100vw, 300px\" \/><\/p>\n<p style=\"text-align: justify;\">Cimarra Etchenique se\u00f1ala, por un lado, que las democracias deben reforzar su frente interno para salir airosas de la competencia con Rusia y China, que ha dado lugar a una nueva Guerra Fr\u00eda y a una nueva batalla entre democracia y autocracia. Las sociedades democr\u00e1tica est\u00e1n experimentando una gran polarizaci\u00f3n, que est\u00e1 socavando la gobernanza democr\u00e1tica y la confianza en la propia democracia. El retroceso de la democracia en Occidente tiene importantes implicaciones geopol\u00edticas. Compromete la posici\u00f3n internacional de Occidente y degrada el poder blando de Estados Unidos y Europa. Adem\u00e1s, la desconfianza y las divisiones internas son explotadas por las autocracias. Estas seguir\u00e1n socavando el orden mundial liberal mientras no se revierta la crisis de la democracia liberal. Para defender la democracia y el orden liberal en el mundo, Estados Unidos y la Uni\u00f3n Europea deben liderar un esfuerzo para regenerar las esferas p\u00fablicas de las democracias, que est\u00e1n gravemente da\u00f1adas.<\/p>\n<p style=\"text-align: justify;\">Los medios de comunicaci\u00f3n, y en particular las redes sociales, est\u00e1n desempe\u00f1ando un papel central en el aumento de la desconfianza y la polarizaci\u00f3n en las democracias. Y, la r\u00e1pida aceleraci\u00f3n del desarrollo de la IA hace que la situaci\u00f3n sea m\u00e1s acuciante.<\/p>\n<blockquote class=\"td_pull_quote td_pull_center\">\n<p style=\"text-align: justify;\">Para defender la democracia y preservar el orden liberal en el mundo, Estados Unidos y la UE deber\u00edan cooperar para reavivar la confianza en la democracia a nivel nacional e internacional.<\/p>\n<\/blockquote>\n<p style=\"text-align: justify;\"><img loading=\"lazy\" decoding=\"async\" class=\" wp-image-5047 alignleft\" src=\"https:\/\/frdelpino.es\/actualidad\/wp-content\/uploads\/2023\/08\/AdobeStock_65775025-bj.jpg\" alt=\"\" width=\"275\" height=\"206\" srcset=\"https:\/\/frdelpino.es\/actualidad\/wp-content\/uploads\/2023\/08\/AdobeStock_65775025-bj.jpg 300w, https:\/\/frdelpino.es\/actualidad\/wp-content\/uploads\/2023\/08\/AdobeStock_65775025-bj-80x60.jpg 80w, https:\/\/frdelpino.es\/actualidad\/wp-content\/uploads\/2023\/08\/AdobeStock_65775025-bj-265x198.jpg 265w\" sizes=\"auto, (max-width: 275px) 100vw, 275px\" \/>El enredo y los bucles de retroalimentaci\u00f3n entre los ciclos dom\u00e9sticos y geopol\u00edticos de desconfianza han dado lugar a una amenaza global para la democracia: una espiral pol\u00edtica descendente que arrastra a las sociedades hacia la enemistad. Esta espiral se alimenta y genera emociones humanas destructivas a escala masiva, como la indignaci\u00f3n y el odio, que conducen a la violencia, la guerra y la autocracia, por lo que puede entenderse mejor como una peligrosa vor\u00e1gine global de desconfianza, que podr\u00eda hundir la democracia en todo el mundo.<\/p>\n<p style=\"text-align: justify;\">Si la desconfianza masiva puede hundir la democracia en todo el mundo, se deduce que la regeneraci\u00f3n de la confianza es el camino hacia la revitalizaci\u00f3n democr\u00e1tica.<\/p>\n<p style=\"text-align: justify;\">Para Nicol\u00e1s Cimarra, estas podr\u00edan ser algunas recomendaciones a fin de regenerar la confianza en la democracia:<\/p>\n<ol>\n<li style=\"text-align: justify;\">El di\u00e1logo c\u00edvico deber\u00eda actuar como br\u00fajula, o faro, de la revitalizaci\u00f3n democr\u00e1tica. Para regenerar el di\u00e1logo c\u00edvico, las democracias deber\u00edan trabajar juntas en estrategias innovadoras destinadas a contener los riesgos sist\u00e9micos de las redes sociales y la IA sobre la gobernanza democr\u00e1tica. Una regulaci\u00f3n m\u00e1s estricta de las redes sociales y la IA y la aplicaci\u00f3n de la legislaci\u00f3n antimonopolio son necesarias, pero podr\u00edan no ser suficientes. Tambi\u00e9n deber\u00edan explorarse v\u00edas complementarias.<\/li>\n<li>La Uni\u00f3n Europea y Estados Unidos deber\u00edan promover el desarrollo de una red de refugios seguros para la vida c\u00edvica en l\u00ednea.\n<ul>\n<li style=\"text-align: justify;\">Estos refugios seguros podr\u00edan consistir en opciones p\u00fablicas globales de plataformas c\u00edvicas (PCP).<\/li>\n<li style=\"text-align: justify;\">Las PCP, gestionadas por las comunidades c\u00edvicas digitales (DCC), proporcionar\u00edan refugios seguros para la vida c\u00edvica en l\u00ednea. Podr\u00edan funcionar como \u00abplazas urbanas digitales\u00bb, de un modo que las redes sociales con \u00e1nimo de lucro no pueden.<\/li>\n<\/ul>\n<\/li>\n<li style=\"text-align: justify;\">La red deber\u00eda estar coordinada por una Agencia Internacional de Cooperaci\u00f3n en materia de IA para la Democracia (IACAID, o Agencia), estableciendo normas y garantizando una supervisi\u00f3n adecuada del PCP y el DCC. Esta Agencia constituir\u00eda la pieza central de una estrategia, denominada IA para la Democracia (AI4D), dise\u00f1ada para reunir a las democracias en un esfuerzo global para proteger y restaurar la democracia y el orden mundial liberal. Al crear el sistema AI4D, las democracias dar\u00edan un gran paso para restaurar el di\u00e1logo c\u00edvico y la confianza en la democracia, revitalizando su poder blando. Este sistema contribuir\u00eda a proteger y promover la democracia en todo el mundo y ayudar\u00eda a las democracias a navegar por la vor\u00e1gine mundial de desconfianza.<\/li>\n<\/ol>\n<p style=\"text-align: right;\"><a href=\"https:\/\/www.belfercenter.org\/publication\/democracy-and-liberal-world-order-amid-rise-authoritarianism-0\" target=\"_blank\" rel=\"noopener\"><span style=\"color: #008080;\">Acceda al documento completo<\/span><\/a><\/p>\n<hr \/>\n<p style=\"text-align: justify;\"><span style=\"color: #008080;\"><strong>Nicol\u00e1s Cimarra<\/strong><\/span> ha sido Fellow Rafael del Pino-MAEC 2022-2023 en el Belfer Center, Project on Europe and the Transatlantic Relationship, de la Harvard Kennedy School.<\/p>\n<p style=\"text-align: justify;\">Ingres\u00f3 en el Servicio Exterior espa\u00f1ol en 2005. Estuvo destinado en la Embajada de Espa\u00f1a en Etiop\u00eda y ante la Uni\u00f3n Africana (2008-2011), en la Embajada de Espa\u00f1a en Pakist\u00e1n (2011-2012) y en la Misi\u00f3n de Espa\u00f1a ante las Naciones Unidas (2012-2017). De 2019 a 2022 desempe\u00f1\u00f3 el cargo de Representante Permanente Adjunto para asuntos pol\u00edticos y militares en la Representaci\u00f3n Permanente de Espa\u00f1a ante la OSCE, y fue Coordinador del proceso de Di\u00e1logo Estructurado en 2020 y 2021. En el Ministerio de Asuntos Exteriores, Uni\u00f3n Europea y Cooperaci\u00f3n, ha desempe\u00f1ado el cargo de Desk Officer en la Agencia Espa\u00f1ola de Cooperaci\u00f3n Internacional (2005-2006), de Desk Officer en la Direcci\u00f3n de la UE (2007-2008), y de Subdirector Adjunto en la Direcci\u00f3n de \u00c1frica (2017-2019). Es licenciado en Derecho por la Universidad Complutense de Madrid.<\/p>\n<h6 style=\"text-align: justify;\">\u201cLa Fundaci\u00f3n Rafael del Pino no se hace responsable de los comentarios, opiniones o manifestaciones realizados por las personas que participan en sus actividades y que son expresadas como resultado de su derecho inalienable a la libertad de expresi\u00f3n y bajo su entera responsabilidad. Los contenidos del documento escrito por Nicol\u00e1s Cimarra Etchenique, Fellow Rafael del Pino-MAEC 2022-2023, para el <em>Project on Europe and the Transatlantic Relationship <\/em>de la Kennedy School de la Universidad de Harvard, son resultado de su investigaci\u00f3n y son responsabilidad del autor.\u201d<\/h6>\n","protected":false},"excerpt":{"rendered":"<p>El Project on Europe and the Transatlantic Relationship de la Kennedy School de la Universidad de Harvard publica el paper de Nicol\u00e1s Cimarra Etchenique, Fellow Rafael del Pino-MAEC 2022\/23, Democracia y orden liberal en el mundo ante el auge del autoritarismo, resultado de su investigaci\u00f3n en dicha universidad. Recuperar la confianza en la democracia Cimarra [&hellip;]<\/p>\n","protected":false},"author":5,"featured_media":5042,"comment_status":"closed","ping_status":"closed","sticky":false,"template":"","format":"standard","meta":{"_acf_changed":false,"footnotes":""},"categories":[140,8,306],"tags":[14,17,121,36,328,81,165],"class_list":{"0":"post-5031","1":"post","2":"type-post","3":"status-publish","4":"format-standard","5":"has-post-thumbnail","7":"category-featured","8":"category-sociopolitica","9":"category-destacado-frdelpino-es","10":"tag-ciudadania","11":"tag-democracia","12":"tag-estados-unidos","13":"tag-gobernanza","14":"tag-inteligencia-artifical","15":"tag-redes-sociales","16":"tag-union-europea"},"acf":[],"yoast_head":"<!-- This site is optimized with the Yoast SEO plugin v27.4 - https:\/\/yoast.com\/product\/yoast-seo-wordpress\/ -->\n<title>Democracia y orden liberal en el mundo - FRP Gaceta<\/title>\n<meta name=\"description\" content=\"El futuro de los tipos de inter\u00e9s en la Eurozona viene condicionado por la vuelta de la inflaci\u00f3n al nivel del 2% - FRP Gaceta\" \/>\n<meta name=\"robots\" content=\"index, follow, max-snippet:-1, max-image-preview:large, max-video-preview:-1\" \/>\n<link rel=\"canonical\" href=\"https:\/\/frdelpino.es\/actualidad\/democracia-y-orden-liberal-en-el-mundo-ante-el-auge-del-autoritarismo\/\" \/>\n<meta property=\"og:locale\" content=\"es_ES\" \/>\n<meta property=\"og:type\" content=\"article\" \/>\n<meta property=\"og:title\" content=\"Democracia y orden liberal en el mundo - FRP Gaceta\" \/>\n<meta property=\"og:description\" content=\"El futuro de los tipos de inter\u00e9s en la Eurozona viene condicionado por la vuelta de la inflaci\u00f3n al nivel del 2% - FRP Gaceta\" \/>\n<meta property=\"og:url\" content=\"https:\/\/frdelpino.es\/actualidad\/democracia-y-orden-liberal-en-el-mundo-ante-el-auge-del-autoritarismo\/\" \/>\n<meta property=\"og:site_name\" content=\"FRP Gaceta\" \/>\n<meta property=\"article:publisher\" content=\"https:\/\/www.facebook.com\/frdelpino\" \/>\n<meta property=\"article:published_time\" content=\"2023-08-24T07:26:11+00:00\" \/>\n<meta property=\"article:modified_time\" content=\"2024-09-26T07:59:51+00:00\" \/>\n<meta property=\"og:image\" content=\"https:\/\/frdelpino.es\/actualidad\/wp-content\/uploads\/2023\/08\/AdobeStock_304429000_bj.jpg\" \/>\n\t<meta property=\"og:image:width\" content=\"1200\" \/>\n\t<meta property=\"og:image:height\" content=\"800\" \/>\n\t<meta property=\"og:image:type\" content=\"image\/jpeg\" \/>\n<meta name=\"author\" content=\"Carlota Taboada\" \/>\n<meta name=\"twitter:card\" content=\"summary_large_image\" \/>\n<meta name=\"twitter:creator\" content=\"@frdelpino\" \/>\n<meta name=\"twitter:site\" content=\"@frdelpino\" \/>\n<meta name=\"twitter:label1\" content=\"Escrito por\" \/>\n\t<meta name=\"twitter:data1\" content=\"Carlota Taboada\" \/>\n\t<meta name=\"twitter:label2\" content=\"Tiempo de lectura\" \/>\n\t<meta name=\"twitter:data2\" content=\"5 minutos\" \/>\n<script type=\"application\/ld+json\" class=\"yoast-schema-graph\">{\"@context\":\"https:\\\/\\\/schema.org\",\"@graph\":[{\"@type\":\"Article\",\"@id\":\"https:\\\/\\\/frdelpino.es\\\/actualidad\\\/democracia-y-orden-liberal-en-el-mundo-ante-el-auge-del-autoritarismo\\\/#article\",\"isPartOf\":{\"@id\":\"https:\\\/\\\/frdelpino.es\\\/actualidad\\\/democracia-y-orden-liberal-en-el-mundo-ante-el-auge-del-autoritarismo\\\/\"},\"author\":{\"name\":\"Carlota Taboada\",\"@id\":\"https:\\\/\\\/frdelpino.es\\\/actualidad\\\/#\\\/schema\\\/person\\\/5b3e77df61158f3160fedebdf5407d86\"},\"headline\":\"Democracia y orden liberal en el mundo\",\"datePublished\":\"2023-08-24T07:26:11+00:00\",\"dateModified\":\"2024-09-26T07:59:51+00:00\",\"mainEntityOfPage\":{\"@id\":\"https:\\\/\\\/frdelpino.es\\\/actualidad\\\/democracia-y-orden-liberal-en-el-mundo-ante-el-auge-del-autoritarismo\\\/\"},\"wordCount\":1032,\"image\":{\"@id\":\"https:\\\/\\\/frdelpino.es\\\/actualidad\\\/democracia-y-orden-liberal-en-el-mundo-ante-el-auge-del-autoritarismo\\\/#primaryimage\"},\"thumbnailUrl\":\"https:\\\/\\\/frdelpino.es\\\/actualidad\\\/wp-content\\\/uploads\\\/2023\\\/08\\\/AdobeStock_304429000_bj.jpg\",\"keywords\":[\"ciudadan\u00eda\",\"democracia\",\"estados unidos\",\"gobernanza\",\"inteligencia artifical\",\"redes sociales\",\"Uni\u00f3n Europea\"],\"articleSection\":[\"Featured\",\"Sociopol\u00edtica\",\"Z-Destacado frdelpino.es\"],\"inLanguage\":\"es\"},{\"@type\":\"WebPage\",\"@id\":\"https:\\\/\\\/frdelpino.es\\\/actualidad\\\/democracia-y-orden-liberal-en-el-mundo-ante-el-auge-del-autoritarismo\\\/\",\"url\":\"https:\\\/\\\/frdelpino.es\\\/actualidad\\\/democracia-y-orden-liberal-en-el-mundo-ante-el-auge-del-autoritarismo\\\/\",\"name\":\"Democracia y orden liberal en el mundo - FRP Gaceta\",\"isPartOf\":{\"@id\":\"https:\\\/\\\/frdelpino.es\\\/actualidad\\\/#website\"},\"primaryImageOfPage\":{\"@id\":\"https:\\\/\\\/frdelpino.es\\\/actualidad\\\/democracia-y-orden-liberal-en-el-mundo-ante-el-auge-del-autoritarismo\\\/#primaryimage\"},\"image\":{\"@id\":\"https:\\\/\\\/frdelpino.es\\\/actualidad\\\/democracia-y-orden-liberal-en-el-mundo-ante-el-auge-del-autoritarismo\\\/#primaryimage\"},\"thumbnailUrl\":\"https:\\\/\\\/frdelpino.es\\\/actualidad\\\/wp-content\\\/uploads\\\/2023\\\/08\\\/AdobeStock_304429000_bj.jpg\",\"datePublished\":\"2023-08-24T07:26:11+00:00\",\"dateModified\":\"2024-09-26T07:59:51+00:00\",\"author\":{\"@id\":\"https:\\\/\\\/frdelpino.es\\\/actualidad\\\/#\\\/schema\\\/person\\\/5b3e77df61158f3160fedebdf5407d86\"},\"description\":\"El futuro de los tipos de inter\u00e9s en la Eurozona viene condicionado por la vuelta de la inflaci\u00f3n al nivel del 2% - FRP Gaceta\",\"breadcrumb\":{\"@id\":\"https:\\\/\\\/frdelpino.es\\\/actualidad\\\/democracia-y-orden-liberal-en-el-mundo-ante-el-auge-del-autoritarismo\\\/#breadcrumb\"},\"inLanguage\":\"es\",\"potentialAction\":[{\"@type\":\"ReadAction\",\"target\":[\"https:\\\/\\\/frdelpino.es\\\/actualidad\\\/democracia-y-orden-liberal-en-el-mundo-ante-el-auge-del-autoritarismo\\\/\"]}]},{\"@type\":\"ImageObject\",\"inLanguage\":\"es\",\"@id\":\"https:\\\/\\\/frdelpino.es\\\/actualidad\\\/democracia-y-orden-liberal-en-el-mundo-ante-el-auge-del-autoritarismo\\\/#primaryimage\",\"url\":\"https:\\\/\\\/frdelpino.es\\\/actualidad\\\/wp-content\\\/uploads\\\/2023\\\/08\\\/AdobeStock_304429000_bj.jpg\",\"contentUrl\":\"https:\\\/\\\/frdelpino.es\\\/actualidad\\\/wp-content\\\/uploads\\\/2023\\\/08\\\/AdobeStock_304429000_bj.jpg\",\"width\":1200,\"height\":800,\"caption\":\"Large red and white lighthouse on a rain and storm filled night with a beam of light shining out to sea\"},{\"@type\":\"BreadcrumbList\",\"@id\":\"https:\\\/\\\/frdelpino.es\\\/actualidad\\\/democracia-y-orden-liberal-en-el-mundo-ante-el-auge-del-autoritarismo\\\/#breadcrumb\",\"itemListElement\":[{\"@type\":\"ListItem\",\"position\":1,\"name\":\"Portada\",\"item\":\"https:\\\/\\\/frdelpino.es\\\/actualidad\\\/\"},{\"@type\":\"ListItem\",\"position\":2,\"name\":\"Democracia y orden liberal en el mundo\"}]},{\"@type\":\"WebSite\",\"@id\":\"https:\\\/\\\/frdelpino.es\\\/actualidad\\\/#website\",\"url\":\"https:\\\/\\\/frdelpino.es\\\/actualidad\\\/\",\"name\":\"FRP Gaceta\",\"description\":\"Una iniciativa de la Fundaci\u00f3n Rafael del Pino\",\"potentialAction\":[{\"@type\":\"SearchAction\",\"target\":{\"@type\":\"EntryPoint\",\"urlTemplate\":\"https:\\\/\\\/frdelpino.es\\\/actualidad\\\/?s={search_term_string}\"},\"query-input\":{\"@type\":\"PropertyValueSpecification\",\"valueRequired\":true,\"valueName\":\"search_term_string\"}}],\"inLanguage\":\"es\"},{\"@type\":\"Person\",\"@id\":\"https:\\\/\\\/frdelpino.es\\\/actualidad\\\/#\\\/schema\\\/person\\\/5b3e77df61158f3160fedebdf5407d86\",\"name\":\"Carlota Taboada\",\"url\":\"https:\\\/\\\/frdelpino.es\\\/actualidad\\\/author\\\/ctaboada\\\/\"}]}<\/script>\n<!-- \/ Yoast SEO plugin. -->","yoast_head_json":{"title":"Democracia y orden liberal en el mundo - FRP Gaceta","description":"El futuro de los tipos de inter\u00e9s en la Eurozona viene condicionado por la vuelta de la inflaci\u00f3n al nivel del 2% - FRP Gaceta","robots":{"index":"index","follow":"follow","max-snippet":"max-snippet:-1","max-image-preview":"max-image-preview:large","max-video-preview":"max-video-preview:-1"},"canonical":"https:\/\/frdelpino.es\/actualidad\/democracia-y-orden-liberal-en-el-mundo-ante-el-auge-del-autoritarismo\/","og_locale":"es_ES","og_type":"article","og_title":"Democracia y orden liberal en el mundo - FRP Gaceta","og_description":"El futuro de los tipos de inter\u00e9s en la Eurozona viene condicionado por la vuelta de la inflaci\u00f3n al nivel del 2% - FRP Gaceta","og_url":"https:\/\/frdelpino.es\/actualidad\/democracia-y-orden-liberal-en-el-mundo-ante-el-auge-del-autoritarismo\/","og_site_name":"FRP Gaceta","article_publisher":"https:\/\/www.facebook.com\/frdelpino","article_published_time":"2023-08-24T07:26:11+00:00","article_modified_time":"2024-09-26T07:59:51+00:00","og_image":[{"width":1200,"height":800,"url":"https:\/\/frdelpino.es\/actualidad\/wp-content\/uploads\/2023\/08\/AdobeStock_304429000_bj.jpg","type":"image\/jpeg"}],"author":"Carlota Taboada","twitter_card":"summary_large_image","twitter_creator":"@frdelpino","twitter_site":"@frdelpino","twitter_misc":{"Escrito por":"Carlota Taboada","Tiempo de lectura":"5 minutos"},"schema":{"@context":"https:\/\/schema.org","@graph":[{"@type":"Article","@id":"https:\/\/frdelpino.es\/actualidad\/democracia-y-orden-liberal-en-el-mundo-ante-el-auge-del-autoritarismo\/#article","isPartOf":{"@id":"https:\/\/frdelpino.es\/actualidad\/democracia-y-orden-liberal-en-el-mundo-ante-el-auge-del-autoritarismo\/"},"author":{"name":"Carlota Taboada","@id":"https:\/\/frdelpino.es\/actualidad\/#\/schema\/person\/5b3e77df61158f3160fedebdf5407d86"},"headline":"Democracia y orden liberal en el mundo","datePublished":"2023-08-24T07:26:11+00:00","dateModified":"2024-09-26T07:59:51+00:00","mainEntityOfPage":{"@id":"https:\/\/frdelpino.es\/actualidad\/democracia-y-orden-liberal-en-el-mundo-ante-el-auge-del-autoritarismo\/"},"wordCount":1032,"image":{"@id":"https:\/\/frdelpino.es\/actualidad\/democracia-y-orden-liberal-en-el-mundo-ante-el-auge-del-autoritarismo\/#primaryimage"},"thumbnailUrl":"https:\/\/frdelpino.es\/actualidad\/wp-content\/uploads\/2023\/08\/AdobeStock_304429000_bj.jpg","keywords":["ciudadan\u00eda","democracia","estados unidos","gobernanza","inteligencia artifical","redes sociales","Uni\u00f3n Europea"],"articleSection":["Featured","Sociopol\u00edtica","Z-Destacado frdelpino.es"],"inLanguage":"es"},{"@type":"WebPage","@id":"https:\/\/frdelpino.es\/actualidad\/democracia-y-orden-liberal-en-el-mundo-ante-el-auge-del-autoritarismo\/","url":"https:\/\/frdelpino.es\/actualidad\/democracia-y-orden-liberal-en-el-mundo-ante-el-auge-del-autoritarismo\/","name":"Democracia y orden liberal en el mundo - FRP Gaceta","isPartOf":{"@id":"https:\/\/frdelpino.es\/actualidad\/#website"},"primaryImageOfPage":{"@id":"https:\/\/frdelpino.es\/actualidad\/democracia-y-orden-liberal-en-el-mundo-ante-el-auge-del-autoritarismo\/#primaryimage"},"image":{"@id":"https:\/\/frdelpino.es\/actualidad\/democracia-y-orden-liberal-en-el-mundo-ante-el-auge-del-autoritarismo\/#primaryimage"},"thumbnailUrl":"https:\/\/frdelpino.es\/actualidad\/wp-content\/uploads\/2023\/08\/AdobeStock_304429000_bj.jpg","datePublished":"2023-08-24T07:26:11+00:00","dateModified":"2024-09-26T07:59:51+00:00","author":{"@id":"https:\/\/frdelpino.es\/actualidad\/#\/schema\/person\/5b3e77df61158f3160fedebdf5407d86"},"description":"El futuro de los tipos de inter\u00e9s en la Eurozona viene condicionado por la vuelta de la inflaci\u00f3n al nivel del 2% - FRP Gaceta","breadcrumb":{"@id":"https:\/\/frdelpino.es\/actualidad\/democracia-y-orden-liberal-en-el-mundo-ante-el-auge-del-autoritarismo\/#breadcrumb"},"inLanguage":"es","potentialAction":[{"@type":"ReadAction","target":["https:\/\/frdelpino.es\/actualidad\/democracia-y-orden-liberal-en-el-mundo-ante-el-auge-del-autoritarismo\/"]}]},{"@type":"ImageObject","inLanguage":"es","@id":"https:\/\/frdelpino.es\/actualidad\/democracia-y-orden-liberal-en-el-mundo-ante-el-auge-del-autoritarismo\/#primaryimage","url":"https:\/\/frdelpino.es\/actualidad\/wp-content\/uploads\/2023\/08\/AdobeStock_304429000_bj.jpg","contentUrl":"https:\/\/frdelpino.es\/actualidad\/wp-content\/uploads\/2023\/08\/AdobeStock_304429000_bj.jpg","width":1200,"height":800,"caption":"Large red and white lighthouse on a rain and storm filled night with a beam of light shining out to sea"},{"@type":"BreadcrumbList","@id":"https:\/\/frdelpino.es\/actualidad\/democracia-y-orden-liberal-en-el-mundo-ante-el-auge-del-autoritarismo\/#breadcrumb","itemListElement":[{"@type":"ListItem","position":1,"name":"Portada","item":"https:\/\/frdelpino.es\/actualidad\/"},{"@type":"ListItem","position":2,"name":"Democracia y orden liberal en el mundo"}]},{"@type":"WebSite","@id":"https:\/\/frdelpino.es\/actualidad\/#website","url":"https:\/\/frdelpino.es\/actualidad\/","name":"FRP Gaceta","description":"Una iniciativa de la Fundaci\u00f3n Rafael del Pino","potentialAction":[{"@type":"SearchAction","target":{"@type":"EntryPoint","urlTemplate":"https:\/\/frdelpino.es\/actualidad\/?s={search_term_string}"},"query-input":{"@type":"PropertyValueSpecification","valueRequired":true,"valueName":"search_term_string"}}],"inLanguage":"es"},{"@type":"Person","@id":"https:\/\/frdelpino.es\/actualidad\/#\/schema\/person\/5b3e77df61158f3160fedebdf5407d86","name":"Carlota Taboada","url":"https:\/\/frdelpino.es\/actualidad\/author\/ctaboada\/"}]}},"_links":{"self":[{"href":"https:\/\/frdelpino.es\/actualidad\/wp-json\/wp\/v2\/posts\/5031","targetHints":{"allow":["GET"]}}],"collection":[{"href":"https:\/\/frdelpino.es\/actualidad\/wp-json\/wp\/v2\/posts"}],"about":[{"href":"https:\/\/frdelpino.es\/actualidad\/wp-json\/wp\/v2\/types\/post"}],"author":[{"embeddable":true,"href":"https:\/\/frdelpino.es\/actualidad\/wp-json\/wp\/v2\/users\/5"}],"replies":[{"embeddable":true,"href":"https:\/\/frdelpino.es\/actualidad\/wp-json\/wp\/v2\/comments?post=5031"}],"version-history":[{"count":18,"href":"https:\/\/frdelpino.es\/actualidad\/wp-json\/wp\/v2\/posts\/5031\/revisions"}],"predecessor-version":[{"id":5477,"href":"https:\/\/frdelpino.es\/actualidad\/wp-json\/wp\/v2\/posts\/5031\/revisions\/5477"}],"wp:featuredmedia":[{"embeddable":true,"href":"https:\/\/frdelpino.es\/actualidad\/wp-json\/wp\/v2\/media\/5042"}],"wp:attachment":[{"href":"https:\/\/frdelpino.es\/actualidad\/wp-json\/wp\/v2\/media?parent=5031"}],"wp:term":[{"taxonomy":"category","embeddable":true,"href":"https:\/\/frdelpino.es\/actualidad\/wp-json\/wp\/v2\/categories?post=5031"},{"taxonomy":"post_tag","embeddable":true,"href":"https:\/\/frdelpino.es\/actualidad\/wp-json\/wp\/v2\/tags?post=5031"}],"curies":[{"name":"wp","href":"https:\/\/api.w.org\/{rel}","templated":true}]}}