{"id":5152,"date":"2023-12-05T13:11:54","date_gmt":"2023-12-05T11:11:54","guid":{"rendered":"https:\/\/frdelpino.es\/actualidad\/?p=5152"},"modified":"2024-03-22T14:18:52","modified_gmt":"2024-03-22T12:18:52","slug":"los-horizontes-de-la-inteligencia-artificial","status":"publish","type":"post","link":"https:\/\/frdelpino.es\/actualidad\/los-horizontes-de-la-inteligencia-artificial\/","title":{"rendered":"Los horizontes de la inteligencia artificial"},"content":{"rendered":"<p style=\"text-align: justify;\"><strong><span style=\"color: #008080;\">Andr\u00e9s Pedre\u00f1o<\/span><\/strong> es co-fundador y presidente no ejecutivo de IT&amp;IS, director del observatorio para el an\u00e1lisis y desarrollo econ\u00f3mico de internet en Espa\u00f1a ADEI, presidente de AlicanTEC, director del observatorio Fintech y director del observatorio de inteligencia artificial. Forma parte del Comit\u00e9 de Expertos de la <a href=\"https:\/\/frdelpino.es\/ciencia-y-sociedad\/\">C\u00e1tedra de Ciencia y Sociedad de la Fundaci\u00f3n Rafael del Pino<\/a> desde 2020.<\/p>\n<blockquote class=\"td_quote_box td_box_center\">\n<p style=\"text-align: center;\">Los economistas tenemos claro que la inteligencia artificial es una tecnolog\u00eda de utilidad general que va a tener un impacto enorme en el PIB, en todos los sectores productivos.<\/p>\n<\/blockquote>\n","protected":false},"excerpt":{"rendered":"<p>Andr\u00e9s Pedre\u00f1o es co-fundador y presidente no ejecutivo de IT&amp;IS, director del observatorio para el an\u00e1lisis y desarrollo econ\u00f3mico de internet en Espa\u00f1a ADEI, presidente de AlicanTEC, director del observatorio Fintech y director del observatorio de inteligencia artificial. Forma parte del Comit\u00e9 de Expertos de la C\u00e1tedra de Ciencia y Sociedad de la Fundaci\u00f3n Rafael [&hellip;]<\/p>\n","protected":false},"author":5,"featured_media":5154,"comment_status":"closed","ping_status":"closed","sticky":false,"template":"","format":"video","meta":{"_acf_changed":false,"footnotes":""},"categories":[6],"tags":[13,247,118,39,328,127,364],"class_list":{"0":"post-5152","1":"post","2":"type-post","3":"status-publish","4":"format-video","5":"has-post-thumbnail","7":"category-protagonistas","8":"tag-ciencia","9":"tag-fintech","10":"tag-global","11":"tag-innovacion","12":"tag-inteligencia-artifical","13":"tag-internet","14":"tag-investigacion","15":"post_format-post-format-video"},"acf":[],"yoast_head":"<!-- This site is optimized with the Yoast SEO plugin v27.4 - https:\/\/yoast.com\/product\/yoast-seo-wordpress\/ -->\n<title>Los horizontes de la inteligencia artificial - FRP Gaceta<\/title>\n<meta name=\"robots\" content=\"index, follow, max-snippet:-1, max-image-preview:large, max-video-preview:-1\" \/>\n<link rel=\"canonical\" href=\"https:\/\/frdelpino.es\/actualidad\/los-horizontes-de-la-inteligencia-artificial\/\" \/>\n<meta property=\"og:locale\" content=\"es_ES\" \/>\n<meta property=\"og:type\" content=\"article\" \/>\n<meta property=\"og:title\" content=\"Los horizontes de la inteligencia artificial - FRP Gaceta\" \/>\n<meta property=\"og:description\" content=\"Andr\u00e9s Pedre\u00f1o es co-fundador y presidente no ejecutivo de IT&amp;IS, director del observatorio para el an\u00e1lisis y desarrollo econ\u00f3mico de internet en Espa\u00f1a ADEI, presidente de AlicanTEC, director del observatorio Fintech y director del observatorio de inteligencia artificial. Forma parte del Comit\u00e9 de Expertos de la C\u00e1tedra de Ciencia y Sociedad de la Fundaci\u00f3n Rafael [&hellip;]\" \/>\n<meta property=\"og:url\" content=\"https:\/\/frdelpino.es\/actualidad\/los-horizontes-de-la-inteligencia-artificial\/\" \/>\n<meta property=\"og:site_name\" content=\"FRP Gaceta\" \/>\n<meta property=\"article:publisher\" content=\"https:\/\/www.facebook.com\/frdelpino\" \/>\n<meta property=\"article:published_time\" content=\"2023-12-05T11:11:54+00:00\" \/>\n<meta property=\"article:modified_time\" content=\"2024-03-22T12:18:52+00:00\" \/>\n<meta property=\"og:image\" content=\"https:\/\/frdelpino.es\/actualidad\/wp-content\/uploads\/2023\/12\/maxresdefault-4.jpg\" \/>\n\t<meta property=\"og:image:width\" content=\"1280\" \/>\n\t<meta property=\"og:image:height\" content=\"720\" \/>\n\t<meta property=\"og:image:type\" content=\"image\/jpeg\" \/>\n<meta name=\"author\" content=\"Carlota Taboada\" \/>\n<meta name=\"twitter:card\" content=\"summary_large_image\" \/>\n<meta name=\"twitter:creator\" content=\"@frdelpino\" \/>\n<meta name=\"twitter:site\" content=\"@frdelpino\" \/>\n<meta name=\"twitter:label1\" content=\"Escrito por\" \/>\n\t<meta name=\"twitter:data1\" content=\"Carlota Taboada\" \/>\n\t<meta name=\"twitter:label2\" content=\"Tiempo de lectura\" \/>\n\t<meta name=\"twitter:data2\" content=\"1 minuto\" \/>\n<script type=\"application\/ld+json\" class=\"yoast-schema-graph\">{\"@context\":\"https:\\\/\\\/schema.org\",\"@graph\":[{\"@type\":\"Article\",\"@id\":\"https:\\\/\\\/frdelpino.es\\\/actualidad\\\/los-horizontes-de-la-inteligencia-artificial\\\/#article\",\"isPartOf\":{\"@id\":\"https:\\\/\\\/frdelpino.es\\\/actualidad\\\/los-horizontes-de-la-inteligencia-artificial\\\/\"},\"author\":{\"name\":\"Carlota Taboada\",\"@id\":\"https:\\\/\\\/frdelpino.es\\\/actualidad\\\/#\\\/schema\\\/person\\\/5b3e77df61158f3160fedebdf5407d86\"},\"headline\":\"Los horizontes de la inteligencia artificial\",\"datePublished\":\"2023-12-05T11:11:54+00:00\",\"dateModified\":\"2024-03-22T12:18:52+00:00\",\"mainEntityOfPage\":{\"@id\":\"https:\\\/\\\/frdelpino.es\\\/actualidad\\\/los-horizontes-de-la-inteligencia-artificial\\\/\"},\"wordCount\":103,\"image\":{\"@id\":\"https:\\\/\\\/frdelpino.es\\\/actualidad\\\/los-horizontes-de-la-inteligencia-artificial\\\/#primaryimage\"},\"thumbnailUrl\":\"https:\\\/\\\/frdelpino.es\\\/actualidad\\\/wp-content\\\/uploads\\\/2023\\\/12\\\/maxresdefault-4.jpg\",\"keywords\":[\"ciencia\",\"fintech\",\"global\",\"innovaci\u00f3n\",\"inteligencia artifical\",\"internet\",\"investigaci\u00f3n\"],\"articleSection\":[\"Protagonistas\"],\"inLanguage\":\"es\"},{\"@type\":\"WebPage\",\"@id\":\"https:\\\/\\\/frdelpino.es\\\/actualidad\\\/los-horizontes-de-la-inteligencia-artificial\\\/\",\"url\":\"https:\\\/\\\/frdelpino.es\\\/actualidad\\\/los-horizontes-de-la-inteligencia-artificial\\\/\",\"name\":\"Los horizontes de la inteligencia artificial - FRP Gaceta\",\"isPartOf\":{\"@id\":\"https:\\\/\\\/frdelpino.es\\\/actualidad\\\/#website\"},\"primaryImageOfPage\":{\"@id\":\"https:\\\/\\\/frdelpino.es\\\/actualidad\\\/los-horizontes-de-la-inteligencia-artificial\\\/#primaryimage\"},\"image\":{\"@id\":\"https:\\\/\\\/frdelpino.es\\\/actualidad\\\/los-horizontes-de-la-inteligencia-artificial\\\/#primaryimage\"},\"thumbnailUrl\":\"https:\\\/\\\/frdelpino.es\\\/actualidad\\\/wp-content\\\/uploads\\\/2023\\\/12\\\/maxresdefault-4.jpg\",\"datePublished\":\"2023-12-05T11:11:54+00:00\",\"dateModified\":\"2024-03-22T12:18:52+00:00\",\"author\":{\"@id\":\"https:\\\/\\\/frdelpino.es\\\/actualidad\\\/#\\\/schema\\\/person\\\/5b3e77df61158f3160fedebdf5407d86\"},\"breadcrumb\":{\"@id\":\"https:\\\/\\\/frdelpino.es\\\/actualidad\\\/los-horizontes-de-la-inteligencia-artificial\\\/#breadcrumb\"},\"inLanguage\":\"es\",\"potentialAction\":[{\"@type\":\"ReadAction\",\"target\":[\"https:\\\/\\\/frdelpino.es\\\/actualidad\\\/los-horizontes-de-la-inteligencia-artificial\\\/\"]}]},{\"@type\":\"ImageObject\",\"inLanguage\":\"es\",\"@id\":\"https:\\\/\\\/frdelpino.es\\\/actualidad\\\/los-horizontes-de-la-inteligencia-artificial\\\/#primaryimage\",\"url\":\"https:\\\/\\\/frdelpino.es\\\/actualidad\\\/wp-content\\\/uploads\\\/2023\\\/12\\\/maxresdefault-4.jpg\",\"contentUrl\":\"https:\\\/\\\/frdelpino.es\\\/actualidad\\\/wp-content\\\/uploads\\\/2023\\\/12\\\/maxresdefault-4.jpg\",\"width\":1280,\"height\":720},{\"@type\":\"BreadcrumbList\",\"@id\":\"https:\\\/\\\/frdelpino.es\\\/actualidad\\\/los-horizontes-de-la-inteligencia-artificial\\\/#breadcrumb\",\"itemListElement\":[{\"@type\":\"ListItem\",\"position\":1,\"name\":\"Portada\",\"item\":\"https:\\\/\\\/frdelpino.es\\\/actualidad\\\/\"},{\"@type\":\"ListItem\",\"position\":2,\"name\":\"Los horizontes de la inteligencia artificial\"}]},{\"@type\":\"WebSite\",\"@id\":\"https:\\\/\\\/frdelpino.es\\\/actualidad\\\/#website\",\"url\":\"https:\\\/\\\/frdelpino.es\\\/actualidad\\\/\",\"name\":\"FRP Gaceta\",\"description\":\"Una iniciativa de la Fundaci\u00f3n Rafael del Pino\",\"potentialAction\":[{\"@type\":\"SearchAction\",\"target\":{\"@type\":\"EntryPoint\",\"urlTemplate\":\"https:\\\/\\\/frdelpino.es\\\/actualidad\\\/?s={search_term_string}\"},\"query-input\":{\"@type\":\"PropertyValueSpecification\",\"valueRequired\":true,\"valueName\":\"search_term_string\"}}],\"inLanguage\":\"es\"},{\"@type\":\"Person\",\"@id\":\"https:\\\/\\\/frdelpino.es\\\/actualidad\\\/#\\\/schema\\\/person\\\/5b3e77df61158f3160fedebdf5407d86\",\"name\":\"Carlota Taboada\",\"url\":\"https:\\\/\\\/frdelpino.es\\\/actualidad\\\/author\\\/ctaboada\\\/\"}]}<\/script>\n<!-- \/ Yoast SEO plugin. -->","yoast_head_json":{"title":"Los horizontes de la inteligencia artificial - FRP Gaceta","robots":{"index":"index","follow":"follow","max-snippet":"max-snippet:-1","max-image-preview":"max-image-preview:large","max-video-preview":"max-video-preview:-1"},"canonical":"https:\/\/frdelpino.es\/actualidad\/los-horizontes-de-la-inteligencia-artificial\/","og_locale":"es_ES","og_type":"article","og_title":"Los horizontes de la inteligencia artificial - FRP Gaceta","og_description":"Andr\u00e9s Pedre\u00f1o es co-fundador y presidente no ejecutivo de IT&amp;IS, director del observatorio para el an\u00e1lisis y desarrollo econ\u00f3mico de internet en Espa\u00f1a ADEI, presidente de AlicanTEC, director del observatorio Fintech y director del observatorio de inteligencia artificial. Forma parte del Comit\u00e9 de Expertos de la C\u00e1tedra de Ciencia y Sociedad de la Fundaci\u00f3n Rafael [&hellip;]","og_url":"https:\/\/frdelpino.es\/actualidad\/los-horizontes-de-la-inteligencia-artificial\/","og_site_name":"FRP Gaceta","article_publisher":"https:\/\/www.facebook.com\/frdelpino","article_published_time":"2023-12-05T11:11:54+00:00","article_modified_time":"2024-03-22T12:18:52+00:00","og_image":[{"width":1280,"height":720,"url":"https:\/\/frdelpino.es\/actualidad\/wp-content\/uploads\/2023\/12\/maxresdefault-4.jpg","type":"image\/jpeg"}],"author":"Carlota Taboada","twitter_card":"summary_large_image","twitter_creator":"@frdelpino","twitter_site":"@frdelpino","twitter_misc":{"Escrito por":"Carlota Taboada","Tiempo de lectura":"1 minuto"},"schema":{"@context":"https:\/\/schema.org","@graph":[{"@type":"Article","@id":"https:\/\/frdelpino.es\/actualidad\/los-horizontes-de-la-inteligencia-artificial\/#article","isPartOf":{"@id":"https:\/\/frdelpino.es\/actualidad\/los-horizontes-de-la-inteligencia-artificial\/"},"author":{"name":"Carlota Taboada","@id":"https:\/\/frdelpino.es\/actualidad\/#\/schema\/person\/5b3e77df61158f3160fedebdf5407d86"},"headline":"Los horizontes de la inteligencia artificial","datePublished":"2023-12-05T11:11:54+00:00","dateModified":"2024-03-22T12:18:52+00:00","mainEntityOfPage":{"@id":"https:\/\/frdelpino.es\/actualidad\/los-horizontes-de-la-inteligencia-artificial\/"},"wordCount":103,"image":{"@id":"https:\/\/frdelpino.es\/actualidad\/los-horizontes-de-la-inteligencia-artificial\/#primaryimage"},"thumbnailUrl":"https:\/\/frdelpino.es\/actualidad\/wp-content\/uploads\/2023\/12\/maxresdefault-4.jpg","keywords":["ciencia","fintech","global","innovaci\u00f3n","inteligencia artifical","internet","investigaci\u00f3n"],"articleSection":["Protagonistas"],"inLanguage":"es"},{"@type":"WebPage","@id":"https:\/\/frdelpino.es\/actualidad\/los-horizontes-de-la-inteligencia-artificial\/","url":"https:\/\/frdelpino.es\/actualidad\/los-horizontes-de-la-inteligencia-artificial\/","name":"Los horizontes de la inteligencia artificial - FRP Gaceta","isPartOf":{"@id":"https:\/\/frdelpino.es\/actualidad\/#website"},"primaryImageOfPage":{"@id":"https:\/\/frdelpino.es\/actualidad\/los-horizontes-de-la-inteligencia-artificial\/#primaryimage"},"image":{"@id":"https:\/\/frdelpino.es\/actualidad\/los-horizontes-de-la-inteligencia-artificial\/#primaryimage"},"thumbnailUrl":"https:\/\/frdelpino.es\/actualidad\/wp-content\/uploads\/2023\/12\/maxresdefault-4.jpg","datePublished":"2023-12-05T11:11:54+00:00","dateModified":"2024-03-22T12:18:52+00:00","author":{"@id":"https:\/\/frdelpino.es\/actualidad\/#\/schema\/person\/5b3e77df61158f3160fedebdf5407d86"},"breadcrumb":{"@id":"https:\/\/frdelpino.es\/actualidad\/los-horizontes-de-la-inteligencia-artificial\/#breadcrumb"},"inLanguage":"es","potentialAction":[{"@type":"ReadAction","target":["https:\/\/frdelpino.es\/actualidad\/los-horizontes-de-la-inteligencia-artificial\/"]}]},{"@type":"ImageObject","inLanguage":"es","@id":"https:\/\/frdelpino.es\/actualidad\/los-horizontes-de-la-inteligencia-artificial\/#primaryimage","url":"https:\/\/frdelpino.es\/actualidad\/wp-content\/uploads\/2023\/12\/maxresdefault-4.jpg","contentUrl":"https:\/\/frdelpino.es\/actualidad\/wp-content\/uploads\/2023\/12\/maxresdefault-4.jpg","width":1280,"height":720},{"@type":"BreadcrumbList","@id":"https:\/\/frdelpino.es\/actualidad\/los-horizontes-de-la-inteligencia-artificial\/#breadcrumb","itemListElement":[{"@type":"ListItem","position":1,"name":"Portada","item":"https:\/\/frdelpino.es\/actualidad\/"},{"@type":"ListItem","position":2,"name":"Los horizontes de la inteligencia artificial"}]},{"@type":"WebSite","@id":"https:\/\/frdelpino.es\/actualidad\/#website","url":"https:\/\/frdelpino.es\/actualidad\/","name":"FRP Gaceta","description":"Una iniciativa de la Fundaci\u00f3n Rafael del Pino","potentialAction":[{"@type":"SearchAction","target":{"@type":"EntryPoint","urlTemplate":"https:\/\/frdelpino.es\/actualidad\/?s={search_term_string}"},"query-input":{"@type":"PropertyValueSpecification","valueRequired":true,"valueName":"search_term_string"}}],"inLanguage":"es"},{"@type":"Person","@id":"https:\/\/frdelpino.es\/actualidad\/#\/schema\/person\/5b3e77df61158f3160fedebdf5407d86","name":"Carlota Taboada","url":"https:\/\/frdelpino.es\/actualidad\/author\/ctaboada\/"}]}},"_links":{"self":[{"href":"https:\/\/frdelpino.es\/actualidad\/wp-json\/wp\/v2\/posts\/5152","targetHints":{"allow":["GET"]}}],"collection":[{"href":"https:\/\/frdelpino.es\/actualidad\/wp-json\/wp\/v2\/posts"}],"about":[{"href":"https:\/\/frdelpino.es\/actualidad\/wp-json\/wp\/v2\/types\/post"}],"author":[{"embeddable":true,"href":"https:\/\/frdelpino.es\/actualidad\/wp-json\/wp\/v2\/users\/5"}],"replies":[{"embeddable":true,"href":"https:\/\/frdelpino.es\/actualidad\/wp-json\/wp\/v2\/comments?post=5152"}],"version-history":[{"count":2,"href":"https:\/\/frdelpino.es\/actualidad\/wp-json\/wp\/v2\/posts\/5152\/revisions"}],"predecessor-version":[{"id":5155,"href":"https:\/\/frdelpino.es\/actualidad\/wp-json\/wp\/v2\/posts\/5152\/revisions\/5155"}],"wp:featuredmedia":[{"embeddable":true,"href":"https:\/\/frdelpino.es\/actualidad\/wp-json\/wp\/v2\/media\/5154"}],"wp:attachment":[{"href":"https:\/\/frdelpino.es\/actualidad\/wp-json\/wp\/v2\/media?parent=5152"}],"wp:term":[{"taxonomy":"category","embeddable":true,"href":"https:\/\/frdelpino.es\/actualidad\/wp-json\/wp\/v2\/categories?post=5152"},{"taxonomy":"post_tag","embeddable":true,"href":"https:\/\/frdelpino.es\/actualidad\/wp-json\/wp\/v2\/tags?post=5152"}],"curies":[{"name":"wp","href":"https:\/\/api.w.org\/{rel}","templated":true}]}}