{"id":5159,"date":"2024-01-08T17:47:03","date_gmt":"2024-01-08T15:47:03","guid":{"rendered":"https:\/\/frdelpino.es\/actualidad\/?p=5159"},"modified":"2024-01-08T17:47:03","modified_gmt":"2024-01-08T15:47:03","slug":"el-camino-del-despertar","status":"publish","type":"post","link":"https:\/\/frdelpino.es\/actualidad\/el-camino-del-despertar\/","title":{"rendered":"El camino del despertar"},"content":{"rendered":"<p style=\"text-align: justify;\">\u00bfPor qu\u00e9 a veces sufrimos tanto? \u00bfPor qu\u00e9 nos sentimos tan poca cosa si lo tenemos todo? \u00bfPor qu\u00e9 rivalizamos? \u00bfPor qu\u00e9 no entendemos al otro? Hay algo en la mente que no funciona suficientemente bien. Superarlo exige recorrer el camino del despertar. Lo explica <span style=\"color: #008080;\"><strong>Mario Alonso Puig<\/strong><\/span>, Fellow en Cirug\u00eda de la Harvard Medical School y coach ejecutivo.<\/p>\n<h2 style=\"text-align: justify;\">La vida plena y el camino del despertar<\/h2>\n<p style=\"text-align: justify;\">Una vida plena es aquella en la que uno est\u00e1 profundamente a gusto con su vida y con la vida. Por eso, debemos de entender que, en un viaje como \u00abel camino del despertar\u00bb, no podemos controlar lo que pasa. Esto es una aventura y debemos entender que habr\u00e1 veces que nos vamos a marear. Pero hay que confiar en que, si seguimos navegando, vamos a encontrar algo excepcional, un continente nuevo. Ese continente nuevo que vas a descubrir eres t\u00fa. Pero t\u00fa ves solo la superficie de lo que eres, no la profundidad de lo que es tu existencia.<\/p>\n<p style=\"text-align: justify;\">Jung habla de los arquetipos como figuras en nuestra vida. Tienen el poder de activar recursos, de movilizar cosas. Es como tener grabada una imagen en nuestra mente. Cuando conectamos con ella, la fuerza de esa imagen y lo que representa empiezan a transformar nuestra forma de ver, pensar, hablar y actuar. Es el camino del despertar. Hay dos arquetipos. Uno es el personaje, nuestra personalidad, que tiene cosas que nos encantan y otras que nos espantan. Pensamos que somos as\u00ed, como nuestro personaje. Pero no somos as\u00ed. Esa es la personalidad, que hay que distinguirla de la persona. La persona es quien eres en realidad.<\/p>\n<h2 style=\"text-align: justify;\">Personajes y personas<\/h2>\n<p style=\"text-align: justify;\">El actor y la actriz de una pel\u00edcula est\u00e1n atrapados en su papel. El problema es que nosotros, aunque no lo sepamos, estamos siguiendo un guion. A veces nos pasan cosas buenas y otras no. El proceso consiste en darse cuenta de que tienes un papel, pero no eres ese papel. Eres el actor, la actriz. En el momento en que te das cuenta de eso, te das cuenta tambi\u00e9n de que puedes reescribir tu guion. Puedes escribir una nueva historia. Es el camino del despertar.<\/p>\n<p style=\"text-align: justify;\">Para poder escribir esa nueva historia necesitamos de dos arquetipos: el guerrero y el mago. El guerrero no es el que estamos acostumbrados a ver. Es la figura de la persona que se mantiene estable en medio de la tempestad, que no cede. No ataca, no hiere, no huye, no se bloquea, sino que se mantiene firme. Para eso hay que tener alma de guerrero, porque la tentaci\u00f3n y la amenaza est\u00e1n muy presentes en este viaje. El guerrero est\u00e1 para dar paso a la figura m\u00e1s importante de todas en este camino de transformaci\u00f3n: el mago.<\/p>\n<h2 style=\"text-align: justify;\">El mago en el camino del despertar<\/h2>\n<p style=\"text-align: justify;\">El mago es un arquetipo extraordinario porque es capaz de hacer lo que para nosotros no es posible hacer humanamente. Pero s\u00ed es posible si nos fijamos en una realidad m\u00e1s amplia. En <em>La bella durmiente<\/em>, Mal\u00e9fica ten\u00eda atrapado al pr\u00edncipe en su castillo. Las tres hadas van a rescatarlo y, con sus varitas, transforman en flores las flechas que les disparan. Esto es la alquimia del universo. Imaginaos el poder extraordinario del mago. El ataque, en vez de provocar un contra ataque, lleva a una respuesta que transforma al atacante. La desesperanza la transforma en ilusi\u00f3n; el miedo, en amor; el odio, en encuentro. Estamos hablando de una fuerza que no parece de este mundo y, de hecho, no lo es.<\/p>\n<p style=\"text-align: justify;\">De forma sencilla, el mapa del camino del despertar consiste en lo siguiente. Uno est\u00e1 en su zona de confort, con sus cosas m\u00e1s o menos agradables. Entonces escucha la llamada, sale del yo y entra en un espacio que es el no yo. Entonces se produce tanta confusi\u00f3n que hace que muchas personas quieran volver atr\u00e1s. Piensa que esa confusi\u00f3n puede generar un gran cataclismo, cuando es precursora de un gran descubrimiento. Cuando superas esa fase, llegas a la zona de aprendizaje y, a partir de ah\u00ed, empiezas a crecer, evolucionar y tu capacidad de transformar, de contribuir, se dispara.<\/p>\n<h2 style=\"text-align: justify;\">Cruzar tres puertas<\/h2>\n<p style=\"text-align: justify;\">El camino del despertar implica cruzar tres puertas, pero no son tres puertas normales, sino portales. Los portales, o umbrales, nos llevan de un mundo que cre\u00edamos que era el \u00fanico existente a otro que no sab\u00edamos que exist\u00eda. El <strong>primer portal nos lleva a construir una relaci\u00f3n completamente diferente con el cuerpo<\/strong>. Tenemos un cerebro en nuestro aparato digestivo. El tubo digestivo puede afectar a nuestro cerebro, alterar nuestra personalidad, afectar a nuestro estado de \u00e1nimo. Puede facilitar que estemos alegres o tristes, o tengamos ansiedad o depresi\u00f3n o un \u00e1nimo elevado.<\/p>\n<p style=\"text-align: justify;\">Esta puerta tiene que ver con dos elementos clave en el cuerpo. Uno es la postura, que afecta directamente a c\u00f3mo te sientes. El otro es el cuidado del segundo cerebro y su conexi\u00f3n con el microbiota. Hemos desconectado tanto del cuerpo que no tenemos ni idea de los mensajes que nos manda. Por eso, cuando cruzas el primer umbral del camino del despertar, empiezas a conectar con el cuerpo, a entender sus mensajes. El cuerpo lleva la cuenta. En \u00e9l est\u00e1n todos los registros afectivos, pero hay que saber interpretarlos.<\/p>\n<h2 style=\"text-align: justify;\">El umbral m\u00e1s desafiante<\/h2>\n<p style=\"text-align: justify;\">El <strong>segundo umbral<\/strong> del camino del despertar es el m\u00e1s desafiante. <strong>Es una puerta que nos lleva a entrar en contacto con nuestras sombras para redimirlas<\/strong>. Una sombra es lo que no quieres reconocer en ti, lo que no quieres asumir que forma parte de tu forma de ser. Por eso, es secuestrada en el inconsciente. Lo que se resiste, persiste; lo que se abraza, se transforma. El camino para redimir una sombra es contraintuitivo. Cuando te encuentras con algo que no te gusta en este viaje no hay que rechazarlo, hay que abrazarlo.<\/p>\n<p style=\"text-align: justify;\">Con lo primero que nos vamos a encontrar al cruzar este umbral es con los demonios o los dragones. \u00bfQu\u00e9 es un demonio o un drag\u00f3n? Es una forma de protecci\u00f3n que utiliza la sombra. Por ejemplo, una persona que ha sufrido desenga\u00f1o amoroso se embarca en una relaci\u00f3n y hace todo para que fracase. Ese es su demonio. En el momento en que empecemos a traspasar el segundo umbral vamos a encontrar esos dragones en forma de miedo, ira, envida, celos, frustraci\u00f3n, desesperanza. La clave es sacar a flote el arquetipo del guerrero, que ni se enfrenta al drag\u00f3n, ni sale corriendo, ni se queda bloqueado. Se mantiene firme. En el momento en que te mantienes firme, desaparece ese drag\u00f3n y aparece la herida. Es ese ni\u00f1o que se siente indigno de ser amado porque de repente alguien le dijo que era un in\u00fatil y se lo crey\u00f3.<\/p>\n<h2 style=\"text-align: justify;\">El momento del mago<\/h2>\n<p style=\"text-align: justify;\">En el momento en que sale el ni\u00f1o, tiene que aparecer el mago, que hace una \u00fanica cosa: abraza. Y en el momento en que abraza, transforma. Esto es redimir las sombras. Las sombras meten mucho ruido, generan mucha tensi\u00f3n y no permiten que los grandes recursos que tenemos afloren.<\/p>\n<p style=\"text-align: justify;\">El <strong>tercer umbral<\/strong> del camino del despertar es aquel en el que <strong>una persona deja de pensar que es una ola y se da cuenta de que es el mar infinito, el oc\u00e9ano<\/strong>. Es el momento en que uno se conecta con el ser, con la conciencia infinita, o con lo que llamamos Dios. Es cuando uno ha reconocido que su linaje es un linaje sagrado. Cuando uno cruza el tercer umbral renace a una nueva forma de ser y estar. Experimenta tal transformaci\u00f3n que, con su sola presencia, es una luz en el mundo. Es la misma persona, pero es otra porque se ha reconocido no como personaje, sino como persona. Entonces, ya no tiene que vivir con miedo porque reconoce que hay otras dimensiones que van m\u00e1s all\u00e1 de nuestros sentidos.<\/p>\n<h6 style=\"text-align: justify;\">\u201cLa Fundaci\u00f3n Rafael del Pino no se hace responsable de los comentarios, opiniones o manifestaciones realizados por las personas que participan en sus actividades y que son expresadas como resultado de su derecho inalienable a la libertad de expresi\u00f3n y bajo su entera responsabilidad. Los contenidos incluidos en el presente resumen, realizado para la Fundaci\u00f3n Rafael del Pino por Emilio J. Gonz\u00e1lez, son resultado de los debates mantenidos en el encuentro realizado al efecto en la Fundaci\u00f3n y son responsabilidad de sus autores.\u201d<\/h6>\n","protected":false},"excerpt":{"rendered":"<p>\u00bfPor qu\u00e9 a veces sufrimos tanto? \u00bfPor qu\u00e9 nos sentimos tan poca cosa si lo tenemos todo? \u00bfPor qu\u00e9 rivalizamos? \u00bfPor qu\u00e9 no entendemos al otro? Hay algo en la mente que no funciona suficientemente bien. Superarlo exige recorrer el camino del despertar. Lo explica Mario Alonso Puig, Fellow en Cirug\u00eda de la Harvard Medical [&hellip;]<\/p>\n","protected":false},"author":7,"featured_media":5189,"comment_status":"closed","ping_status":"closed","sticky":false,"template":"","format":"standard","meta":{"_acf_changed":false,"footnotes":""},"categories":[1],"tags":[368,370,369,367,326],"class_list":{"0":"post-5159","1":"post","2":"type-post","3":"status-publish","4":"format-standard","5":"has-post-thumbnail","7":"category-sin-categoria","8":"tag-camino-del-despertar","9":"tag-desarrollo-personal","10":"tag-miedo","11":"tag-persona","12":"tag-psicologia"},"acf":[],"yoast_head":"<!-- This site is optimized with the Yoast SEO plugin v27.4 - https:\/\/yoast.com\/product\/yoast-seo-wordpress\/ -->\n<title>El camino del despertar - FRP Gaceta<\/title>\n<meta name=\"description\" content=\"El camino del despertar supone la transformaci\u00f3n de un personaje que sigue un gui\u00f3n en una persona que escribe su propia historia - FRP Gaceta\" \/>\n<meta name=\"robots\" content=\"index, follow, max-snippet:-1, max-image-preview:large, max-video-preview:-1\" \/>\n<link rel=\"canonical\" href=\"https:\/\/frdelpino.es\/actualidad\/el-camino-del-despertar\/\" \/>\n<meta property=\"og:locale\" content=\"es_ES\" \/>\n<meta property=\"og:type\" content=\"article\" \/>\n<meta property=\"og:title\" content=\"El camino del despertar - FRP Gaceta\" \/>\n<meta property=\"og:description\" content=\"El camino del despertar supone la transformaci\u00f3n de un personaje que sigue un gui\u00f3n en una persona que escribe su propia historia - FRP Gaceta\" \/>\n<meta property=\"og:url\" content=\"https:\/\/frdelpino.es\/actualidad\/el-camino-del-despertar\/\" \/>\n<meta property=\"og:site_name\" content=\"FRP Gaceta\" \/>\n<meta property=\"article:publisher\" content=\"https:\/\/www.facebook.com\/frdelpino\" \/>\n<meta property=\"article:published_time\" content=\"2024-01-08T15:47:03+00:00\" \/>\n<meta property=\"og:image\" content=\"https:\/\/frdelpino.es\/actualidad\/wp-content\/uploads\/2023\/12\/AdobeStock_205735172_bj.jpg\" \/>\n\t<meta property=\"og:image:width\" content=\"1200\" \/>\n\t<meta property=\"og:image:height\" content=\"661\" \/>\n\t<meta property=\"og:image:type\" content=\"image\/jpeg\" \/>\n<meta name=\"author\" content=\"Emilio Gonz\u00e1lez\" \/>\n<meta name=\"twitter:card\" content=\"summary_large_image\" \/>\n<meta name=\"twitter:creator\" content=\"@frdelpino\" \/>\n<meta name=\"twitter:site\" content=\"@frdelpino\" \/>\n<meta name=\"twitter:label1\" content=\"Escrito por\" \/>\n\t<meta name=\"twitter:data1\" content=\"Emilio Gonz\u00e1lez\" \/>\n\t<meta name=\"twitter:label2\" content=\"Tiempo de lectura\" \/>\n\t<meta name=\"twitter:data2\" content=\"7 minutos\" \/>\n<script type=\"application\/ld+json\" class=\"yoast-schema-graph\">{\"@context\":\"https:\\\/\\\/schema.org\",\"@graph\":[{\"@type\":\"Article\",\"@id\":\"https:\\\/\\\/frdelpino.es\\\/actualidad\\\/el-camino-del-despertar\\\/#article\",\"isPartOf\":{\"@id\":\"https:\\\/\\\/frdelpino.es\\\/actualidad\\\/el-camino-del-despertar\\\/\"},\"author\":{\"name\":\"Emilio Gonz\u00e1lez\",\"@id\":\"https:\\\/\\\/frdelpino.es\\\/actualidad\\\/#\\\/schema\\\/person\\\/ada1d98a172238d0ee8fe3efdbc0a8c1\"},\"headline\":\"El camino del despertar\",\"datePublished\":\"2024-01-08T15:47:03+00:00\",\"mainEntityOfPage\":{\"@id\":\"https:\\\/\\\/frdelpino.es\\\/actualidad\\\/el-camino-del-despertar\\\/\"},\"wordCount\":1443,\"image\":{\"@id\":\"https:\\\/\\\/frdelpino.es\\\/actualidad\\\/el-camino-del-despertar\\\/#primaryimage\"},\"thumbnailUrl\":\"https:\\\/\\\/frdelpino.es\\\/actualidad\\\/wp-content\\\/uploads\\\/2023\\\/12\\\/AdobeStock_205735172_bj.jpg\",\"keywords\":[\"camino del despertar\",\"desarrollo personal\",\"miedo\",\"persona\",\"psicolog\u00eda\"],\"inLanguage\":\"es\"},{\"@type\":\"WebPage\",\"@id\":\"https:\\\/\\\/frdelpino.es\\\/actualidad\\\/el-camino-del-despertar\\\/\",\"url\":\"https:\\\/\\\/frdelpino.es\\\/actualidad\\\/el-camino-del-despertar\\\/\",\"name\":\"El camino del despertar - FRP Gaceta\",\"isPartOf\":{\"@id\":\"https:\\\/\\\/frdelpino.es\\\/actualidad\\\/#website\"},\"primaryImageOfPage\":{\"@id\":\"https:\\\/\\\/frdelpino.es\\\/actualidad\\\/el-camino-del-despertar\\\/#primaryimage\"},\"image\":{\"@id\":\"https:\\\/\\\/frdelpino.es\\\/actualidad\\\/el-camino-del-despertar\\\/#primaryimage\"},\"thumbnailUrl\":\"https:\\\/\\\/frdelpino.es\\\/actualidad\\\/wp-content\\\/uploads\\\/2023\\\/12\\\/AdobeStock_205735172_bj.jpg\",\"datePublished\":\"2024-01-08T15:47:03+00:00\",\"author\":{\"@id\":\"https:\\\/\\\/frdelpino.es\\\/actualidad\\\/#\\\/schema\\\/person\\\/ada1d98a172238d0ee8fe3efdbc0a8c1\"},\"description\":\"El camino del despertar supone la transformaci\u00f3n de un personaje que sigue un gui\u00f3n en una persona que escribe su propia historia - FRP Gaceta\",\"breadcrumb\":{\"@id\":\"https:\\\/\\\/frdelpino.es\\\/actualidad\\\/el-camino-del-despertar\\\/#breadcrumb\"},\"inLanguage\":\"es\",\"potentialAction\":[{\"@type\":\"ReadAction\",\"target\":[\"https:\\\/\\\/frdelpino.es\\\/actualidad\\\/el-camino-del-despertar\\\/\"]}]},{\"@type\":\"ImageObject\",\"inLanguage\":\"es\",\"@id\":\"https:\\\/\\\/frdelpino.es\\\/actualidad\\\/el-camino-del-despertar\\\/#primaryimage\",\"url\":\"https:\\\/\\\/frdelpino.es\\\/actualidad\\\/wp-content\\\/uploads\\\/2023\\\/12\\\/AdobeStock_205735172_bj.jpg\",\"contentUrl\":\"https:\\\/\\\/frdelpino.es\\\/actualidad\\\/wp-content\\\/uploads\\\/2023\\\/12\\\/AdobeStock_205735172_bj.jpg\",\"width\":1200,\"height\":661},{\"@type\":\"BreadcrumbList\",\"@id\":\"https:\\\/\\\/frdelpino.es\\\/actualidad\\\/el-camino-del-despertar\\\/#breadcrumb\",\"itemListElement\":[{\"@type\":\"ListItem\",\"position\":1,\"name\":\"Portada\",\"item\":\"https:\\\/\\\/frdelpino.es\\\/actualidad\\\/\"},{\"@type\":\"ListItem\",\"position\":2,\"name\":\"El camino del despertar\"}]},{\"@type\":\"WebSite\",\"@id\":\"https:\\\/\\\/frdelpino.es\\\/actualidad\\\/#website\",\"url\":\"https:\\\/\\\/frdelpino.es\\\/actualidad\\\/\",\"name\":\"FRP Gaceta\",\"description\":\"Una iniciativa de la Fundaci\u00f3n Rafael del Pino\",\"potentialAction\":[{\"@type\":\"SearchAction\",\"target\":{\"@type\":\"EntryPoint\",\"urlTemplate\":\"https:\\\/\\\/frdelpino.es\\\/actualidad\\\/?s={search_term_string}\"},\"query-input\":{\"@type\":\"PropertyValueSpecification\",\"valueRequired\":true,\"valueName\":\"search_term_string\"}}],\"inLanguage\":\"es\"},{\"@type\":\"Person\",\"@id\":\"https:\\\/\\\/frdelpino.es\\\/actualidad\\\/#\\\/schema\\\/person\\\/ada1d98a172238d0ee8fe3efdbc0a8c1\",\"name\":\"Emilio Gonz\u00e1lez\",\"url\":\"https:\\\/\\\/frdelpino.es\\\/actualidad\\\/author\\\/emilio-gonzalez\\\/\"}]}<\/script>\n<!-- \/ Yoast SEO plugin. -->","yoast_head_json":{"title":"El camino del despertar - FRP Gaceta","description":"El camino del despertar supone la transformaci\u00f3n de un personaje que sigue un gui\u00f3n en una persona que escribe su propia historia - FRP Gaceta","robots":{"index":"index","follow":"follow","max-snippet":"max-snippet:-1","max-image-preview":"max-image-preview:large","max-video-preview":"max-video-preview:-1"},"canonical":"https:\/\/frdelpino.es\/actualidad\/el-camino-del-despertar\/","og_locale":"es_ES","og_type":"article","og_title":"El camino del despertar - FRP Gaceta","og_description":"El camino del despertar supone la transformaci\u00f3n de un personaje que sigue un gui\u00f3n en una persona que escribe su propia historia - FRP Gaceta","og_url":"https:\/\/frdelpino.es\/actualidad\/el-camino-del-despertar\/","og_site_name":"FRP Gaceta","article_publisher":"https:\/\/www.facebook.com\/frdelpino","article_published_time":"2024-01-08T15:47:03+00:00","og_image":[{"width":1200,"height":661,"url":"https:\/\/frdelpino.es\/actualidad\/wp-content\/uploads\/2023\/12\/AdobeStock_205735172_bj.jpg","type":"image\/jpeg"}],"author":"Emilio Gonz\u00e1lez","twitter_card":"summary_large_image","twitter_creator":"@frdelpino","twitter_site":"@frdelpino","twitter_misc":{"Escrito por":"Emilio Gonz\u00e1lez","Tiempo de lectura":"7 minutos"},"schema":{"@context":"https:\/\/schema.org","@graph":[{"@type":"Article","@id":"https:\/\/frdelpino.es\/actualidad\/el-camino-del-despertar\/#article","isPartOf":{"@id":"https:\/\/frdelpino.es\/actualidad\/el-camino-del-despertar\/"},"author":{"name":"Emilio Gonz\u00e1lez","@id":"https:\/\/frdelpino.es\/actualidad\/#\/schema\/person\/ada1d98a172238d0ee8fe3efdbc0a8c1"},"headline":"El camino del despertar","datePublished":"2024-01-08T15:47:03+00:00","mainEntityOfPage":{"@id":"https:\/\/frdelpino.es\/actualidad\/el-camino-del-despertar\/"},"wordCount":1443,"image":{"@id":"https:\/\/frdelpino.es\/actualidad\/el-camino-del-despertar\/#primaryimage"},"thumbnailUrl":"https:\/\/frdelpino.es\/actualidad\/wp-content\/uploads\/2023\/12\/AdobeStock_205735172_bj.jpg","keywords":["camino del despertar","desarrollo personal","miedo","persona","psicolog\u00eda"],"inLanguage":"es"},{"@type":"WebPage","@id":"https:\/\/frdelpino.es\/actualidad\/el-camino-del-despertar\/","url":"https:\/\/frdelpino.es\/actualidad\/el-camino-del-despertar\/","name":"El camino del despertar - FRP Gaceta","isPartOf":{"@id":"https:\/\/frdelpino.es\/actualidad\/#website"},"primaryImageOfPage":{"@id":"https:\/\/frdelpino.es\/actualidad\/el-camino-del-despertar\/#primaryimage"},"image":{"@id":"https:\/\/frdelpino.es\/actualidad\/el-camino-del-despertar\/#primaryimage"},"thumbnailUrl":"https:\/\/frdelpino.es\/actualidad\/wp-content\/uploads\/2023\/12\/AdobeStock_205735172_bj.jpg","datePublished":"2024-01-08T15:47:03+00:00","author":{"@id":"https:\/\/frdelpino.es\/actualidad\/#\/schema\/person\/ada1d98a172238d0ee8fe3efdbc0a8c1"},"description":"El camino del despertar supone la transformaci\u00f3n de un personaje que sigue un gui\u00f3n en una persona que escribe su propia historia - FRP Gaceta","breadcrumb":{"@id":"https:\/\/frdelpino.es\/actualidad\/el-camino-del-despertar\/#breadcrumb"},"inLanguage":"es","potentialAction":[{"@type":"ReadAction","target":["https:\/\/frdelpino.es\/actualidad\/el-camino-del-despertar\/"]}]},{"@type":"ImageObject","inLanguage":"es","@id":"https:\/\/frdelpino.es\/actualidad\/el-camino-del-despertar\/#primaryimage","url":"https:\/\/frdelpino.es\/actualidad\/wp-content\/uploads\/2023\/12\/AdobeStock_205735172_bj.jpg","contentUrl":"https:\/\/frdelpino.es\/actualidad\/wp-content\/uploads\/2023\/12\/AdobeStock_205735172_bj.jpg","width":1200,"height":661},{"@type":"BreadcrumbList","@id":"https:\/\/frdelpino.es\/actualidad\/el-camino-del-despertar\/#breadcrumb","itemListElement":[{"@type":"ListItem","position":1,"name":"Portada","item":"https:\/\/frdelpino.es\/actualidad\/"},{"@type":"ListItem","position":2,"name":"El camino del despertar"}]},{"@type":"WebSite","@id":"https:\/\/frdelpino.es\/actualidad\/#website","url":"https:\/\/frdelpino.es\/actualidad\/","name":"FRP Gaceta","description":"Una iniciativa de la Fundaci\u00f3n Rafael del Pino","potentialAction":[{"@type":"SearchAction","target":{"@type":"EntryPoint","urlTemplate":"https:\/\/frdelpino.es\/actualidad\/?s={search_term_string}"},"query-input":{"@type":"PropertyValueSpecification","valueRequired":true,"valueName":"search_term_string"}}],"inLanguage":"es"},{"@type":"Person","@id":"https:\/\/frdelpino.es\/actualidad\/#\/schema\/person\/ada1d98a172238d0ee8fe3efdbc0a8c1","name":"Emilio Gonz\u00e1lez","url":"https:\/\/frdelpino.es\/actualidad\/author\/emilio-gonzalez\/"}]}},"_links":{"self":[{"href":"https:\/\/frdelpino.es\/actualidad\/wp-json\/wp\/v2\/posts\/5159","targetHints":{"allow":["GET"]}}],"collection":[{"href":"https:\/\/frdelpino.es\/actualidad\/wp-json\/wp\/v2\/posts"}],"about":[{"href":"https:\/\/frdelpino.es\/actualidad\/wp-json\/wp\/v2\/types\/post"}],"author":[{"embeddable":true,"href":"https:\/\/frdelpino.es\/actualidad\/wp-json\/wp\/v2\/users\/7"}],"replies":[{"embeddable":true,"href":"https:\/\/frdelpino.es\/actualidad\/wp-json\/wp\/v2\/comments?post=5159"}],"version-history":[{"count":7,"href":"https:\/\/frdelpino.es\/actualidad\/wp-json\/wp\/v2\/posts\/5159\/revisions"}],"predecessor-version":[{"id":5227,"href":"https:\/\/frdelpino.es\/actualidad\/wp-json\/wp\/v2\/posts\/5159\/revisions\/5227"}],"wp:featuredmedia":[{"embeddable":true,"href":"https:\/\/frdelpino.es\/actualidad\/wp-json\/wp\/v2\/media\/5189"}],"wp:attachment":[{"href":"https:\/\/frdelpino.es\/actualidad\/wp-json\/wp\/v2\/media?parent=5159"}],"wp:term":[{"taxonomy":"category","embeddable":true,"href":"https:\/\/frdelpino.es\/actualidad\/wp-json\/wp\/v2\/categories?post=5159"},{"taxonomy":"post_tag","embeddable":true,"href":"https:\/\/frdelpino.es\/actualidad\/wp-json\/wp\/v2\/tags?post=5159"}],"curies":[{"name":"wp","href":"https:\/\/api.w.org\/{rel}","templated":true}]}}