{"id":5376,"date":"2024-06-07T11:06:10","date_gmt":"2024-06-07T09:06:10","guid":{"rendered":"https:\/\/frdelpino.es\/actualidad\/?p=5376"},"modified":"2024-06-07T11:06:10","modified_gmt":"2024-06-07T09:06:10","slug":"vasquez-dinamicas-economicas-y-demograficas-en-perspectiva","status":"publish","type":"post","link":"https:\/\/frdelpino.es\/actualidad\/vasquez-dinamicas-economicas-y-demograficas-en-perspectiva\/","title":{"rendered":"Din\u00e1micas econ\u00f3micas y demogr\u00e1ficas en perspectiva"},"content":{"rendered":"<p style=\"text-align: justify;\"><strong><span style=\"color: #008080;\">Ian V\u00e1squez<\/span><\/strong>\u00a0 es Vicepresidente de Estudios Internacionales y\u00a0director del Centro para la Libertad y la Prosperidad Global del Cato Institute. Es coautor del\u00a0<em>Human Freedom Index.<\/em>\u00a0V\u00e1squez es\u00a0columnista semanal de\u00a0<em>El Comercio<\/em>\u00a0(Per\u00fa). Ha publicado art\u00edculos en diarios de Estados Unidos y de Am\u00e9rica Latina y ha aparecido en las cadenas televisivas y radiales en todo el continente. Es miembro de la Mont P\u00e8lerin Society y ha sido miembro del Council on Foreign Relations. Ha testificado ante el Congreso de Estados Unidos en numerosas ocasiones. V\u00e1squez recibi\u00f3 su BA en Northwestern University y su Maestr\u00eda en la Escuela de Estudios Internacionales Avanzados de Johns Hopkins University. Es editor de\u00a0<em>Global Fortune: The Stumble and Rise of World Capitalism<\/em>\u00a0y co-editor de\u00a0<em>Perpetuating Poverty: The World Bank, the IMF and the Developing World<\/em>.<\/p>\n","protected":false},"excerpt":{"rendered":"<p>Ian V\u00e1squez\u00a0 es Vicepresidente de Estudios Internacionales y\u00a0director del Centro para la Libertad y la Prosperidad Global del Cato Institute. Es coautor del\u00a0Human Freedom Index.\u00a0V\u00e1squez es\u00a0columnista semanal de\u00a0El Comercio\u00a0(Per\u00fa). Ha publicado art\u00edculos en diarios de Estados Unidos y de Am\u00e9rica Latina y ha aparecido en las cadenas televisivas y radiales en todo el continente. Es [&hellip;]<\/p>\n","protected":false},"author":5,"featured_media":5377,"comment_status":"closed","ping_status":"closed","sticky":false,"template":"","format":"video","meta":{"_acf_changed":false,"footnotes":""},"categories":[6],"tags":[376,23,94,59,377],"class_list":{"0":"post-5376","1":"post","2":"type-post","3":"status-publish","4":"format-video","5":"has-post-thumbnail","7":"category-protagonistas","8":"tag-bienestar","9":"tag-economia","10":"tag-globalizacion","11":"tag-politica","12":"tag-prosperidad","13":"post_format-post-format-video"},"acf":[],"yoast_head":"<!-- This site is optimized with the Yoast SEO plugin v27.4 - https:\/\/yoast.com\/product\/yoast-seo-wordpress\/ -->\n<title>Din\u00e1micas econ\u00f3micas y demogr\u00e1ficas en perspectiva - FRP Gaceta<\/title>\n<meta name=\"robots\" content=\"index, follow, max-snippet:-1, max-image-preview:large, max-video-preview:-1\" \/>\n<link rel=\"canonical\" href=\"https:\/\/frdelpino.es\/actualidad\/vasquez-dinamicas-economicas-y-demograficas-en-perspectiva\/\" \/>\n<meta property=\"og:locale\" content=\"es_ES\" \/>\n<meta property=\"og:type\" content=\"article\" \/>\n<meta property=\"og:title\" content=\"Din\u00e1micas econ\u00f3micas y demogr\u00e1ficas en perspectiva - FRP Gaceta\" \/>\n<meta property=\"og:description\" content=\"Ian V\u00e1squez\u00a0 es Vicepresidente de Estudios Internacionales y\u00a0director del Centro para la Libertad y la Prosperidad Global del Cato Institute. Es coautor del\u00a0Human Freedom Index.\u00a0V\u00e1squez es\u00a0columnista semanal de\u00a0El Comercio\u00a0(Per\u00fa). Ha publicado art\u00edculos en diarios de Estados Unidos y de Am\u00e9rica Latina y ha aparecido en las cadenas televisivas y radiales en todo el continente. Es [&hellip;]\" \/>\n<meta property=\"og:url\" content=\"https:\/\/frdelpino.es\/actualidad\/vasquez-dinamicas-economicas-y-demograficas-en-perspectiva\/\" \/>\n<meta property=\"og:site_name\" content=\"FRP Gaceta\" \/>\n<meta property=\"article:publisher\" content=\"https:\/\/www.facebook.com\/frdelpino\" \/>\n<meta property=\"article:published_time\" content=\"2024-06-07T09:06:10+00:00\" \/>\n<meta property=\"og:image\" content=\"https:\/\/frdelpino.es\/actualidad\/wp-content\/uploads\/2024\/06\/maxresdefault-4.jpg\" \/>\n\t<meta property=\"og:image:width\" content=\"1280\" \/>\n\t<meta property=\"og:image:height\" content=\"720\" \/>\n\t<meta property=\"og:image:type\" content=\"image\/jpeg\" \/>\n<meta name=\"author\" content=\"Carlota Taboada\" \/>\n<meta name=\"twitter:card\" content=\"summary_large_image\" \/>\n<meta name=\"twitter:creator\" content=\"@frdelpino\" \/>\n<meta name=\"twitter:site\" content=\"@frdelpino\" \/>\n<meta name=\"twitter:label1\" content=\"Escrito por\" \/>\n\t<meta name=\"twitter:data1\" content=\"Carlota Taboada\" \/>\n\t<meta name=\"twitter:label2\" content=\"Tiempo de lectura\" \/>\n\t<meta name=\"twitter:data2\" content=\"1 minuto\" \/>\n<script type=\"application\/ld+json\" class=\"yoast-schema-graph\">{\"@context\":\"https:\\\/\\\/schema.org\",\"@graph\":[{\"@type\":\"Article\",\"@id\":\"https:\\\/\\\/frdelpino.es\\\/actualidad\\\/vasquez-dinamicas-economicas-y-demograficas-en-perspectiva\\\/#article\",\"isPartOf\":{\"@id\":\"https:\\\/\\\/frdelpino.es\\\/actualidad\\\/vasquez-dinamicas-economicas-y-demograficas-en-perspectiva\\\/\"},\"author\":{\"name\":\"Carlota Taboada\",\"@id\":\"https:\\\/\\\/frdelpino.es\\\/actualidad\\\/#\\\/schema\\\/person\\\/5b3e77df61158f3160fedebdf5407d86\"},\"headline\":\"Din\u00e1micas econ\u00f3micas y demogr\u00e1ficas en perspectiva\",\"datePublished\":\"2024-06-07T09:06:10+00:00\",\"mainEntityOfPage\":{\"@id\":\"https:\\\/\\\/frdelpino.es\\\/actualidad\\\/vasquez-dinamicas-economicas-y-demograficas-en-perspectiva\\\/\"},\"wordCount\":150,\"image\":{\"@id\":\"https:\\\/\\\/frdelpino.es\\\/actualidad\\\/vasquez-dinamicas-economicas-y-demograficas-en-perspectiva\\\/#primaryimage\"},\"thumbnailUrl\":\"https:\\\/\\\/frdelpino.es\\\/actualidad\\\/wp-content\\\/uploads\\\/2024\\\/06\\\/maxresdefault-4.jpg\",\"keywords\":[\"bienestar\",\"econom\u00eda\",\"Globalizaci\u00f3n\",\"pol\u00edtica\",\"prosperidad\"],\"articleSection\":[\"Protagonistas\"],\"inLanguage\":\"es\"},{\"@type\":\"WebPage\",\"@id\":\"https:\\\/\\\/frdelpino.es\\\/actualidad\\\/vasquez-dinamicas-economicas-y-demograficas-en-perspectiva\\\/\",\"url\":\"https:\\\/\\\/frdelpino.es\\\/actualidad\\\/vasquez-dinamicas-economicas-y-demograficas-en-perspectiva\\\/\",\"name\":\"Din\u00e1micas econ\u00f3micas y demogr\u00e1ficas en perspectiva - FRP Gaceta\",\"isPartOf\":{\"@id\":\"https:\\\/\\\/frdelpino.es\\\/actualidad\\\/#website\"},\"primaryImageOfPage\":{\"@id\":\"https:\\\/\\\/frdelpino.es\\\/actualidad\\\/vasquez-dinamicas-economicas-y-demograficas-en-perspectiva\\\/#primaryimage\"},\"image\":{\"@id\":\"https:\\\/\\\/frdelpino.es\\\/actualidad\\\/vasquez-dinamicas-economicas-y-demograficas-en-perspectiva\\\/#primaryimage\"},\"thumbnailUrl\":\"https:\\\/\\\/frdelpino.es\\\/actualidad\\\/wp-content\\\/uploads\\\/2024\\\/06\\\/maxresdefault-4.jpg\",\"datePublished\":\"2024-06-07T09:06:10+00:00\",\"author\":{\"@id\":\"https:\\\/\\\/frdelpino.es\\\/actualidad\\\/#\\\/schema\\\/person\\\/5b3e77df61158f3160fedebdf5407d86\"},\"breadcrumb\":{\"@id\":\"https:\\\/\\\/frdelpino.es\\\/actualidad\\\/vasquez-dinamicas-economicas-y-demograficas-en-perspectiva\\\/#breadcrumb\"},\"inLanguage\":\"es\",\"potentialAction\":[{\"@type\":\"ReadAction\",\"target\":[\"https:\\\/\\\/frdelpino.es\\\/actualidad\\\/vasquez-dinamicas-economicas-y-demograficas-en-perspectiva\\\/\"]}]},{\"@type\":\"ImageObject\",\"inLanguage\":\"es\",\"@id\":\"https:\\\/\\\/frdelpino.es\\\/actualidad\\\/vasquez-dinamicas-economicas-y-demograficas-en-perspectiva\\\/#primaryimage\",\"url\":\"https:\\\/\\\/frdelpino.es\\\/actualidad\\\/wp-content\\\/uploads\\\/2024\\\/06\\\/maxresdefault-4.jpg\",\"contentUrl\":\"https:\\\/\\\/frdelpino.es\\\/actualidad\\\/wp-content\\\/uploads\\\/2024\\\/06\\\/maxresdefault-4.jpg\",\"width\":1280,\"height\":720},{\"@type\":\"BreadcrumbList\",\"@id\":\"https:\\\/\\\/frdelpino.es\\\/actualidad\\\/vasquez-dinamicas-economicas-y-demograficas-en-perspectiva\\\/#breadcrumb\",\"itemListElement\":[{\"@type\":\"ListItem\",\"position\":1,\"name\":\"Portada\",\"item\":\"https:\\\/\\\/frdelpino.es\\\/actualidad\\\/\"},{\"@type\":\"ListItem\",\"position\":2,\"name\":\"Din\u00e1micas econ\u00f3micas y demogr\u00e1ficas en perspectiva\"}]},{\"@type\":\"WebSite\",\"@id\":\"https:\\\/\\\/frdelpino.es\\\/actualidad\\\/#website\",\"url\":\"https:\\\/\\\/frdelpino.es\\\/actualidad\\\/\",\"name\":\"FRP Gaceta\",\"description\":\"Una iniciativa de la Fundaci\u00f3n Rafael del Pino\",\"potentialAction\":[{\"@type\":\"SearchAction\",\"target\":{\"@type\":\"EntryPoint\",\"urlTemplate\":\"https:\\\/\\\/frdelpino.es\\\/actualidad\\\/?s={search_term_string}\"},\"query-input\":{\"@type\":\"PropertyValueSpecification\",\"valueRequired\":true,\"valueName\":\"search_term_string\"}}],\"inLanguage\":\"es\"},{\"@type\":\"Person\",\"@id\":\"https:\\\/\\\/frdelpino.es\\\/actualidad\\\/#\\\/schema\\\/person\\\/5b3e77df61158f3160fedebdf5407d86\",\"name\":\"Carlota Taboada\",\"url\":\"https:\\\/\\\/frdelpino.es\\\/actualidad\\\/author\\\/ctaboada\\\/\"}]}<\/script>\n<!-- \/ Yoast SEO plugin. -->","yoast_head_json":{"title":"Din\u00e1micas econ\u00f3micas y demogr\u00e1ficas en perspectiva - FRP Gaceta","robots":{"index":"index","follow":"follow","max-snippet":"max-snippet:-1","max-image-preview":"max-image-preview:large","max-video-preview":"max-video-preview:-1"},"canonical":"https:\/\/frdelpino.es\/actualidad\/vasquez-dinamicas-economicas-y-demograficas-en-perspectiva\/","og_locale":"es_ES","og_type":"article","og_title":"Din\u00e1micas econ\u00f3micas y demogr\u00e1ficas en perspectiva - FRP Gaceta","og_description":"Ian V\u00e1squez\u00a0 es Vicepresidente de Estudios Internacionales y\u00a0director del Centro para la Libertad y la Prosperidad Global del Cato Institute. Es coautor del\u00a0Human Freedom Index.\u00a0V\u00e1squez es\u00a0columnista semanal de\u00a0El Comercio\u00a0(Per\u00fa). Ha publicado art\u00edculos en diarios de Estados Unidos y de Am\u00e9rica Latina y ha aparecido en las cadenas televisivas y radiales en todo el continente. Es [&hellip;]","og_url":"https:\/\/frdelpino.es\/actualidad\/vasquez-dinamicas-economicas-y-demograficas-en-perspectiva\/","og_site_name":"FRP Gaceta","article_publisher":"https:\/\/www.facebook.com\/frdelpino","article_published_time":"2024-06-07T09:06:10+00:00","og_image":[{"width":1280,"height":720,"url":"https:\/\/frdelpino.es\/actualidad\/wp-content\/uploads\/2024\/06\/maxresdefault-4.jpg","type":"image\/jpeg"}],"author":"Carlota Taboada","twitter_card":"summary_large_image","twitter_creator":"@frdelpino","twitter_site":"@frdelpino","twitter_misc":{"Escrito por":"Carlota Taboada","Tiempo de lectura":"1 minuto"},"schema":{"@context":"https:\/\/schema.org","@graph":[{"@type":"Article","@id":"https:\/\/frdelpino.es\/actualidad\/vasquez-dinamicas-economicas-y-demograficas-en-perspectiva\/#article","isPartOf":{"@id":"https:\/\/frdelpino.es\/actualidad\/vasquez-dinamicas-economicas-y-demograficas-en-perspectiva\/"},"author":{"name":"Carlota Taboada","@id":"https:\/\/frdelpino.es\/actualidad\/#\/schema\/person\/5b3e77df61158f3160fedebdf5407d86"},"headline":"Din\u00e1micas econ\u00f3micas y demogr\u00e1ficas en perspectiva","datePublished":"2024-06-07T09:06:10+00:00","mainEntityOfPage":{"@id":"https:\/\/frdelpino.es\/actualidad\/vasquez-dinamicas-economicas-y-demograficas-en-perspectiva\/"},"wordCount":150,"image":{"@id":"https:\/\/frdelpino.es\/actualidad\/vasquez-dinamicas-economicas-y-demograficas-en-perspectiva\/#primaryimage"},"thumbnailUrl":"https:\/\/frdelpino.es\/actualidad\/wp-content\/uploads\/2024\/06\/maxresdefault-4.jpg","keywords":["bienestar","econom\u00eda","Globalizaci\u00f3n","pol\u00edtica","prosperidad"],"articleSection":["Protagonistas"],"inLanguage":"es"},{"@type":"WebPage","@id":"https:\/\/frdelpino.es\/actualidad\/vasquez-dinamicas-economicas-y-demograficas-en-perspectiva\/","url":"https:\/\/frdelpino.es\/actualidad\/vasquez-dinamicas-economicas-y-demograficas-en-perspectiva\/","name":"Din\u00e1micas econ\u00f3micas y demogr\u00e1ficas en perspectiva - FRP Gaceta","isPartOf":{"@id":"https:\/\/frdelpino.es\/actualidad\/#website"},"primaryImageOfPage":{"@id":"https:\/\/frdelpino.es\/actualidad\/vasquez-dinamicas-economicas-y-demograficas-en-perspectiva\/#primaryimage"},"image":{"@id":"https:\/\/frdelpino.es\/actualidad\/vasquez-dinamicas-economicas-y-demograficas-en-perspectiva\/#primaryimage"},"thumbnailUrl":"https:\/\/frdelpino.es\/actualidad\/wp-content\/uploads\/2024\/06\/maxresdefault-4.jpg","datePublished":"2024-06-07T09:06:10+00:00","author":{"@id":"https:\/\/frdelpino.es\/actualidad\/#\/schema\/person\/5b3e77df61158f3160fedebdf5407d86"},"breadcrumb":{"@id":"https:\/\/frdelpino.es\/actualidad\/vasquez-dinamicas-economicas-y-demograficas-en-perspectiva\/#breadcrumb"},"inLanguage":"es","potentialAction":[{"@type":"ReadAction","target":["https:\/\/frdelpino.es\/actualidad\/vasquez-dinamicas-economicas-y-demograficas-en-perspectiva\/"]}]},{"@type":"ImageObject","inLanguage":"es","@id":"https:\/\/frdelpino.es\/actualidad\/vasquez-dinamicas-economicas-y-demograficas-en-perspectiva\/#primaryimage","url":"https:\/\/frdelpino.es\/actualidad\/wp-content\/uploads\/2024\/06\/maxresdefault-4.jpg","contentUrl":"https:\/\/frdelpino.es\/actualidad\/wp-content\/uploads\/2024\/06\/maxresdefault-4.jpg","width":1280,"height":720},{"@type":"BreadcrumbList","@id":"https:\/\/frdelpino.es\/actualidad\/vasquez-dinamicas-economicas-y-demograficas-en-perspectiva\/#breadcrumb","itemListElement":[{"@type":"ListItem","position":1,"name":"Portada","item":"https:\/\/frdelpino.es\/actualidad\/"},{"@type":"ListItem","position":2,"name":"Din\u00e1micas econ\u00f3micas y demogr\u00e1ficas en perspectiva"}]},{"@type":"WebSite","@id":"https:\/\/frdelpino.es\/actualidad\/#website","url":"https:\/\/frdelpino.es\/actualidad\/","name":"FRP Gaceta","description":"Una iniciativa de la Fundaci\u00f3n Rafael del Pino","potentialAction":[{"@type":"SearchAction","target":{"@type":"EntryPoint","urlTemplate":"https:\/\/frdelpino.es\/actualidad\/?s={search_term_string}"},"query-input":{"@type":"PropertyValueSpecification","valueRequired":true,"valueName":"search_term_string"}}],"inLanguage":"es"},{"@type":"Person","@id":"https:\/\/frdelpino.es\/actualidad\/#\/schema\/person\/5b3e77df61158f3160fedebdf5407d86","name":"Carlota Taboada","url":"https:\/\/frdelpino.es\/actualidad\/author\/ctaboada\/"}]}},"_links":{"self":[{"href":"https:\/\/frdelpino.es\/actualidad\/wp-json\/wp\/v2\/posts\/5376","targetHints":{"allow":["GET"]}}],"collection":[{"href":"https:\/\/frdelpino.es\/actualidad\/wp-json\/wp\/v2\/posts"}],"about":[{"href":"https:\/\/frdelpino.es\/actualidad\/wp-json\/wp\/v2\/types\/post"}],"author":[{"embeddable":true,"href":"https:\/\/frdelpino.es\/actualidad\/wp-json\/wp\/v2\/users\/5"}],"replies":[{"embeddable":true,"href":"https:\/\/frdelpino.es\/actualidad\/wp-json\/wp\/v2\/comments?post=5376"}],"version-history":[{"count":1,"href":"https:\/\/frdelpino.es\/actualidad\/wp-json\/wp\/v2\/posts\/5376\/revisions"}],"predecessor-version":[{"id":5378,"href":"https:\/\/frdelpino.es\/actualidad\/wp-json\/wp\/v2\/posts\/5376\/revisions\/5378"}],"wp:featuredmedia":[{"embeddable":true,"href":"https:\/\/frdelpino.es\/actualidad\/wp-json\/wp\/v2\/media\/5377"}],"wp:attachment":[{"href":"https:\/\/frdelpino.es\/actualidad\/wp-json\/wp\/v2\/media?parent=5376"}],"wp:term":[{"taxonomy":"category","embeddable":true,"href":"https:\/\/frdelpino.es\/actualidad\/wp-json\/wp\/v2\/categories?post=5376"},{"taxonomy":"post_tag","embeddable":true,"href":"https:\/\/frdelpino.es\/actualidad\/wp-json\/wp\/v2\/tags?post=5376"}],"curies":[{"name":"wp","href":"https:\/\/api.w.org\/{rel}","templated":true}]}}