{"id":5409,"date":"2024-09-30T10:12:46","date_gmt":"2024-09-30T08:12:46","guid":{"rendered":"https:\/\/frdelpino.es\/actualidad\/?p=5409"},"modified":"2024-09-30T10:12:46","modified_gmt":"2024-09-30T08:12:46","slug":"crecimiento-de-la-poblacion-y-desarrollo-economico","status":"publish","type":"post","link":"https:\/\/frdelpino.es\/actualidad\/crecimiento-de-la-poblacion-y-desarrollo-economico\/","title":{"rendered":"Crecimiento de la poblaci\u00f3n y desarrollo econ\u00f3mico"},"content":{"rendered":"<p style=\"text-align: justify;\">\u00bfEs el crecimiento de la poblaci\u00f3n uno de los motores del desarrollo econ\u00f3mico? Tradicionalmente se ha pensado que el aumento de la demograf\u00eda es contrario al desarrollo ya que presiona sobre los recursos disponibles. Son las ideas de Thomas Malthus, seg\u00fan las cuales, el aumento de la poblaci\u00f3n impide el desarrollo. La realidad, sin embargo, es bien distinta. M\u00e1s personas implican m\u00e1s creatividad, m\u00e1s innovaci\u00f3n, m\u00e1s recursos. Lo explican <strong><span style=\"color: #008080;\">Marian L. Tupy<\/span><\/strong>, editor de HumanProgress.org y analista de pol\u00edticas p\u00fablicas del Centro para la Libertad y la Prosperidad Global; <strong><span style=\"color: #008080;\">Deirdre McCloskey<\/span><\/strong>, catedr\u00e1tica Isaiah Berlin de Pensamiento Liberal en el Instituto Cato y Profesora Distinguida Em\u00e9rita de Econom\u00eda y de Historia en la Universidad de Illinois en Chicago, e <strong><span style=\"color: #008080;\">Ian V\u00e1squez<\/span><\/strong>, vicepresidente de Estudios Internacionales y director del Centro para la Libertad y la Prosperidad Global del Cato Institute.<\/p>\n<h2 style=\"text-align: justify;\">Crecimiento de la poblaci\u00f3n y juego de suma cero<\/h2>\n<p style=\"text-align: justify;\">Marian L. Tupy, de entrada, desmonta la trampa de pensar que el crecimiento de la poblaci\u00f3n es un juego de suma cero. Es decir, que, con m\u00e1s poblaci\u00f3n, unos ganan a costa de otros. Pero no es as\u00ed. Cuando viv\u00edamos en grupos de unas ciento cincuenta personas los cazadores cazaban, tra\u00edan la presa y la tribu ten\u00eda que dividirla de forma justa. Si al jefe le daban dos filetes de mastodonte, alguien se quedaba sin almuerzo.<\/p>\n<p style=\"text-align: justify;\">Sin embargo, hemos evolucionado y ahora las cosas son distintas. Si vienen m\u00e1s a cenar, esos filetes van a ser cada vez m\u00e1s peque\u00f1itos. Pero los seres humanos no pensamos as\u00ed. Si alguien va a cenar a casa de otra persona, lleva una ensaladilla, un ib\u00e9rico, o una botellita de vino. O sea, nuestro filete es un filete que va creciendo. Lo interesante de los seres humanos es que llegan al mundo con un cerebro que puede trabajar para que se le ocurran ideas y con unas manos para poder ponerlas en pr\u00e1ctica.<\/p>\n<blockquote class=\"td_quote_box td_box_center\"><p>Lo interesante de los seres humanos es que llegan al mundo con un cerebro que puede trabajar para que se le ocurran ideas y con unas manos para poder ponerlas en pr\u00e1ctica.<\/p><\/blockquote>\n<h2 style=\"text-align: justify;\">Poblaci\u00f3n y generaci\u00f3n de ideas<\/h2>\n<p><img loading=\"lazy\" decoding=\"async\" class=\"alignleft wp-image-5429 size-medium\" src=\"https:\/\/frdelpino.es\/actualidad\/wp-content\/uploads\/2024\/09\/AdobeStock_751432739_bj-300x168.jpg\" alt=\"\" width=\"300\" height=\"168\" srcset=\"https:\/\/frdelpino.es\/actualidad\/wp-content\/uploads\/2024\/09\/AdobeStock_751432739_bj-300x168.jpg 300w, https:\/\/frdelpino.es\/actualidad\/wp-content\/uploads\/2024\/09\/AdobeStock_751432739_bj-1024x574.jpg 1024w, https:\/\/frdelpino.es\/actualidad\/wp-content\/uploads\/2024\/09\/AdobeStock_751432739_bj-768x430.jpg 768w, https:\/\/frdelpino.es\/actualidad\/wp-content\/uploads\/2024\/09\/AdobeStock_751432739_bj-1536x861.jpg 1536w, https:\/\/frdelpino.es\/actualidad\/wp-content\/uploads\/2024\/09\/AdobeStock_751432739_bj-749x420.jpg 749w, https:\/\/frdelpino.es\/actualidad\/wp-content\/uploads\/2024\/09\/AdobeStock_751432739_bj-696x390.jpg 696w, https:\/\/frdelpino.es\/actualidad\/wp-content\/uploads\/2024\/09\/AdobeStock_751432739_bj-1068x599.jpg 1068w, https:\/\/frdelpino.es\/actualidad\/wp-content\/uploads\/2024\/09\/AdobeStock_751432739_bj-640x360.jpg 640w, https:\/\/frdelpino.es\/actualidad\/wp-content\/uploads\/2024\/09\/AdobeStock_751432739_bj.jpg 1920w\" sizes=\"auto, (max-width: 300px) 100vw, 300px\" \/><\/p>\n<p style=\"text-align: justify;\">Deirdre McCloskey aporta una segunda explicaci\u00f3n complementaria con la anterior. Adam Smith, destaca McCloskey, dijo que la divisi\u00f3n de trabajo se ve limitada por los l\u00edmites del mercado. As\u00ed que una sociedad con m\u00e1s poblaci\u00f3n tiene m\u00e1s personas con quienes intercambiar bienes. El resultado es que el crecimiento de la poblaci\u00f3n en el mundo moderno es bueno para nosotros, no es malo. Que haya m\u00e1s poblaci\u00f3n es enriquecedor, se generan m\u00e1s ideas. Distintas personas tienen distintas ideas, porque todos nosotros somos muy distintos. Cada uno de nosotros somos \u00fanicos: los padres, el pasado, los conocimientos, los gustos. Si conversamos los unos con los otros, si comerciamos, aprendemos de los dem\u00e1s. El idioma es la clave. Sin idioma, sin hablar, es muy dif\u00edcil gestionar una sociedad.<\/p>\n<p style=\"text-align: justify;\">Por eso, Ian V\u00e1squez destaca que la abundancia a la que se refer\u00eda Juan de Mariana era una abundancia al estilo de Adam Smith. Se trataba de una ampliaci\u00f3n del mercado, con m\u00e1s divisi\u00f3n del trabajo. Pero el incremento en abundancia y prosperidad que hemos visto desde Adam Smith se debe a algo m\u00e1s<em>. <\/em>Obedece a la relaci\u00f3n que existe entre la libertad y los indicadores del bienestar humano.<\/p>\n<h2 style=\"text-align: justify;\">Libertad y prosperidad<\/h2>\n<blockquote class=\"td_quote_box td_box_center\"><p>A mayor libertad, mayor prosperidad para los pa\u00edses, mayor bienestar.<\/p><\/blockquote>\n<p style=\"text-align: justify;\">La evidencia desde luego es patente: a mayor libertad, mayor prosperidad para los pa\u00edses, mayor bienestar. As\u00ed que, lo que verdaderamente importa es ese trasfondo de pol\u00edticas, instituciones, incluso valores culturales, que apoyan a las instituciones de la libertad. Cuando aumenta la libertad es cuando apreciamos esta explosi\u00f3n de riqueza. Es lo que McCloskey llama el gran enriquecimiento. Algo que solamente se ha dado en los \u00faltimos cien a\u00f1os y que fue precedido por miles de a\u00f1os de estancamiento.<\/p>\n<p style=\"text-align: justify;\">El cambio, recuerda McCloskey, llega en 1700, cuando aparecen las ideas liberales. Anta\u00f1o, en las sociedades agrarias, la teor\u00eda era que los reyes siempre ganan, las mujeres siempre pierden. El liberalismo dice no, le da la vuelta a esa tortilla y ah\u00ed surge una libertad que es el elemento que da lugar a esta explosi\u00f3n. La libertad y la igualdad no entran en contradicci\u00f3n. Todos descendemos de alg\u00fan campesino muy pobre, pero aqu\u00ed estamos. Si nos dignificamos, no nos envidiaremos los unos a los otros. Vamos a disfrutar de la diversidad ajena, de las diferencias.<\/p>\n<h2 style=\"text-align: justify;\">El mercado y la selecci\u00f3n de ideas<\/h2>\n<p style=\"text-align: justify;\">\u00bfBasta con todo lo anterior? No. Seg\u00fan Tupy, se producir\u00e1n m\u00e1s ideas cuantas m\u00e1s personas haya. Pero la mayor parte de las ideas que tiene la poblaci\u00f3n son mal\u00edsimas. Por eso se necesita el mercado, para que separe las buenas ideas de las malas. Superabundancia es igual a poblaci\u00f3n por libertad. Empezamos con seres humanos con sus ideas. El mercado diferencia las buenas de las malas, las que van a dar lugar a invenciones e innovaciones. Unas son buenas, otras son malas. Pero cuando el mercado las ha puesto a prueba, lo que permanece son innovaciones \u00fatiles que van a mejorar la productividad y nuestro nivel de vida.<\/p>\n<blockquote class=\"td_quote_box td_box_right\"><p>Es responsable de incrementos en el bienestar impresionantes\u00a0como nunca antes se hab\u00edan visto.<\/p><\/blockquote>\n<p style=\"text-align: justify;\">La clave aqu\u00ed es el concepto de libertad que surgi\u00f3 hace doscientos a\u00f1os. Es lo que realmente ha conformado el mundo moderno. Lo que ha dado lugar a la explosi\u00f3n de riqueza, primero en parte de Europa y luego en el mundo. Es responsable de incrementos en el bienestar impresionantes\u00a0como nunca antes se hab\u00edan visto.<\/p>\n<h2 style=\"text-align: justify;\">Poblaci\u00f3n y abundancia<\/h2>\n<p style=\"text-align: justify;\">Por eso, afirma V\u00e1squez, el planteamiento pesimista de que todo va peor es contrario a la evidencia. A\u00fan m\u00e1s, y esto es lo m\u00e1s novedoso, no se nos est\u00e1n agotando los recursos. El crecimiento de la poblaci\u00f3n no es un problema que vaya a desembocar en mayor escasez de recursos. Los recursos son cada vez m\u00e1s abundantes, no menos. Y todo esto ha sucedido cuando ha habido una explosi\u00f3n demogr\u00e1fica, pese a que llevamos d\u00e9cadas oyendo lo contrario. Las instituciones, las pol\u00edticas de libertad, son esenciales para este proceso.<\/p>\n<blockquote class=\"td_quote_box td_box_center\"><p>\u00bfQu\u00e9 son las ideas? Son la creaci\u00f3n de nuevos conocimientos.<\/p><\/blockquote>\n<p style=\"text-align: justify;\">\u00bfQu\u00e9 son las ideas? Son la creaci\u00f3n de nuevos conocimientos. El conocimiento, recuerda Tupy, tiene una propiedad muy especial: cuanto m\u00e1s conocimiento consumas, m\u00e1s vas a tener. La llave para la creaci\u00f3n del conocimiento es doble. En primer lugar, es imprescindible un mercado que funcione. El mercado es la \u00fanica manera de diferenciar entre las buenas y las malas ideas. Pero la creaci\u00f3n de conocimiento tambi\u00e9n requiere una sociedad libre. Necesita libertad de expresi\u00f3n, libertad de publicar, libertad de asociaci\u00f3n y libertad de escuchar otras opiniones. Si no puedes escuchar lo que otros dicen porque se ha cancelado, entonces no eres realmente libre de pensar porque no has podido escuchar otras ideas e incorporarlas a tu pensamiento personal.<\/p>\n<p style=\"text-align: right;\"><a href=\"https:\/\/frdelpino.es\/canalfrp\/video-frdelpino\/dinamicas-economicas-y-demograficas-en-perspectiva\/\"><span style=\"color: #008080;\">Acceda a la conf<\/span><span style=\"color: #008080;\">e<\/span><span style=\"color: #008080;\">rencia<\/span> <span style=\"color: #008080;\">completa<\/span><\/a><\/p>\n<h6 style=\"text-align: justify;\">\u201cLa Fundaci\u00f3n Rafael del Pino no se hace responsable de los comentarios, opiniones o manifestaciones realizados por las personas que participan en sus actividades y que son expresadas como resultado de su derecho inalienable a la libertad de expresi\u00f3n y bajo su entera responsabilidad. Los contenidos incluidos en el presente resumen, realizado para la Fundaci\u00f3n Rafael del Pino por Emilio J. Gonz\u00e1lez, son resultado de los debates mantenidos en el encuentro realizado al efecto en la Fundaci\u00f3n y son responsabilidad de sus autores.\u201d<\/h6>\n","protected":false},"excerpt":{"rendered":"<p>\u00bfEs el crecimiento de la poblaci\u00f3n uno de los motores del desarrollo econ\u00f3mico? Tradicionalmente se ha pensado que el aumento de la demograf\u00eda es contrario al desarrollo ya que presiona sobre los recursos disponibles. Son las ideas de Thomas Malthus, seg\u00fan las cuales, el aumento de la poblaci\u00f3n impide el desarrollo. La realidad, sin embargo, [&hellip;]<\/p>\n","protected":false},"author":7,"featured_media":5428,"comment_status":"closed","ping_status":"closed","sticky":false,"template":"","format":"standard","meta":{"_acf_changed":false,"footnotes":""},"categories":[4],"tags":[82,23,39,56,114],"class_list":{"0":"post-5409","1":"post","2":"type-post","3":"status-publish","4":"format-standard","5":"has-post-thumbnail","7":"category-economia_y_empresa","8":"tag-crecimiento","9":"tag-economia","10":"tag-innovacion","11":"tag-mercado","12":"tag-poblacion"},"acf":[],"yoast_head":"<!-- This site is optimized with the Yoast SEO plugin v27.4 - https:\/\/yoast.com\/product\/yoast-seo-wordpress\/ -->\n<title>Crecimiento de la poblaci\u00f3n y desarrollo econ\u00f3mico - FRP Gaceta<\/title>\n<meta name=\"description\" content=\"El crecimiento de la poblaci\u00f3n genera abundancia porque surgen m\u00e1s ideas si hay un marco de libertad - FRP Gaceta\" \/>\n<meta name=\"robots\" content=\"index, follow, max-snippet:-1, max-image-preview:large, max-video-preview:-1\" \/>\n<link rel=\"canonical\" href=\"https:\/\/frdelpino.es\/actualidad\/crecimiento-de-la-poblacion-y-desarrollo-economico\/\" \/>\n<meta property=\"og:locale\" content=\"es_ES\" \/>\n<meta property=\"og:type\" content=\"article\" \/>\n<meta property=\"og:title\" content=\"Crecimiento de la poblaci\u00f3n y desarrollo econ\u00f3mico - FRP Gaceta\" \/>\n<meta property=\"og:description\" content=\"El crecimiento de la poblaci\u00f3n genera abundancia porque surgen m\u00e1s ideas si hay un marco de libertad - FRP Gaceta\" \/>\n<meta property=\"og:url\" content=\"https:\/\/frdelpino.es\/actualidad\/crecimiento-de-la-poblacion-y-desarrollo-economico\/\" \/>\n<meta property=\"og:site_name\" content=\"FRP Gaceta\" \/>\n<meta property=\"article:publisher\" content=\"https:\/\/www.facebook.com\/frdelpino\" \/>\n<meta property=\"article:published_time\" content=\"2024-09-30T08:12:46+00:00\" \/>\n<meta property=\"og:image\" content=\"https:\/\/frdelpino.es\/actualidad\/wp-content\/uploads\/2024\/09\/AdobeStock_199458174_bj.jpg\" \/>\n\t<meta property=\"og:image:width\" content=\"1920\" \/>\n\t<meta property=\"og:image:height\" content=\"1075\" \/>\n\t<meta property=\"og:image:type\" content=\"image\/jpeg\" \/>\n<meta name=\"author\" content=\"Emilio Gonz\u00e1lez\" \/>\n<meta name=\"twitter:card\" content=\"summary_large_image\" \/>\n<meta name=\"twitter:creator\" content=\"@frdelpino\" \/>\n<meta name=\"twitter:site\" content=\"@frdelpino\" \/>\n<meta name=\"twitter:label1\" content=\"Escrito por\" \/>\n\t<meta name=\"twitter:data1\" content=\"Emilio Gonz\u00e1lez\" \/>\n\t<meta name=\"twitter:label2\" content=\"Tiempo de lectura\" \/>\n\t<meta name=\"twitter:data2\" content=\"6 minutos\" \/>\n<script type=\"application\/ld+json\" class=\"yoast-schema-graph\">{\"@context\":\"https:\\\/\\\/schema.org\",\"@graph\":[{\"@type\":\"Article\",\"@id\":\"https:\\\/\\\/frdelpino.es\\\/actualidad\\\/crecimiento-de-la-poblacion-y-desarrollo-economico\\\/#article\",\"isPartOf\":{\"@id\":\"https:\\\/\\\/frdelpino.es\\\/actualidad\\\/crecimiento-de-la-poblacion-y-desarrollo-economico\\\/\"},\"author\":{\"name\":\"Emilio Gonz\u00e1lez\",\"@id\":\"https:\\\/\\\/frdelpino.es\\\/actualidad\\\/#\\\/schema\\\/person\\\/ada1d98a172238d0ee8fe3efdbc0a8c1\"},\"headline\":\"Crecimiento de la poblaci\u00f3n y desarrollo econ\u00f3mico\",\"datePublished\":\"2024-09-30T08:12:46+00:00\",\"mainEntityOfPage\":{\"@id\":\"https:\\\/\\\/frdelpino.es\\\/actualidad\\\/crecimiento-de-la-poblacion-y-desarrollo-economico\\\/\"},\"wordCount\":1337,\"image\":{\"@id\":\"https:\\\/\\\/frdelpino.es\\\/actualidad\\\/crecimiento-de-la-poblacion-y-desarrollo-economico\\\/#primaryimage\"},\"thumbnailUrl\":\"https:\\\/\\\/frdelpino.es\\\/actualidad\\\/wp-content\\\/uploads\\\/2024\\\/09\\\/AdobeStock_199458174_bj.jpg\",\"keywords\":[\"crecimiento\",\"econom\u00eda\",\"innovaci\u00f3n\",\"mercado\",\"poblaci\u00f3n\"],\"articleSection\":[\"Econom\u00eda y empresa\"],\"inLanguage\":\"es\"},{\"@type\":\"WebPage\",\"@id\":\"https:\\\/\\\/frdelpino.es\\\/actualidad\\\/crecimiento-de-la-poblacion-y-desarrollo-economico\\\/\",\"url\":\"https:\\\/\\\/frdelpino.es\\\/actualidad\\\/crecimiento-de-la-poblacion-y-desarrollo-economico\\\/\",\"name\":\"Crecimiento de la poblaci\u00f3n y desarrollo econ\u00f3mico - FRP Gaceta\",\"isPartOf\":{\"@id\":\"https:\\\/\\\/frdelpino.es\\\/actualidad\\\/#website\"},\"primaryImageOfPage\":{\"@id\":\"https:\\\/\\\/frdelpino.es\\\/actualidad\\\/crecimiento-de-la-poblacion-y-desarrollo-economico\\\/#primaryimage\"},\"image\":{\"@id\":\"https:\\\/\\\/frdelpino.es\\\/actualidad\\\/crecimiento-de-la-poblacion-y-desarrollo-economico\\\/#primaryimage\"},\"thumbnailUrl\":\"https:\\\/\\\/frdelpino.es\\\/actualidad\\\/wp-content\\\/uploads\\\/2024\\\/09\\\/AdobeStock_199458174_bj.jpg\",\"datePublished\":\"2024-09-30T08:12:46+00:00\",\"author\":{\"@id\":\"https:\\\/\\\/frdelpino.es\\\/actualidad\\\/#\\\/schema\\\/person\\\/ada1d98a172238d0ee8fe3efdbc0a8c1\"},\"description\":\"El crecimiento de la poblaci\u00f3n genera abundancia porque surgen m\u00e1s ideas si hay un marco de libertad - FRP Gaceta\",\"breadcrumb\":{\"@id\":\"https:\\\/\\\/frdelpino.es\\\/actualidad\\\/crecimiento-de-la-poblacion-y-desarrollo-economico\\\/#breadcrumb\"},\"inLanguage\":\"es\",\"potentialAction\":[{\"@type\":\"ReadAction\",\"target\":[\"https:\\\/\\\/frdelpino.es\\\/actualidad\\\/crecimiento-de-la-poblacion-y-desarrollo-economico\\\/\"]}]},{\"@type\":\"ImageObject\",\"inLanguage\":\"es\",\"@id\":\"https:\\\/\\\/frdelpino.es\\\/actualidad\\\/crecimiento-de-la-poblacion-y-desarrollo-economico\\\/#primaryimage\",\"url\":\"https:\\\/\\\/frdelpino.es\\\/actualidad\\\/wp-content\\\/uploads\\\/2024\\\/09\\\/AdobeStock_199458174_bj.jpg\",\"contentUrl\":\"https:\\\/\\\/frdelpino.es\\\/actualidad\\\/wp-content\\\/uploads\\\/2024\\\/09\\\/AdobeStock_199458174_bj.jpg\",\"width\":1920,\"height\":1075},{\"@type\":\"BreadcrumbList\",\"@id\":\"https:\\\/\\\/frdelpino.es\\\/actualidad\\\/crecimiento-de-la-poblacion-y-desarrollo-economico\\\/#breadcrumb\",\"itemListElement\":[{\"@type\":\"ListItem\",\"position\":1,\"name\":\"Portada\",\"item\":\"https:\\\/\\\/frdelpino.es\\\/actualidad\\\/\"},{\"@type\":\"ListItem\",\"position\":2,\"name\":\"Crecimiento de la poblaci\u00f3n y desarrollo econ\u00f3mico\"}]},{\"@type\":\"WebSite\",\"@id\":\"https:\\\/\\\/frdelpino.es\\\/actualidad\\\/#website\",\"url\":\"https:\\\/\\\/frdelpino.es\\\/actualidad\\\/\",\"name\":\"FRP Gaceta\",\"description\":\"Una iniciativa de la Fundaci\u00f3n Rafael del Pino\",\"potentialAction\":[{\"@type\":\"SearchAction\",\"target\":{\"@type\":\"EntryPoint\",\"urlTemplate\":\"https:\\\/\\\/frdelpino.es\\\/actualidad\\\/?s={search_term_string}\"},\"query-input\":{\"@type\":\"PropertyValueSpecification\",\"valueRequired\":true,\"valueName\":\"search_term_string\"}}],\"inLanguage\":\"es\"},{\"@type\":\"Person\",\"@id\":\"https:\\\/\\\/frdelpino.es\\\/actualidad\\\/#\\\/schema\\\/person\\\/ada1d98a172238d0ee8fe3efdbc0a8c1\",\"name\":\"Emilio Gonz\u00e1lez\",\"url\":\"https:\\\/\\\/frdelpino.es\\\/actualidad\\\/author\\\/emilio-gonzalez\\\/\"}]}<\/script>\n<!-- \/ Yoast SEO plugin. -->","yoast_head_json":{"title":"Crecimiento de la poblaci\u00f3n y desarrollo econ\u00f3mico - FRP Gaceta","description":"El crecimiento de la poblaci\u00f3n genera abundancia porque surgen m\u00e1s ideas si hay un marco de libertad - FRP Gaceta","robots":{"index":"index","follow":"follow","max-snippet":"max-snippet:-1","max-image-preview":"max-image-preview:large","max-video-preview":"max-video-preview:-1"},"canonical":"https:\/\/frdelpino.es\/actualidad\/crecimiento-de-la-poblacion-y-desarrollo-economico\/","og_locale":"es_ES","og_type":"article","og_title":"Crecimiento de la poblaci\u00f3n y desarrollo econ\u00f3mico - FRP Gaceta","og_description":"El crecimiento de la poblaci\u00f3n genera abundancia porque surgen m\u00e1s ideas si hay un marco de libertad - FRP Gaceta","og_url":"https:\/\/frdelpino.es\/actualidad\/crecimiento-de-la-poblacion-y-desarrollo-economico\/","og_site_name":"FRP Gaceta","article_publisher":"https:\/\/www.facebook.com\/frdelpino","article_published_time":"2024-09-30T08:12:46+00:00","og_image":[{"width":1920,"height":1075,"url":"https:\/\/frdelpino.es\/actualidad\/wp-content\/uploads\/2024\/09\/AdobeStock_199458174_bj.jpg","type":"image\/jpeg"}],"author":"Emilio Gonz\u00e1lez","twitter_card":"summary_large_image","twitter_creator":"@frdelpino","twitter_site":"@frdelpino","twitter_misc":{"Escrito por":"Emilio Gonz\u00e1lez","Tiempo de lectura":"6 minutos"},"schema":{"@context":"https:\/\/schema.org","@graph":[{"@type":"Article","@id":"https:\/\/frdelpino.es\/actualidad\/crecimiento-de-la-poblacion-y-desarrollo-economico\/#article","isPartOf":{"@id":"https:\/\/frdelpino.es\/actualidad\/crecimiento-de-la-poblacion-y-desarrollo-economico\/"},"author":{"name":"Emilio Gonz\u00e1lez","@id":"https:\/\/frdelpino.es\/actualidad\/#\/schema\/person\/ada1d98a172238d0ee8fe3efdbc0a8c1"},"headline":"Crecimiento de la poblaci\u00f3n y desarrollo econ\u00f3mico","datePublished":"2024-09-30T08:12:46+00:00","mainEntityOfPage":{"@id":"https:\/\/frdelpino.es\/actualidad\/crecimiento-de-la-poblacion-y-desarrollo-economico\/"},"wordCount":1337,"image":{"@id":"https:\/\/frdelpino.es\/actualidad\/crecimiento-de-la-poblacion-y-desarrollo-economico\/#primaryimage"},"thumbnailUrl":"https:\/\/frdelpino.es\/actualidad\/wp-content\/uploads\/2024\/09\/AdobeStock_199458174_bj.jpg","keywords":["crecimiento","econom\u00eda","innovaci\u00f3n","mercado","poblaci\u00f3n"],"articleSection":["Econom\u00eda y empresa"],"inLanguage":"es"},{"@type":"WebPage","@id":"https:\/\/frdelpino.es\/actualidad\/crecimiento-de-la-poblacion-y-desarrollo-economico\/","url":"https:\/\/frdelpino.es\/actualidad\/crecimiento-de-la-poblacion-y-desarrollo-economico\/","name":"Crecimiento de la poblaci\u00f3n y desarrollo econ\u00f3mico - FRP Gaceta","isPartOf":{"@id":"https:\/\/frdelpino.es\/actualidad\/#website"},"primaryImageOfPage":{"@id":"https:\/\/frdelpino.es\/actualidad\/crecimiento-de-la-poblacion-y-desarrollo-economico\/#primaryimage"},"image":{"@id":"https:\/\/frdelpino.es\/actualidad\/crecimiento-de-la-poblacion-y-desarrollo-economico\/#primaryimage"},"thumbnailUrl":"https:\/\/frdelpino.es\/actualidad\/wp-content\/uploads\/2024\/09\/AdobeStock_199458174_bj.jpg","datePublished":"2024-09-30T08:12:46+00:00","author":{"@id":"https:\/\/frdelpino.es\/actualidad\/#\/schema\/person\/ada1d98a172238d0ee8fe3efdbc0a8c1"},"description":"El crecimiento de la poblaci\u00f3n genera abundancia porque surgen m\u00e1s ideas si hay un marco de libertad - FRP Gaceta","breadcrumb":{"@id":"https:\/\/frdelpino.es\/actualidad\/crecimiento-de-la-poblacion-y-desarrollo-economico\/#breadcrumb"},"inLanguage":"es","potentialAction":[{"@type":"ReadAction","target":["https:\/\/frdelpino.es\/actualidad\/crecimiento-de-la-poblacion-y-desarrollo-economico\/"]}]},{"@type":"ImageObject","inLanguage":"es","@id":"https:\/\/frdelpino.es\/actualidad\/crecimiento-de-la-poblacion-y-desarrollo-economico\/#primaryimage","url":"https:\/\/frdelpino.es\/actualidad\/wp-content\/uploads\/2024\/09\/AdobeStock_199458174_bj.jpg","contentUrl":"https:\/\/frdelpino.es\/actualidad\/wp-content\/uploads\/2024\/09\/AdobeStock_199458174_bj.jpg","width":1920,"height":1075},{"@type":"BreadcrumbList","@id":"https:\/\/frdelpino.es\/actualidad\/crecimiento-de-la-poblacion-y-desarrollo-economico\/#breadcrumb","itemListElement":[{"@type":"ListItem","position":1,"name":"Portada","item":"https:\/\/frdelpino.es\/actualidad\/"},{"@type":"ListItem","position":2,"name":"Crecimiento de la poblaci\u00f3n y desarrollo econ\u00f3mico"}]},{"@type":"WebSite","@id":"https:\/\/frdelpino.es\/actualidad\/#website","url":"https:\/\/frdelpino.es\/actualidad\/","name":"FRP Gaceta","description":"Una iniciativa de la Fundaci\u00f3n Rafael del Pino","potentialAction":[{"@type":"SearchAction","target":{"@type":"EntryPoint","urlTemplate":"https:\/\/frdelpino.es\/actualidad\/?s={search_term_string}"},"query-input":{"@type":"PropertyValueSpecification","valueRequired":true,"valueName":"search_term_string"}}],"inLanguage":"es"},{"@type":"Person","@id":"https:\/\/frdelpino.es\/actualidad\/#\/schema\/person\/ada1d98a172238d0ee8fe3efdbc0a8c1","name":"Emilio Gonz\u00e1lez","url":"https:\/\/frdelpino.es\/actualidad\/author\/emilio-gonzalez\/"}]}},"_links":{"self":[{"href":"https:\/\/frdelpino.es\/actualidad\/wp-json\/wp\/v2\/posts\/5409","targetHints":{"allow":["GET"]}}],"collection":[{"href":"https:\/\/frdelpino.es\/actualidad\/wp-json\/wp\/v2\/posts"}],"about":[{"href":"https:\/\/frdelpino.es\/actualidad\/wp-json\/wp\/v2\/types\/post"}],"author":[{"embeddable":true,"href":"https:\/\/frdelpino.es\/actualidad\/wp-json\/wp\/v2\/users\/7"}],"replies":[{"embeddable":true,"href":"https:\/\/frdelpino.es\/actualidad\/wp-json\/wp\/v2\/comments?post=5409"}],"version-history":[{"count":6,"href":"https:\/\/frdelpino.es\/actualidad\/wp-json\/wp\/v2\/posts\/5409\/revisions"}],"predecessor-version":[{"id":5494,"href":"https:\/\/frdelpino.es\/actualidad\/wp-json\/wp\/v2\/posts\/5409\/revisions\/5494"}],"wp:featuredmedia":[{"embeddable":true,"href":"https:\/\/frdelpino.es\/actualidad\/wp-json\/wp\/v2\/media\/5428"}],"wp:attachment":[{"href":"https:\/\/frdelpino.es\/actualidad\/wp-json\/wp\/v2\/media?parent=5409"}],"wp:term":[{"taxonomy":"category","embeddable":true,"href":"https:\/\/frdelpino.es\/actualidad\/wp-json\/wp\/v2\/categories?post=5409"},{"taxonomy":"post_tag","embeddable":true,"href":"https:\/\/frdelpino.es\/actualidad\/wp-json\/wp\/v2\/tags?post=5409"}],"curies":[{"name":"wp","href":"https:\/\/api.w.org\/{rel}","templated":true}]}}