{"id":5584,"date":"2024-12-11T12:25:18","date_gmt":"2024-12-11T10:25:18","guid":{"rendered":"https:\/\/frdelpino.es\/actualidad\/?p=5584"},"modified":"2024-12-11T12:34:10","modified_gmt":"2024-12-11T10:34:10","slug":"juntos-imperio-america","status":"publish","type":"post","link":"https:\/\/frdelpino.es\/actualidad\/juntos-imperio-america\/","title":{"rendered":"Juntos fuimos imperio"},"content":{"rendered":"<p style=\"text-align: justify;\">Hace cien a\u00f1os, el activista por los derechos de los afroamericanos, Marcus Garvey, escribi\u00f3 que un pueblo sin el conocimiento de su historia pasada, origen y cultura es como un \u00e1rbol sin ra\u00edces. Hoy hay mucho inter\u00e9s en que Hispanoam\u00e9rica pierda sus ra\u00edces espa\u00f1olas, que son las que le proporcionan su identidad y su lugar \u00fanico en el mundo. Sin embargo, no se puede olvidar que, como dice el historiador mexicano, <span style=\"color: #008080;\"><strong>Juan Miguel Zunzungui<\/strong><\/span>, juntos fuimos imperio. La unidad sobre la base de una lengua y una cultura com\u00fan puede dar mucha fuerza a toda Hispanoam\u00e9rica. Por eso, es preciso defender ese legado com\u00fan que constituye nuestra se\u00f1a de identidad frente a quienes lo ignoran, lo desprecian, lo manipulan o pretenden que caiga en el olvido.<\/p>\n<blockquote class=\"td_quote_box td_box_center\"><p>\u00abUn pueblo sin el conocimiento de su historia pasada, origen y cultura es como un \u00e1rbol sin ra\u00edces\u00bb, Marcus Garvey<\/p><\/blockquote>\n<p style=\"text-align: justify;\">El Imperio Brit\u00e1nico fue un imperio mercantil, explotador de las tierras conquistadas. Su finalidad no fue otra que canalizar riqueza hacia la metr\u00f3polis, Londres, sin preocuparse nada m\u00e1s que de los aspectos materiales que justificaban su existencia. En consecuencia, nunca pretendi\u00f3 crear una verdadera unidad pol\u00edtica, ni llevar la civilizaci\u00f3n a aquellos s\u00fabditos a los que, dicho sea de paso, consideraba como seres humanos de segunda.<\/p>\n<p style=\"text-align: justify;\">En cambio, el Imperio Espa\u00f1ol, con todos los errores que se pudieran cometer, fue algo muy distinto. Espa\u00f1a construy\u00f3 una civilizaci\u00f3n en Am\u00e9rica, reconoci\u00f3 los derechos de los indios, los protegi\u00f3, los consider\u00f3 s\u00fabditos de la corona como a los espa\u00f1oles y, por eso, impidi\u00f3 que fueran esclavizados. Espa\u00f1a cre\u00f3 una unidad pol\u00edtica en Am\u00e9rica e invirti\u00f3 all\u00ed en crear universidades, hospitales e instituciones que expandieran la civilizaci\u00f3n, lo que nunca hicieron los brit\u00e1nicos. Eso s\u00ed, Espa\u00f1a carga con todo el peso de la leyenda negra, creada por sus enemigos, mientras que los brit\u00e1nicos siguen present\u00e1ndose como agentes civilizadores, cuando en los territorios que colonizaron no queda un solo indio.<\/p>\n<p style=\"text-align: justify;\">Por ello, es preciso reivindicar el papel hist\u00f3rico espa\u00f1ol en Am\u00e9rica. Juntos fuimos imperio. Fuimos una Espa\u00f1a que empezaba en los Pirineos y conclu\u00eda en el estrecho de Magallanes. Y, lo m\u00e1s importante de todo, tenemos una comunidad cultural gracias a que tenemos una lengua com\u00fan. Por ello, tenemos una visi\u00f3n com\u00fan para entender el mundo, gracias a la acci\u00f3n civilizadora de los espa\u00f1oles en Am\u00e9rica. Un pasado com\u00fan permite construir un futuro com\u00fan juntos. Los brit\u00e1nicos no pueden decir lo mismo. Lo vimos cuando el Reino Unido abandon\u00f3 la UE. Sumido como estaba en su sue\u00f1o imperial no se percat\u00f3 de que su realidad era muy distinta de la que cre\u00edan y se vio aislado cuando sus excolonias le dieron la espalda.<\/p>\n<p style=\"text-align: justify;\">Colonias, precisamente, es una palabra esencial para entender las diferencias entre el Imperio Espa\u00f1ol y el Brit\u00e1nico. Como recuerda Zunzunegui, los territorios espa\u00f1oles de Am\u00e9rica no eran colonias, sino una parte completamente integrada en Espa\u00f1a. Los espa\u00f1oles no se quedaron en los puertos, sino que penetraron en el interior y lo civilizaron. Su objetivo no era el comercio, la ganancia. Los brit\u00e1nicos, en cambio, se asentaron sobre todo en los puertos porque su visi\u00f3n del imperio fue una visi\u00f3n mercantilista, de explotaci\u00f3n econ\u00f3mica.<\/p>\n<blockquote class=\"td_quote_box td_box_left\"><p>Espa\u00f1a lleg\u00f3 a Am\u00e9rica y dio la vuelta al mundo porque contaba con las capacidades cient\u00edficas y tecnol\u00f3gicas para poder hacerlo.<\/p><\/blockquote>\n<p style=\"text-align: justify;\">Que Espa\u00f1a fuera quien llegase a Am\u00e9rica era inevitable. Lejos del imaginario popular promovido por la leyenda negra, Espa\u00f1a distaba mucho de esa imagen de pa\u00eds pobre y atrasado con que la presentaban sus enemigos. Por el contrario, Espa\u00f1a lleg\u00f3 a Am\u00e9rica y dio la vuelta al mundo porque contaba con las capacidades cient\u00edficas y tecnol\u00f3gicas para poder hacerlo. Los ingleses llegaron cien a\u00f1os despu\u00e9s, a pesar de que ya sab\u00edan d\u00f3nde estaba, ironiza Zunzunegui. Adem\u00e1s, un pa\u00eds pobre nunca hubiera podido acometer la aventura americana porque hubiera carecido de recursos con que financiarla. Espa\u00f1a distaba mucho de ser ese territorio depauperado. Todo lo contrario. Los estudios de Leandro Prados de la Escosura, catedr\u00e1tico em\u00e9rito de Historia Econ\u00f3mica, demuestran que Espa\u00f1a era un pa\u00eds rico para la \u00e9poca y, por ello, pudo aportar los recursos necesarios para acometer la aventura americana. Por desgracia, el mito todav\u00eda pervive en el imaginario popular.<\/p>\n<p style=\"text-align: justify;\">Lo mismo sucede con la conquista de M\u00e9xico. La leyenda negra presenta a Hern\u00e1n Cort\u00e9s como un conquistador despiadado y sediento de sangre, que acab\u00f3 con un pa\u00eds y una civilizaci\u00f3n floreciente y desarrollada. Nada m\u00e1s lejos de la realidad. Esa civilizaci\u00f3n floreciente no fue tal. La Am\u00e9rica que encontraron los espa\u00f1oles a su llegada todav\u00eda estaba sumida en la edad de piedra, debido a su aislamiento del resto del mundo. Sus construcciones son propias del 2500 a.C., no de una civilizaci\u00f3n avanzada. Ni tampoco cay\u00f3 un pa\u00eds. Lo que cay\u00f3 fue la ciudad de Tenochtitl\u00e1n, la capital de los aztecas opresores de los cien mil indios que ayudaron a Cort\u00e9s porque quer\u00edan librarse a toda costa de ellos. Cosa l\u00f3gica si tenemos en cuenta que, adem\u00e1s de opresores, los aztecas eran antrop\u00f3fagos. Pero, al d\u00eda siguiente de la ca\u00edda de Tenochtitl\u00e1n, todos juntos comenzaron a construir una civilizaci\u00f3n. Y el resultado fue que, durante trescientos a\u00f1os, nadie se sinti\u00f3 conquistado, recuerda Zunzunegui. Con todos los errores que pudieran cometer los espa\u00f1oles, sobre todo en los comienzos, eso fue lo que pas\u00f3 en realidad.<\/p>\n<p style=\"text-align: justify;\">Para poner orden en Am\u00e9rica, la Corona espa\u00f1ola envi\u00f3 gobernantes. Tambi\u00e9n envi\u00f3 frailes con una clara misi\u00f3n civilizadora. Donde llegaban enseguida los monjes, enseguida aparec\u00eda una misi\u00f3n, un pueblo a su alrededor, agricultura, infraestructuras, porque aquellos hombres dominaban muchas artes y ciencias. Construyeron universidades y hospitales para todos, indios incluidos. Tambi\u00e9n elaboraron gram\u00e1ticas de las lenguas ind\u00edgenas para poder aprenderlas y entenderse con los indios en su propia lengua. Los indios perdieron su civilizaci\u00f3n, pero adoptaron la que llev\u00f3 Espa\u00f1a, que ve\u00edan superior. Esto siempre pasa en la historia. Y, aun as\u00ed, en Hispanoam\u00e9rica todav\u00eda perviven muchos restos de esas civilizaciones primarias. No hay m\u00e1s que ver la imaginer\u00eda de muchas iglesias hispanoamericanas, o las tradiciones de la gente que todav\u00eda perviven. Los brit\u00e1nicos no pueden decir lo mismo.<\/p>\n<p style=\"text-align: justify;\">Espa\u00f1a se replica en Am\u00e9rica, pero el resultado no es exactamente igual a Espa\u00f1a porque se produce el mestizaje entre espa\u00f1oles e ind\u00edgenas. Como dice Juan Miguel Zunzunegui, Espa\u00f1a es el padre, Am\u00e9rica es la madre y el hijo es M\u00e9xico. Espa\u00f1a aport\u00f3 a Am\u00e9rica la Hispanidad, que no es otra cosa que cultura, tradiciones, ideas, arte pensamiento, filosof\u00eda, \u00e9tica, religi\u00f3n, cosmovisi\u00f3n y, sobre todo, una lengua com\u00fan. Ni m\u00e1s ni menos. Y solo se llev\u00f3 de Am\u00e9rica alimentos, porque los recursos que encontraron all\u00ed se dedicaron, sobre todo, a construir la civilizaci\u00f3n que llevaron consigo los espa\u00f1oles. Pero lo importante es que los americanos hablan en espa\u00f1ol, rezan en espa\u00f1ol, aman en espa\u00f1ol. El alma es espa\u00f1ola gracias a la acci\u00f3n civilizadora de aquellos hombres. Una acci\u00f3n civilizadora que no fue conquista, porque en Am\u00e9rica nunca hubo un ej\u00e9rcito espa\u00f1ol, sino que los espa\u00f1oles gobernaron en colaboraci\u00f3n con los jefes locales. Y los conquistadores no construyen catedrales, universidades, acueductos ni hospitales, como s\u00ed hicieron los espa\u00f1oles. En Am\u00e9rica se construy\u00f3 una civilizaci\u00f3n. En el Imperio Brit\u00e1nico, no.<\/p>\n<p style=\"text-align: justify;\">El problema que sufrimos, en Espa\u00f1a y en Am\u00e9rica, cuando miramos a nuestro pasado com\u00fan es que seguimos siendo v\u00edctimas de una narrativa que nos resulta adversa. Una narrativa que empieza con la leyenda negra y sigue por hablar de Am\u00e9rica Latina, en vez de Hispanoam\u00e9rica, que es la verdadera se\u00f1a de identidad de todos los pueblos del Imperio Espa\u00f1ol. Porque los elementos de cohesi\u00f3n de Am\u00e9rica fueron el resultado de la acci\u00f3n civilizadora de los espa\u00f1oles: la lengua, la religi\u00f3n cat\u00f3lica y la monarqu\u00eda universal hispana. Y esos elementos de identidad son los que pretenden destruir la leyenda negra y todos cuantos la vindican a uno y otro lado del oc\u00e9ano. Sin embargo, y como dice Zunzunegui, nunca podremos estar orgullosos de lo que somos si despreciamos el pasado que nos hizo ser lo que somos. Y, con todos sus defectos, ese es un pasado del que de verdad la comunidad hispanoamericana debe sentirse orgullosa.<\/p>\n<p style=\"text-align: justify;\">Alberto Assa, docente colombiano de origen sefard\u00ed, dej\u00f3 escrito que un pueblo que se identifica en su cultura es un pueblo invencible.<\/p>\n<blockquote class=\"td_quote_box td_box_center\">\n<p style=\"text-align: center;\">\u00bfHasta d\u00f3nde llegar\u00edamos los Hispanoamericanos si abraz\u00e1ramos nuestro pasado y nuestra cultura, en vez de ignorarla, denostara e intentar destruirla?<\/p>\n<\/blockquote>\n<p style=\"text-align: right;\"><a href=\"https:\/\/frdelpino.es\/canalfrp\/video-frdelpino\/juntos-fuimos-imperio\/\"><span style=\"color: #008080;\">Acceda a la conf<\/span><span style=\"color: #008080;\">e<\/span><span style=\"color: #008080;\">rencia<\/span> <span style=\"color: #008080;\">completa<\/span><\/a><\/p>\n<h6 style=\"text-align: justify;\">\u201cLa Fundaci\u00f3n Rafael del Pino no se hace responsable de los comentarios, opiniones o manifestaciones realizados por las personas que participan en sus actividades y que son expresadas como resultado de su derecho inalienable a la libertad de expresi\u00f3n y bajo su entera responsabilidad. Los contenidos incluidos en el presente resumen, realizado para la Fundaci\u00f3n Rafael del Pino por Emilio J. Gonz\u00e1lez, son resultado de los debates mantenidos en el encuentro realizado al efecto en la Fundaci\u00f3n y son responsabilidad de sus autores.\u201d<\/h6>\n","protected":false},"excerpt":{"rendered":"<p>Hace cien a\u00f1os, el activista por los derechos de los afroamericanos, Marcus Garvey, escribi\u00f3 que un pueblo sin el conocimiento de su historia pasada, origen y cultura es como un \u00e1rbol sin ra\u00edces. Hoy hay mucho inter\u00e9s en que Hispanoam\u00e9rica pierda sus ra\u00edces espa\u00f1olas, que son las que le proporcionan su identidad y su lugar [&hellip;]<\/p>\n","protected":false},"author":5,"featured_media":5585,"comment_status":"closed","ping_status":"closed","sticky":false,"template":"","format":"standard","meta":{"_acf_changed":false,"footnotes":""},"categories":[5],"tags":[350,392,102,31,387,38,393],"class_list":{"0":"post-5584","1":"post","2":"type-post","3":"status-publish","4":"format-standard","5":"has-post-thumbnail","7":"category-educacion_y_cultura","8":"tag-america","9":"tag-civilizacion","12":"tag-hispanoamerica","13":"tag-historia","14":"tag-indigenas"},"acf":[],"yoast_head":"<!-- This site is optimized with the Yoast SEO plugin v27.4 - https:\/\/yoast.com\/product\/yoast-seo-wordpress\/ -->\n<title>Juntos fuimos imperio - FRP Gaceta<\/title>\n<meta name=\"robots\" content=\"index, follow, max-snippet:-1, max-image-preview:large, max-video-preview:-1\" \/>\n<link rel=\"canonical\" href=\"https:\/\/frdelpino.es\/actualidad\/juntos-imperio-america\/\" \/>\n<meta property=\"og:locale\" content=\"es_ES\" \/>\n<meta property=\"og:type\" content=\"article\" \/>\n<meta property=\"og:title\" content=\"Juntos fuimos imperio - FRP Gaceta\" \/>\n<meta property=\"og:description\" content=\"Hace cien a\u00f1os, el activista por los derechos de los afroamericanos, Marcus Garvey, escribi\u00f3 que un pueblo sin el conocimiento de su historia pasada, origen y cultura es como un \u00e1rbol sin ra\u00edces. Hoy hay mucho inter\u00e9s en que Hispanoam\u00e9rica pierda sus ra\u00edces espa\u00f1olas, que son las que le proporcionan su identidad y su lugar [&hellip;]\" \/>\n<meta property=\"og:url\" content=\"https:\/\/frdelpino.es\/actualidad\/juntos-imperio-america\/\" \/>\n<meta property=\"og:site_name\" content=\"FRP Gaceta\" \/>\n<meta property=\"article:publisher\" content=\"https:\/\/www.facebook.com\/frdelpino\" \/>\n<meta property=\"article:published_time\" content=\"2024-12-11T10:25:18+00:00\" \/>\n<meta property=\"article:modified_time\" content=\"2024-12-11T10:34:10+00:00\" \/>\n<meta property=\"og:image\" content=\"https:\/\/frdelpino.es\/actualidad\/wp-content\/uploads\/2024\/12\/AdobeStock_290791034-bj.jpg\" \/>\n\t<meta property=\"og:image:width\" content=\"1920\" \/>\n\t<meta property=\"og:image:height\" content=\"1280\" \/>\n\t<meta property=\"og:image:type\" content=\"image\/jpeg\" \/>\n<meta name=\"author\" content=\"Carlota Taboada\" \/>\n<meta name=\"twitter:card\" content=\"summary_large_image\" \/>\n<meta name=\"twitter:creator\" content=\"@frdelpino\" \/>\n<meta name=\"twitter:site\" content=\"@frdelpino\" \/>\n<meta name=\"twitter:label1\" content=\"Escrito por\" \/>\n\t<meta name=\"twitter:data1\" content=\"Carlota Taboada\" \/>\n\t<meta name=\"twitter:label2\" content=\"Tiempo de lectura\" \/>\n\t<meta name=\"twitter:data2\" content=\"7 minutos\" \/>\n<script type=\"application\/ld+json\" class=\"yoast-schema-graph\">{\"@context\":\"https:\\\/\\\/schema.org\",\"@graph\":[{\"@type\":\"Article\",\"@id\":\"https:\\\/\\\/frdelpino.es\\\/actualidad\\\/juntos-imperio-america\\\/#article\",\"isPartOf\":{\"@id\":\"https:\\\/\\\/frdelpino.es\\\/actualidad\\\/juntos-imperio-america\\\/\"},\"author\":{\"name\":\"Carlota Taboada\",\"@id\":\"https:\\\/\\\/frdelpino.es\\\/actualidad\\\/#\\\/schema\\\/person\\\/5b3e77df61158f3160fedebdf5407d86\"},\"headline\":\"Juntos fuimos imperio\",\"datePublished\":\"2024-12-11T10:25:18+00:00\",\"dateModified\":\"2024-12-11T10:34:10+00:00\",\"mainEntityOfPage\":{\"@id\":\"https:\\\/\\\/frdelpino.es\\\/actualidad\\\/juntos-imperio-america\\\/\"},\"wordCount\":1665,\"image\":{\"@id\":\"https:\\\/\\\/frdelpino.es\\\/actualidad\\\/juntos-imperio-america\\\/#primaryimage\"},\"thumbnailUrl\":\"https:\\\/\\\/frdelpino.es\\\/actualidad\\\/wp-content\\\/uploads\\\/2024\\\/12\\\/AdobeStock_290791034-bj.jpg\",\"keywords\":[\"am\u00e9rica\",\"civilizaci\u00f3n\",\"Cultura\",\"espa\u00f1a\",\"hispanoam\u00e9rica\",\"historia\",\"ind\u00edgenas\"],\"articleSection\":[\"Educaci\u00f3n y cultura\"],\"inLanguage\":\"es\"},{\"@type\":\"WebPage\",\"@id\":\"https:\\\/\\\/frdelpino.es\\\/actualidad\\\/juntos-imperio-america\\\/\",\"url\":\"https:\\\/\\\/frdelpino.es\\\/actualidad\\\/juntos-imperio-america\\\/\",\"name\":\"Juntos fuimos imperio - FRP Gaceta\",\"isPartOf\":{\"@id\":\"https:\\\/\\\/frdelpino.es\\\/actualidad\\\/#website\"},\"primaryImageOfPage\":{\"@id\":\"https:\\\/\\\/frdelpino.es\\\/actualidad\\\/juntos-imperio-america\\\/#primaryimage\"},\"image\":{\"@id\":\"https:\\\/\\\/frdelpino.es\\\/actualidad\\\/juntos-imperio-america\\\/#primaryimage\"},\"thumbnailUrl\":\"https:\\\/\\\/frdelpino.es\\\/actualidad\\\/wp-content\\\/uploads\\\/2024\\\/12\\\/AdobeStock_290791034-bj.jpg\",\"datePublished\":\"2024-12-11T10:25:18+00:00\",\"dateModified\":\"2024-12-11T10:34:10+00:00\",\"author\":{\"@id\":\"https:\\\/\\\/frdelpino.es\\\/actualidad\\\/#\\\/schema\\\/person\\\/5b3e77df61158f3160fedebdf5407d86\"},\"breadcrumb\":{\"@id\":\"https:\\\/\\\/frdelpino.es\\\/actualidad\\\/juntos-imperio-america\\\/#breadcrumb\"},\"inLanguage\":\"es\",\"potentialAction\":[{\"@type\":\"ReadAction\",\"target\":[\"https:\\\/\\\/frdelpino.es\\\/actualidad\\\/juntos-imperio-america\\\/\"]}]},{\"@type\":\"ImageObject\",\"inLanguage\":\"es\",\"@id\":\"https:\\\/\\\/frdelpino.es\\\/actualidad\\\/juntos-imperio-america\\\/#primaryimage\",\"url\":\"https:\\\/\\\/frdelpino.es\\\/actualidad\\\/wp-content\\\/uploads\\\/2024\\\/12\\\/AdobeStock_290791034-bj.jpg\",\"contentUrl\":\"https:\\\/\\\/frdelpino.es\\\/actualidad\\\/wp-content\\\/uploads\\\/2024\\\/12\\\/AdobeStock_290791034-bj.jpg\",\"width\":1920,\"height\":1280},{\"@type\":\"BreadcrumbList\",\"@id\":\"https:\\\/\\\/frdelpino.es\\\/actualidad\\\/juntos-imperio-america\\\/#breadcrumb\",\"itemListElement\":[{\"@type\":\"ListItem\",\"position\":1,\"name\":\"Portada\",\"item\":\"https:\\\/\\\/frdelpino.es\\\/actualidad\\\/\"},{\"@type\":\"ListItem\",\"position\":2,\"name\":\"Juntos fuimos imperio\"}]},{\"@type\":\"WebSite\",\"@id\":\"https:\\\/\\\/frdelpino.es\\\/actualidad\\\/#website\",\"url\":\"https:\\\/\\\/frdelpino.es\\\/actualidad\\\/\",\"name\":\"FRP Gaceta\",\"description\":\"Una iniciativa de la Fundaci\u00f3n Rafael del Pino\",\"potentialAction\":[{\"@type\":\"SearchAction\",\"target\":{\"@type\":\"EntryPoint\",\"urlTemplate\":\"https:\\\/\\\/frdelpino.es\\\/actualidad\\\/?s={search_term_string}\"},\"query-input\":{\"@type\":\"PropertyValueSpecification\",\"valueRequired\":true,\"valueName\":\"search_term_string\"}}],\"inLanguage\":\"es\"},{\"@type\":\"Person\",\"@id\":\"https:\\\/\\\/frdelpino.es\\\/actualidad\\\/#\\\/schema\\\/person\\\/5b3e77df61158f3160fedebdf5407d86\",\"name\":\"Carlota Taboada\",\"url\":\"https:\\\/\\\/frdelpino.es\\\/actualidad\\\/author\\\/ctaboada\\\/\"}]}<\/script>\n<!-- \/ Yoast SEO plugin. -->","yoast_head_json":{"title":"Juntos fuimos imperio - FRP Gaceta","robots":{"index":"index","follow":"follow","max-snippet":"max-snippet:-1","max-image-preview":"max-image-preview:large","max-video-preview":"max-video-preview:-1"},"canonical":"https:\/\/frdelpino.es\/actualidad\/juntos-imperio-america\/","og_locale":"es_ES","og_type":"article","og_title":"Juntos fuimos imperio - FRP Gaceta","og_description":"Hace cien a\u00f1os, el activista por los derechos de los afroamericanos, Marcus Garvey, escribi\u00f3 que un pueblo sin el conocimiento de su historia pasada, origen y cultura es como un \u00e1rbol sin ra\u00edces. Hoy hay mucho inter\u00e9s en que Hispanoam\u00e9rica pierda sus ra\u00edces espa\u00f1olas, que son las que le proporcionan su identidad y su lugar [&hellip;]","og_url":"https:\/\/frdelpino.es\/actualidad\/juntos-imperio-america\/","og_site_name":"FRP Gaceta","article_publisher":"https:\/\/www.facebook.com\/frdelpino","article_published_time":"2024-12-11T10:25:18+00:00","article_modified_time":"2024-12-11T10:34:10+00:00","og_image":[{"width":1920,"height":1280,"url":"https:\/\/frdelpino.es\/actualidad\/wp-content\/uploads\/2024\/12\/AdobeStock_290791034-bj.jpg","type":"image\/jpeg"}],"author":"Carlota Taboada","twitter_card":"summary_large_image","twitter_creator":"@frdelpino","twitter_site":"@frdelpino","twitter_misc":{"Escrito por":"Carlota Taboada","Tiempo de lectura":"7 minutos"},"schema":{"@context":"https:\/\/schema.org","@graph":[{"@type":"Article","@id":"https:\/\/frdelpino.es\/actualidad\/juntos-imperio-america\/#article","isPartOf":{"@id":"https:\/\/frdelpino.es\/actualidad\/juntos-imperio-america\/"},"author":{"name":"Carlota Taboada","@id":"https:\/\/frdelpino.es\/actualidad\/#\/schema\/person\/5b3e77df61158f3160fedebdf5407d86"},"headline":"Juntos fuimos imperio","datePublished":"2024-12-11T10:25:18+00:00","dateModified":"2024-12-11T10:34:10+00:00","mainEntityOfPage":{"@id":"https:\/\/frdelpino.es\/actualidad\/juntos-imperio-america\/"},"wordCount":1665,"image":{"@id":"https:\/\/frdelpino.es\/actualidad\/juntos-imperio-america\/#primaryimage"},"thumbnailUrl":"https:\/\/frdelpino.es\/actualidad\/wp-content\/uploads\/2024\/12\/AdobeStock_290791034-bj.jpg","keywords":["am\u00e9rica","civilizaci\u00f3n","Cultura","espa\u00f1a","hispanoam\u00e9rica","historia","ind\u00edgenas"],"articleSection":["Educaci\u00f3n y cultura"],"inLanguage":"es"},{"@type":"WebPage","@id":"https:\/\/frdelpino.es\/actualidad\/juntos-imperio-america\/","url":"https:\/\/frdelpino.es\/actualidad\/juntos-imperio-america\/","name":"Juntos fuimos imperio - FRP Gaceta","isPartOf":{"@id":"https:\/\/frdelpino.es\/actualidad\/#website"},"primaryImageOfPage":{"@id":"https:\/\/frdelpino.es\/actualidad\/juntos-imperio-america\/#primaryimage"},"image":{"@id":"https:\/\/frdelpino.es\/actualidad\/juntos-imperio-america\/#primaryimage"},"thumbnailUrl":"https:\/\/frdelpino.es\/actualidad\/wp-content\/uploads\/2024\/12\/AdobeStock_290791034-bj.jpg","datePublished":"2024-12-11T10:25:18+00:00","dateModified":"2024-12-11T10:34:10+00:00","author":{"@id":"https:\/\/frdelpino.es\/actualidad\/#\/schema\/person\/5b3e77df61158f3160fedebdf5407d86"},"breadcrumb":{"@id":"https:\/\/frdelpino.es\/actualidad\/juntos-imperio-america\/#breadcrumb"},"inLanguage":"es","potentialAction":[{"@type":"ReadAction","target":["https:\/\/frdelpino.es\/actualidad\/juntos-imperio-america\/"]}]},{"@type":"ImageObject","inLanguage":"es","@id":"https:\/\/frdelpino.es\/actualidad\/juntos-imperio-america\/#primaryimage","url":"https:\/\/frdelpino.es\/actualidad\/wp-content\/uploads\/2024\/12\/AdobeStock_290791034-bj.jpg","contentUrl":"https:\/\/frdelpino.es\/actualidad\/wp-content\/uploads\/2024\/12\/AdobeStock_290791034-bj.jpg","width":1920,"height":1280},{"@type":"BreadcrumbList","@id":"https:\/\/frdelpino.es\/actualidad\/juntos-imperio-america\/#breadcrumb","itemListElement":[{"@type":"ListItem","position":1,"name":"Portada","item":"https:\/\/frdelpino.es\/actualidad\/"},{"@type":"ListItem","position":2,"name":"Juntos fuimos imperio"}]},{"@type":"WebSite","@id":"https:\/\/frdelpino.es\/actualidad\/#website","url":"https:\/\/frdelpino.es\/actualidad\/","name":"FRP Gaceta","description":"Una iniciativa de la Fundaci\u00f3n Rafael del Pino","potentialAction":[{"@type":"SearchAction","target":{"@type":"EntryPoint","urlTemplate":"https:\/\/frdelpino.es\/actualidad\/?s={search_term_string}"},"query-input":{"@type":"PropertyValueSpecification","valueRequired":true,"valueName":"search_term_string"}}],"inLanguage":"es"},{"@type":"Person","@id":"https:\/\/frdelpino.es\/actualidad\/#\/schema\/person\/5b3e77df61158f3160fedebdf5407d86","name":"Carlota Taboada","url":"https:\/\/frdelpino.es\/actualidad\/author\/ctaboada\/"}]}},"_links":{"self":[{"href":"https:\/\/frdelpino.es\/actualidad\/wp-json\/wp\/v2\/posts\/5584","targetHints":{"allow":["GET"]}}],"collection":[{"href":"https:\/\/frdelpino.es\/actualidad\/wp-json\/wp\/v2\/posts"}],"about":[{"href":"https:\/\/frdelpino.es\/actualidad\/wp-json\/wp\/v2\/types\/post"}],"author":[{"embeddable":true,"href":"https:\/\/frdelpino.es\/actualidad\/wp-json\/wp\/v2\/users\/5"}],"replies":[{"embeddable":true,"href":"https:\/\/frdelpino.es\/actualidad\/wp-json\/wp\/v2\/comments?post=5584"}],"version-history":[{"count":2,"href":"https:\/\/frdelpino.es\/actualidad\/wp-json\/wp\/v2\/posts\/5584\/revisions"}],"predecessor-version":[{"id":5590,"href":"https:\/\/frdelpino.es\/actualidad\/wp-json\/wp\/v2\/posts\/5584\/revisions\/5590"}],"wp:featuredmedia":[{"embeddable":true,"href":"https:\/\/frdelpino.es\/actualidad\/wp-json\/wp\/v2\/media\/5585"}],"wp:attachment":[{"href":"https:\/\/frdelpino.es\/actualidad\/wp-json\/wp\/v2\/media?parent=5584"}],"wp:term":[{"taxonomy":"category","embeddable":true,"href":"https:\/\/frdelpino.es\/actualidad\/wp-json\/wp\/v2\/categories?post=5584"},{"taxonomy":"post_tag","embeddable":true,"href":"https:\/\/frdelpino.es\/actualidad\/wp-json\/wp\/v2\/tags?post=5584"}],"curies":[{"name":"wp","href":"https:\/\/api.w.org\/{rel}","templated":true}]}}