{"id":5920,"date":"2026-04-27T12:53:59","date_gmt":"2026-04-27T10:53:59","guid":{"rendered":"https:\/\/frdelpino.es\/actualidad\/?p=5920"},"modified":"2026-04-27T13:22:32","modified_gmt":"2026-04-27T11:22:32","slug":"desigualdad-global-milanovic-mandeville-inversa","status":"publish","type":"post","link":"https:\/\/frdelpino.es\/actualidad\/desigualdad-global-milanovic-mandeville-inversa\/","title":{"rendered":"Mandeville a la inversa: la desigualdad en el mundo"},"content":{"rendered":"<p style=\"text-align: justify;\" data-start=\"257\" data-end=\"856\">Bernard Mandeville escribi\u00f3 en el siglo XVIII que los vicios privados, cuando se regulan, se convierten en virtudes p\u00fablicas. El inter\u00e9s ego\u00edsta de cada uno, sometido a normas, produce beneficios para todos. Adam Smith tom\u00f3 la idea, la critic\u00f3, la refin\u00f3. Y sobre ella se construy\u00f3 buena parte del pensamiento econ\u00f3mico moderno. <span style=\"color: #008080;\"><strong>Branko Milanovic<\/strong><\/span>, economista del Banco Mundial y uno de los mayores expertos en desigualdad global, propone ahora una inversi\u00f3n del argumento. Lo que estamos viendo, advierte, es un Mandeville a la inversa. Las virtudes privadas se est\u00e1n convirtiendo en vicios p\u00fablicos.<\/p>\n<h3 style=\"text-align: justify;\" data-section-id=\"1uzuwfl\" data-start=\"820\" data-end=\"880\">Dos preguntas inc\u00f3modas sobre convergencia y desigualdad<\/h3>\n<p style=\"text-align: justify;\" data-start=\"882\" data-end=\"1811\">Para entender la paradoja, Milanovic plantea dos preguntas inc\u00f3modas. La primera: \u00bfestamos de acuerdo con que los pa\u00edses se parezcan cada vez m\u00e1s en renta per c\u00e1pita? Por supuesto, todo el mundo contesta de manera afirmativa. La convergencia es buena. Pero si esa convergencia genera un conflicto entre potencias hegem\u00f3nicas, entre el poder establecido y el poder emergente, entre Estados Unidos y China, entonces tenemos una virtud privada que produce un vicio p\u00fablico. La segunda pregunta: \u00bfestamos de acuerdo con que es bueno reducir la desigualdad? Nadie se va a negar, nadie se va a oponer. Pero si los pa\u00edses que crecen deprisa, como China, India, Indonesia o Vietnam, nos superan en las clasificaciones internacionales por nivel de ingresos, a los occidentales no nos va a gustar. Llevamos dos siglos acostumbrados a estar entre el 20% m\u00e1s rico del mundo. As\u00ed es que, que alguien nos supere no nos va a resultar agradable.<\/p>\n<h3 style=\"text-align: justify;\" data-section-id=\"staatc\" data-start=\"1813\" data-end=\"1868\">El cambio en la distribuci\u00f3n de la econom\u00eda mundial<\/h3>\n<p style=\"text-align: justify;\" data-start=\"1870\" data-end=\"2522\">Milanovic presenta los datos que sustentan su tesis. El cambio en la distribuci\u00f3n de la actividad econ\u00f3mica mundial ocurrido en los \u00faltimos cincuenta a\u00f1os ha sido espectacular. China super\u00f3 a Estados Unidos en producci\u00f3n total ajustada por paridad de poder adquisitivo en 2015. A los chinos no les gusta que se les llame la mayor econom\u00eda del mundo. Prefieren decir que son la segunda. Cosas suyas. Pero, en t\u00e9rminos reales, ya no lo son. La comparaci\u00f3n entre Pa\u00edses Bajos e Indonesia resulta dram\u00e1tica. Y el caso de Reino Unido e India es revelador. En 1985 ambos pa\u00edses produc\u00edan el 3% del PIB mundial. Hoy India est\u00e1 en el 9% y Reino Unido en el 2%.<\/p>\n<h3 style=\"text-align: justify;\" data-section-id=\"1fcx3am\" data-start=\"2524\" data-end=\"2582\">Un retorno hist\u00f3rico en el equilibrio econ\u00f3mico global<\/h3>\n<p style=\"text-align: justify;\" data-start=\"2584\" data-end=\"3370\">Lo que est\u00e1 sucediendo, indica Milanovic, es un retorno a la distribuci\u00f3n de la actividad econ\u00f3mica que exist\u00eda hace cuatro siglos, antes de la revoluci\u00f3n industrial y de los imperios econ\u00f3micos que surgieron a ra\u00edz de ella. Antes de la revoluci\u00f3n industrial, el espacio euroasi\u00e1tico estaba relativamente equilibrado en t\u00e9rminos de desarrollo econ\u00f3mico. Luego Occidente se dispar\u00f3 y el resto se qued\u00f3 atr\u00e1s. China pas\u00f3 de representar el 40% de la renta brit\u00e1nica a menos del 5%. Pero en los \u00faltimos cuarenta a\u00f1os ha recuperado todo el terreno perdido entonces. Con lo cual, estamos volviendo al punto de partida. Los niveles de renta ahora son muy superiores, por supuesto. Pero la distribuci\u00f3n relativa se parece cada vez m\u00e1s a la que exist\u00eda antes del periodo de hegemon\u00eda occidental.<\/p>\n<h3 style=\"text-align: justify;\" data-section-id=\"wwmhzd\" data-start=\"3372\" data-end=\"3433\">La nueva distribuci\u00f3n de ingresos y la clase media global<\/h3>\n<p style=\"text-align: justify;\" data-start=\"3435\" data-end=\"4264\">Este cambio, de hecho, tiene consecuencias para los individuos, no solo para los pa\u00edses. Milanovic muestra c\u00f3mo ha variado la distribuci\u00f3n de ingresos a nivel personal entre 1988 y 2018. En estos treinta a\u00f1os han sucedido dos cosas. La primera es que la renta mundial ha crecido. La segunda es que la distribuci\u00f3n se ha vuelto m\u00e1s sim\u00e9trica. Las personas de pa\u00edses pobres que estaban en la parte baja de la distribuci\u00f3n de la renta han avanzado hacia el centro. Gracias a ello, ahora se habla de una clase media global. Ahora bien, Milanovic matiza que no se trata de clase media en t\u00e9rminos occidentales. De lo que estamos hablando es de una renta de entre 5 y 10 d\u00f3lares diarios. Es decir, estamos hablando de niveles de renta que el Banco Mundial considera como medios-altos. Pero est\u00e1n en la mitad de la distribuci\u00f3n mundial.<\/p>\n<h3 style=\"text-align: justify;\" data-section-id=\"1834aaj\" data-start=\"4266\" data-end=\"4313\">China y la nueva din\u00e1mica de la desigualdad<\/h3>\n<p style=\"text-align: justify;\" data-start=\"4315\" data-end=\"4932\">China ha sido el motor de este cambio, pero aqu\u00ed se produce otra paradoja. Durante d\u00e9cadas, el crecimiento chino redujo la desigualdad global porque era un pa\u00eds pobre con mucha poblaci\u00f3n que crec\u00eda r\u00e1pido. Ahora ya no. China se ha vuelto tan rica que su crecimiento aumenta la desigualdad porque la distancia con los pa\u00edses asi\u00e1ticos africanos pobres se ampl\u00eda: Nigeria, Egipto, Sud\u00e1n, Congo, Tanzania, Bangladesh. China, por tanto, ya no es el motor de anta\u00f1o para avanzar en la igualdad. Ahora, el peso de las acciones para la reducci\u00f3n de la desigualdad global se traslada a India y a los grandes pa\u00edses africanos.<\/p>\n<h3 style=\"text-align: justify;\" data-section-id=\"1aw7ldl\" data-start=\"4934\" data-end=\"4984\">El impacto en Occidente y el descenso relativo<\/h3>\n<p style=\"text-align: justify;\" data-start=\"4986\" data-end=\"5712\">Estos fen\u00f3menos conllevan un problema pol\u00edtico, que surge cuando miramos qu\u00e9 ha pasado con Occidente. Milanovic pone el ejemplo de Italia, que no ha crecido en treinta a\u00f1os en t\u00e9rminos de renta per c\u00e1pita y de mejora del nivel de vida de la poblaci\u00f3n. Los italianos que estaban en el percentil 75 de la distribuci\u00f3n mundial hace tres d\u00e9cadas ahora est\u00e1n en el 55. Han perdido veinte puntos. Y no es solo Italia quien sufre de este mal. Este hecho se produce en todos los pa\u00edses ricos: Alemania, Espa\u00f1a, Estados Unidos. Los que estaban arriba en Occidente han bajado porque los asi\u00e1ticos han subido. Es un juego de suma cero en t\u00e9rminos de posici\u00f3n relativa. Si alguien pasa del percentil 50 al 75, el que estaba en el 75 baja.<\/p>\n<h3 style=\"text-align: justify;\" data-section-id=\"ov9dif\" data-start=\"5714\" data-end=\"5760\">Percepci\u00f3n del deterioro y malestar social<\/h3>\n<p style=\"text-align: justify;\" data-start=\"5762\" data-end=\"6355\">Mucha gente dice que no sabemos en qu\u00e9 percentil vivimos. Milanovic discrepa. Hay bienes que antes pod\u00edas comprar y ahora no te los puedes permitir, hay destinos tur\u00edsticos que se han vuelto inaccesibles, hay universidades que ya no puedes pagar. Por tanto, el descenso relativo se nota y los que lo sufren no est\u00e1n contentos. Aqu\u00ed est\u00e1 la ra\u00edz del malestar pol\u00edtico occidental. Los ciudadanos situados en la parte inferior de la distribuci\u00f3n de la renta en los pa\u00edses ricos han perdido posiciones. Mientras, la clase media asi\u00e1tica las ganaba y los muy ricos de todas partes segu\u00edan subiendo.<\/p>\n<h3 style=\"text-align: justify;\" data-section-id=\"1d7guvh\" data-start=\"6357\" data-end=\"6389\">Las nuevas \u00e9lites econ\u00f3micas<\/h3>\n<p style=\"text-align: justify;\" data-start=\"6391\" data-end=\"6975\">Milanovic tambi\u00e9n hace una referencia a las \u00e9lites. En Estados Unidos ha surgido lo que llama el nuevo capitalista: se trata de personas que est\u00e1n simult\u00e1neamente en el 10% que m\u00e1s gana trabajando y en el 10% que m\u00e1s posee por el capital acumulado. Son el 3% de la poblaci\u00f3n del pa\u00eds. No son los gestores de la vieja literatura, que administraban propiedades ajenas. Son propietarios que adem\u00e1s cobran sueldos alt\u00edsimos. Por eso, les interesa la defensa de la propiedad privada, puesto que son los mayores capitalistas. Con lo cual, se produce un desarrollo ideol\u00f3gico muy importante.<\/p>\n<h3 style=\"text-align: justify;\" data-section-id=\"1s9hre0\" data-start=\"6977\" data-end=\"7024\">El caso chino: capitalismo y poder pol\u00edtico<\/h3>\n<p style=\"text-align: justify;\" data-start=\"7026\" data-end=\"7744\">En China el fen\u00f3meno que se da es distinto, pero igualmente revelador. En 1988, la \u00e9lite del 5% superior apenas inclu\u00eda capitalistas, sino que casi todos sus ingresos ven\u00edan del sector p\u00fablico. Hoy los capitalistas, peque\u00f1os y grandes, representan m\u00e1s del 50% de esa \u00e9lite. Y el dato que resulta m\u00e1s sorprendente es que los grandes capitalistas, que, adem\u00e1s, son miembros del Partido Comunista, ganan un 30% m\u00e1s que los capitalistas que no lo son. \u00bfC\u00f3mo puede ser esto? Gran capitalista y miembro del Partido Comunista en teor\u00eda es algo contradictorio, un ox\u00edmoron. Pero en el sistema chino tiene sentido. Si tienes una gran empresa, conviene estar dentro del partido para poder influir en las decisiones del gobierno.<\/p>\n<h3 style=\"text-align: justify;\" data-section-id=\"js9l08\" data-start=\"7746\" data-end=\"7773\">El giro pol\u00edtico global<\/h3>\n<p style=\"text-align: justify;\" data-start=\"7775\" data-end=\"8217\">Hay tres l\u00edderes que han canalizado el malestar contra la globalizaci\u00f3n neoliberal: Putin, Xi Jinping y Trump. Milanovic los llama contrarrevolucionarios. No porque se parezcan entre s\u00ed, sino porque los tres han utilizado fuerzas sociales descontentas con los excesos del neoliberalismo. Ser\u00eda dif\u00edcil imaginar un mundo donde los tres desaparecieran a la vez y volvi\u00e9ramos a la d\u00e9cada de los noventa. Ese mundo, por desgracia, no va a volver.<\/p>\n<h3 style=\"text-align: justify;\" data-section-id=\"16pvtc2\" data-start=\"8219\" data-end=\"8258\">Conclusi\u00f3n: Mandeville a la inversa<\/h3>\n<p style=\"text-align: justify;\" data-start=\"8260\" data-end=\"8418\">Mandeville ten\u00eda raz\u00f3n en que los vicios privados pueden convertirse en virtudes p\u00fablicas. Lo que no previ\u00f3 es que el mecanismo tambi\u00e9n funciona a la inversa.<\/p>\n<p style=\"text-align: right;\"><a href=\"https:\/\/frdelpino.es\/canalfrp\/podcast-frdelpino\/dialogo-entre-branko-milanovic-y-miguel-almunia\/\"><span style=\"color: #008080;\">Acceda al documento completo<\/span><\/a><\/p>\n<h6 style=\"text-align: justify;\">\u201cLa Fundaci\u00f3n Rafael del Pino no se hace responsable de los comentarios, opiniones o manifestaciones realizados por las personas que participan en sus actividades y que son expresadas como resultado de su derecho inalienable a la libertad de expresi\u00f3n y bajo su entera responsabilidad. Los contenidos incluidos en el presente resumen, realizado para la Fundaci\u00f3n Rafael del Pino por Emilio J. Gonz\u00e1lez, son resultado de los debates mantenidos en el encuentro realizado al efecto en la Fundaci\u00f3n y son responsabilidad de sus autores.\u201d<\/h6>\n","protected":false},"excerpt":{"rendered":"<p>Bernard Mandeville escribi\u00f3 en el siglo XVIII que los vicios privados, cuando se regulan, se convierten en virtudes p\u00fablicas. El inter\u00e9s ego\u00edsta de cada uno, sometido a normas, produce beneficios para todos. Adam Smith tom\u00f3 la idea, la critic\u00f3, la refin\u00f3. Y sobre ella se construy\u00f3 buena parte del pensamiento econ\u00f3mico moderno. Branko Milanovic, economista [&hellip;]<\/p>\n","protected":false},"author":5,"featured_media":5922,"comment_status":"closed","ping_status":"closed","sticky":false,"template":"","format":"standard","meta":{"_acf_changed":false,"footnotes":""},"categories":[4],"tags":[237,185,429,427,99,428,426,121,94,430],"class_list":{"0":"post-5920","1":"post","2":"type-post","3":"status-publish","4":"format-standard","5":"has-post-thumbnail","7":"category-economia_y_empresa","8":"tag-branko-milanovic","9":"tag-china","10":"tag-clase-media-global","11":"tag-crecimiento-economico","12":"tag-desigualdad","13":"tag-distribucion-de-la-renta","14":"tag-economia-global","15":"tag-estados-unidos","16":"tag-globalizacion","17":"tag-politica-internacional"},"acf":[],"yoast_head":"<!-- This site is optimized with the Yoast SEO plugin v27.4 - https:\/\/yoast.com\/product\/yoast-seo-wordpress\/ -->\n<title>Mandeville a la inversa: la desigualdad en el mundo - FRP Gaceta<\/title>\n<meta name=\"robots\" content=\"index, follow, max-snippet:-1, max-image-preview:large, max-video-preview:-1\" \/>\n<link rel=\"canonical\" href=\"https:\/\/frdelpino.es\/actualidad\/desigualdad-global-milanovic-mandeville-inversa\/\" \/>\n<meta property=\"og:locale\" content=\"es_ES\" \/>\n<meta property=\"og:type\" content=\"article\" \/>\n<meta property=\"og:title\" content=\"Mandeville a la inversa: la desigualdad en el mundo - FRP Gaceta\" \/>\n<meta property=\"og:description\" content=\"Bernard Mandeville escribi\u00f3 en el siglo XVIII que los vicios privados, cuando se regulan, se convierten en virtudes p\u00fablicas. El inter\u00e9s ego\u00edsta de cada uno, sometido a normas, produce beneficios para todos. Adam Smith tom\u00f3 la idea, la critic\u00f3, la refin\u00f3. Y sobre ella se construy\u00f3 buena parte del pensamiento econ\u00f3mico moderno. Branko Milanovic, economista [&hellip;]\" \/>\n<meta property=\"og:url\" content=\"https:\/\/frdelpino.es\/actualidad\/desigualdad-global-milanovic-mandeville-inversa\/\" \/>\n<meta property=\"og:site_name\" content=\"FRP Gaceta\" \/>\n<meta property=\"article:publisher\" content=\"https:\/\/www.facebook.com\/frdelpino\" \/>\n<meta property=\"article:published_time\" content=\"2026-04-27T10:53:59+00:00\" \/>\n<meta property=\"article:modified_time\" content=\"2026-04-27T11:22:32+00:00\" \/>\n<meta property=\"og:image\" content=\"https:\/\/frdelpino.es\/actualidad\/wp-content\/uploads\/2026\/04\/AdobeStock_1368706003_bj.jpg\" \/>\n\t<meta property=\"og:image:width\" content=\"1920\" \/>\n\t<meta property=\"og:image:height\" content=\"1080\" \/>\n\t<meta property=\"og:image:type\" content=\"image\/jpeg\" \/>\n<meta name=\"author\" content=\"Carlota Taboada\" \/>\n<meta name=\"twitter:card\" content=\"summary_large_image\" \/>\n<meta name=\"twitter:creator\" content=\"@frdelpino\" \/>\n<meta name=\"twitter:site\" content=\"@frdelpino\" \/>\n<meta name=\"twitter:label1\" content=\"Escrito por\" \/>\n\t<meta name=\"twitter:data1\" content=\"Carlota Taboada\" \/>\n\t<meta name=\"twitter:label2\" content=\"Tiempo de lectura\" \/>\n\t<meta name=\"twitter:data2\" content=\"7 minutos\" \/>\n<script type=\"application\/ld+json\" class=\"yoast-schema-graph\">{\"@context\":\"https:\\\/\\\/schema.org\",\"@graph\":[{\"@type\":\"Article\",\"@id\":\"https:\\\/\\\/frdelpino.es\\\/actualidad\\\/desigualdad-global-milanovic-mandeville-inversa\\\/#article\",\"isPartOf\":{\"@id\":\"https:\\\/\\\/frdelpino.es\\\/actualidad\\\/desigualdad-global-milanovic-mandeville-inversa\\\/\"},\"author\":{\"name\":\"Carlota Taboada\",\"@id\":\"https:\\\/\\\/frdelpino.es\\\/actualidad\\\/#\\\/schema\\\/person\\\/5b3e77df61158f3160fedebdf5407d86\"},\"headline\":\"Mandeville a la inversa: la desigualdad en el mundo\",\"datePublished\":\"2026-04-27T10:53:59+00:00\",\"dateModified\":\"2026-04-27T11:22:32+00:00\",\"mainEntityOfPage\":{\"@id\":\"https:\\\/\\\/frdelpino.es\\\/actualidad\\\/desigualdad-global-milanovic-mandeville-inversa\\\/\"},\"wordCount\":1565,\"image\":{\"@id\":\"https:\\\/\\\/frdelpino.es\\\/actualidad\\\/desigualdad-global-milanovic-mandeville-inversa\\\/#primaryimage\"},\"thumbnailUrl\":\"https:\\\/\\\/frdelpino.es\\\/actualidad\\\/wp-content\\\/uploads\\\/2026\\\/04\\\/AdobeStock_1368706003_bj.jpg\",\"keywords\":[\"Branko Milanovic\",\"China\",\"clase media global\",\"crecimiento econ\u00f3mico\",\"desigualdad\",\"distribuci\u00f3n de la renta\",\"econom\u00eda global\",\"estados unidos\",\"Globalizaci\u00f3n\",\"pol\u00edtica internacional\"],\"articleSection\":[\"Econom\u00eda y empresa\"],\"inLanguage\":\"es\"},{\"@type\":\"WebPage\",\"@id\":\"https:\\\/\\\/frdelpino.es\\\/actualidad\\\/desigualdad-global-milanovic-mandeville-inversa\\\/\",\"url\":\"https:\\\/\\\/frdelpino.es\\\/actualidad\\\/desigualdad-global-milanovic-mandeville-inversa\\\/\",\"name\":\"Mandeville a la inversa: la desigualdad en el mundo - FRP Gaceta\",\"isPartOf\":{\"@id\":\"https:\\\/\\\/frdelpino.es\\\/actualidad\\\/#website\"},\"primaryImageOfPage\":{\"@id\":\"https:\\\/\\\/frdelpino.es\\\/actualidad\\\/desigualdad-global-milanovic-mandeville-inversa\\\/#primaryimage\"},\"image\":{\"@id\":\"https:\\\/\\\/frdelpino.es\\\/actualidad\\\/desigualdad-global-milanovic-mandeville-inversa\\\/#primaryimage\"},\"thumbnailUrl\":\"https:\\\/\\\/frdelpino.es\\\/actualidad\\\/wp-content\\\/uploads\\\/2026\\\/04\\\/AdobeStock_1368706003_bj.jpg\",\"datePublished\":\"2026-04-27T10:53:59+00:00\",\"dateModified\":\"2026-04-27T11:22:32+00:00\",\"author\":{\"@id\":\"https:\\\/\\\/frdelpino.es\\\/actualidad\\\/#\\\/schema\\\/person\\\/5b3e77df61158f3160fedebdf5407d86\"},\"breadcrumb\":{\"@id\":\"https:\\\/\\\/frdelpino.es\\\/actualidad\\\/desigualdad-global-milanovic-mandeville-inversa\\\/#breadcrumb\"},\"inLanguage\":\"es\",\"potentialAction\":[{\"@type\":\"ReadAction\",\"target\":[\"https:\\\/\\\/frdelpino.es\\\/actualidad\\\/desigualdad-global-milanovic-mandeville-inversa\\\/\"]}]},{\"@type\":\"ImageObject\",\"inLanguage\":\"es\",\"@id\":\"https:\\\/\\\/frdelpino.es\\\/actualidad\\\/desigualdad-global-milanovic-mandeville-inversa\\\/#primaryimage\",\"url\":\"https:\\\/\\\/frdelpino.es\\\/actualidad\\\/wp-content\\\/uploads\\\/2026\\\/04\\\/AdobeStock_1368706003_bj.jpg\",\"contentUrl\":\"https:\\\/\\\/frdelpino.es\\\/actualidad\\\/wp-content\\\/uploads\\\/2026\\\/04\\\/AdobeStock_1368706003_bj.jpg\",\"width\":1920,\"height\":1080,\"caption\":\"Miniature figures representing the global elite standing atop a globe, while the crowd watches from below, symbolizing power inequality.\"},{\"@type\":\"BreadcrumbList\",\"@id\":\"https:\\\/\\\/frdelpino.es\\\/actualidad\\\/desigualdad-global-milanovic-mandeville-inversa\\\/#breadcrumb\",\"itemListElement\":[{\"@type\":\"ListItem\",\"position\":1,\"name\":\"Portada\",\"item\":\"https:\\\/\\\/frdelpino.es\\\/actualidad\\\/\"},{\"@type\":\"ListItem\",\"position\":2,\"name\":\"Mandeville a la inversa: la desigualdad en el mundo\"}]},{\"@type\":\"WebSite\",\"@id\":\"https:\\\/\\\/frdelpino.es\\\/actualidad\\\/#website\",\"url\":\"https:\\\/\\\/frdelpino.es\\\/actualidad\\\/\",\"name\":\"FRP Gaceta\",\"description\":\"Una iniciativa de la Fundaci\u00f3n Rafael del Pino\",\"potentialAction\":[{\"@type\":\"SearchAction\",\"target\":{\"@type\":\"EntryPoint\",\"urlTemplate\":\"https:\\\/\\\/frdelpino.es\\\/actualidad\\\/?s={search_term_string}\"},\"query-input\":{\"@type\":\"PropertyValueSpecification\",\"valueRequired\":true,\"valueName\":\"search_term_string\"}}],\"inLanguage\":\"es\"},{\"@type\":\"Person\",\"@id\":\"https:\\\/\\\/frdelpino.es\\\/actualidad\\\/#\\\/schema\\\/person\\\/5b3e77df61158f3160fedebdf5407d86\",\"name\":\"Carlota Taboada\",\"url\":\"https:\\\/\\\/frdelpino.es\\\/actualidad\\\/author\\\/ctaboada\\\/\"}]}<\/script>\n<!-- \/ Yoast SEO plugin. -->","yoast_head_json":{"title":"Mandeville a la inversa: la desigualdad en el mundo - FRP Gaceta","robots":{"index":"index","follow":"follow","max-snippet":"max-snippet:-1","max-image-preview":"max-image-preview:large","max-video-preview":"max-video-preview:-1"},"canonical":"https:\/\/frdelpino.es\/actualidad\/desigualdad-global-milanovic-mandeville-inversa\/","og_locale":"es_ES","og_type":"article","og_title":"Mandeville a la inversa: la desigualdad en el mundo - FRP Gaceta","og_description":"Bernard Mandeville escribi\u00f3 en el siglo XVIII que los vicios privados, cuando se regulan, se convierten en virtudes p\u00fablicas. El inter\u00e9s ego\u00edsta de cada uno, sometido a normas, produce beneficios para todos. Adam Smith tom\u00f3 la idea, la critic\u00f3, la refin\u00f3. Y sobre ella se construy\u00f3 buena parte del pensamiento econ\u00f3mico moderno. Branko Milanovic, economista [&hellip;]","og_url":"https:\/\/frdelpino.es\/actualidad\/desigualdad-global-milanovic-mandeville-inversa\/","og_site_name":"FRP Gaceta","article_publisher":"https:\/\/www.facebook.com\/frdelpino","article_published_time":"2026-04-27T10:53:59+00:00","article_modified_time":"2026-04-27T11:22:32+00:00","og_image":[{"width":1920,"height":1080,"url":"https:\/\/frdelpino.es\/actualidad\/wp-content\/uploads\/2026\/04\/AdobeStock_1368706003_bj.jpg","type":"image\/jpeg"}],"author":"Carlota Taboada","twitter_card":"summary_large_image","twitter_creator":"@frdelpino","twitter_site":"@frdelpino","twitter_misc":{"Escrito por":"Carlota Taboada","Tiempo de lectura":"7 minutos"},"schema":{"@context":"https:\/\/schema.org","@graph":[{"@type":"Article","@id":"https:\/\/frdelpino.es\/actualidad\/desigualdad-global-milanovic-mandeville-inversa\/#article","isPartOf":{"@id":"https:\/\/frdelpino.es\/actualidad\/desigualdad-global-milanovic-mandeville-inversa\/"},"author":{"name":"Carlota Taboada","@id":"https:\/\/frdelpino.es\/actualidad\/#\/schema\/person\/5b3e77df61158f3160fedebdf5407d86"},"headline":"Mandeville a la inversa: la desigualdad en el mundo","datePublished":"2026-04-27T10:53:59+00:00","dateModified":"2026-04-27T11:22:32+00:00","mainEntityOfPage":{"@id":"https:\/\/frdelpino.es\/actualidad\/desigualdad-global-milanovic-mandeville-inversa\/"},"wordCount":1565,"image":{"@id":"https:\/\/frdelpino.es\/actualidad\/desigualdad-global-milanovic-mandeville-inversa\/#primaryimage"},"thumbnailUrl":"https:\/\/frdelpino.es\/actualidad\/wp-content\/uploads\/2026\/04\/AdobeStock_1368706003_bj.jpg","keywords":["Branko Milanovic","China","clase media global","crecimiento econ\u00f3mico","desigualdad","distribuci\u00f3n de la renta","econom\u00eda global","estados unidos","Globalizaci\u00f3n","pol\u00edtica internacional"],"articleSection":["Econom\u00eda y empresa"],"inLanguage":"es"},{"@type":"WebPage","@id":"https:\/\/frdelpino.es\/actualidad\/desigualdad-global-milanovic-mandeville-inversa\/","url":"https:\/\/frdelpino.es\/actualidad\/desigualdad-global-milanovic-mandeville-inversa\/","name":"Mandeville a la inversa: la desigualdad en el mundo - FRP Gaceta","isPartOf":{"@id":"https:\/\/frdelpino.es\/actualidad\/#website"},"primaryImageOfPage":{"@id":"https:\/\/frdelpino.es\/actualidad\/desigualdad-global-milanovic-mandeville-inversa\/#primaryimage"},"image":{"@id":"https:\/\/frdelpino.es\/actualidad\/desigualdad-global-milanovic-mandeville-inversa\/#primaryimage"},"thumbnailUrl":"https:\/\/frdelpino.es\/actualidad\/wp-content\/uploads\/2026\/04\/AdobeStock_1368706003_bj.jpg","datePublished":"2026-04-27T10:53:59+00:00","dateModified":"2026-04-27T11:22:32+00:00","author":{"@id":"https:\/\/frdelpino.es\/actualidad\/#\/schema\/person\/5b3e77df61158f3160fedebdf5407d86"},"breadcrumb":{"@id":"https:\/\/frdelpino.es\/actualidad\/desigualdad-global-milanovic-mandeville-inversa\/#breadcrumb"},"inLanguage":"es","potentialAction":[{"@type":"ReadAction","target":["https:\/\/frdelpino.es\/actualidad\/desigualdad-global-milanovic-mandeville-inversa\/"]}]},{"@type":"ImageObject","inLanguage":"es","@id":"https:\/\/frdelpino.es\/actualidad\/desigualdad-global-milanovic-mandeville-inversa\/#primaryimage","url":"https:\/\/frdelpino.es\/actualidad\/wp-content\/uploads\/2026\/04\/AdobeStock_1368706003_bj.jpg","contentUrl":"https:\/\/frdelpino.es\/actualidad\/wp-content\/uploads\/2026\/04\/AdobeStock_1368706003_bj.jpg","width":1920,"height":1080,"caption":"Miniature figures representing the global elite standing atop a globe, while the crowd watches from below, symbolizing power inequality."},{"@type":"BreadcrumbList","@id":"https:\/\/frdelpino.es\/actualidad\/desigualdad-global-milanovic-mandeville-inversa\/#breadcrumb","itemListElement":[{"@type":"ListItem","position":1,"name":"Portada","item":"https:\/\/frdelpino.es\/actualidad\/"},{"@type":"ListItem","position":2,"name":"Mandeville a la inversa: la desigualdad en el mundo"}]},{"@type":"WebSite","@id":"https:\/\/frdelpino.es\/actualidad\/#website","url":"https:\/\/frdelpino.es\/actualidad\/","name":"FRP Gaceta","description":"Una iniciativa de la Fundaci\u00f3n Rafael del Pino","potentialAction":[{"@type":"SearchAction","target":{"@type":"EntryPoint","urlTemplate":"https:\/\/frdelpino.es\/actualidad\/?s={search_term_string}"},"query-input":{"@type":"PropertyValueSpecification","valueRequired":true,"valueName":"search_term_string"}}],"inLanguage":"es"},{"@type":"Person","@id":"https:\/\/frdelpino.es\/actualidad\/#\/schema\/person\/5b3e77df61158f3160fedebdf5407d86","name":"Carlota Taboada","url":"https:\/\/frdelpino.es\/actualidad\/author\/ctaboada\/"}]}},"_links":{"self":[{"href":"https:\/\/frdelpino.es\/actualidad\/wp-json\/wp\/v2\/posts\/5920","targetHints":{"allow":["GET"]}}],"collection":[{"href":"https:\/\/frdelpino.es\/actualidad\/wp-json\/wp\/v2\/posts"}],"about":[{"href":"https:\/\/frdelpino.es\/actualidad\/wp-json\/wp\/v2\/types\/post"}],"author":[{"embeddable":true,"href":"https:\/\/frdelpino.es\/actualidad\/wp-json\/wp\/v2\/users\/5"}],"replies":[{"embeddable":true,"href":"https:\/\/frdelpino.es\/actualidad\/wp-json\/wp\/v2\/comments?post=5920"}],"version-history":[{"count":2,"href":"https:\/\/frdelpino.es\/actualidad\/wp-json\/wp\/v2\/posts\/5920\/revisions"}],"predecessor-version":[{"id":5927,"href":"https:\/\/frdelpino.es\/actualidad\/wp-json\/wp\/v2\/posts\/5920\/revisions\/5927"}],"wp:featuredmedia":[{"embeddable":true,"href":"https:\/\/frdelpino.es\/actualidad\/wp-json\/wp\/v2\/media\/5922"}],"wp:attachment":[{"href":"https:\/\/frdelpino.es\/actualidad\/wp-json\/wp\/v2\/media?parent=5920"}],"wp:term":[{"taxonomy":"category","embeddable":true,"href":"https:\/\/frdelpino.es\/actualidad\/wp-json\/wp\/v2\/categories?post=5920"},{"taxonomy":"post_tag","embeddable":true,"href":"https:\/\/frdelpino.es\/actualidad\/wp-json\/wp\/v2\/tags?post=5920"}],"curies":[{"name":"wp","href":"https:\/\/api.w.org\/{rel}","templated":true}]}}