{"id":5928,"date":"2026-04-27T13:35:11","date_gmt":"2026-04-27T11:35:11","guid":{"rendered":"https:\/\/frdelpino.es\/actualidad\/?p=5928"},"modified":"2026-04-27T13:35:11","modified_gmt":"2026-04-27T11:35:11","slug":"energia-poder-autonomia-estrategica-espana","status":"publish","type":"post","link":"https:\/\/frdelpino.es\/actualidad\/energia-poder-autonomia-estrategica-espana\/","title":{"rendered":"Energ\u00eda, poder y autonom\u00eda estrat\u00e9gica"},"content":{"rendered":"<p style=\"text-align: justify;\" data-start=\"174\" data-end=\"506\">Henry Kissinger lo dijo con esa claridad meridiana propia de quien conoce los mecanismos del poder: controla el petr\u00f3leo y controlar\u00e1s las naciones. La frase ya tiene medio siglo, pero su vigencia actual resulta aterradora. No hay m\u00e1s que ver lo que est\u00e1 sucediendo a ra\u00edz de la guerra de Ir\u00e1n para comprenderlo en toda su magnitud.<\/p>\n<h3 style=\"text-align: justify;\" data-section-id=\"1a68ku5\" data-start=\"508\" data-end=\"562\">El estrecho de Ormuz y el riesgo energ\u00e9tico global<\/h3>\n<p style=\"text-align: justify;\" data-start=\"564\" data-end=\"1449\">Occidente siempre temi\u00f3 que un conflicto en Oriente Medio pudiera cerrar el estrecho de Ormuz, ese estrecho pasillo mar\u00edtimo entre Ir\u00e1n y la pen\u00ednsula ar\u00e1biga por el que transita el 20% del petr\u00f3leo que se consume en el mundo y el 30% del gas natural. La interrupci\u00f3n de ese flujo de energ\u00eda supone un grave problema para las econom\u00edas occidentales, para China y para muchos otros pa\u00edses. Ese temor ahora se ha materializado. El estrecho de Ormuz no se ha cerrado, porque a los iran\u00edes no les ha hecho falta bloquearlo. Les ha bastado con suscitar el temor de las aseguradoras a unas posibles p\u00e9rdidas multimillonarias para que las compa\u00f1\u00edas de seguros mar\u00edtimos hayan dejado de cubrir a los barcos que lo cruzan. En consecuencia, ning\u00fan nav\u00edo se atreve a pasar por ah\u00ed, con lo que el efecto que han conseguido los iran\u00edes es el mismo que si hubieran bloqueado f\u00edsicamente el estrecho.<\/p>\n<h3 style=\"text-align: justify;\" data-section-id=\"1prhlu5\" data-start=\"1451\" data-end=\"1493\">Oriente Medio como tablero geopol\u00edtico<\/h3>\n<p style=\"text-align: justify;\" data-start=\"1495\" data-end=\"2230\">Para poder entender mejor lo que sucede y sus implicaciones, <span style=\"color: #008080;\"><strong>Jos\u00e9 Luis Moreno<\/strong><\/span>, profesor de la Universidad Francisco de Vitoria y autor de Geoeconom\u00eda Estrat\u00e9gica, sit\u00faa el conflicto en su contexto real. Lo que ocurre en Oriente Medio, indica, es un combate entre China y Estados Unidos, en el que el estrecho de Ormuz se ha convertido en el tablero sobre el que se disputa esta partida. En ella, Ir\u00e1n act\u00faa como socio estrat\u00e9gico de Pek\u00edn y Mosc\u00fa, con Venezuela que completaba el eje. \u00bfQu\u00e9 hace Europa mientras tanto? Pues, en vez de afrontar la realidad, se dedica a discutir sobre transiciones verdes y neutralidad de carbono. As\u00ed es que mientras esta batalla se libra con petr\u00f3leo, Europa acude a ella armada tan solo con esl\u00f3ganes.<\/p>\n<h3 style=\"text-align: justify;\" data-section-id=\"1gnb9e3\" data-start=\"2232\" data-end=\"2274\">La amenaza iran\u00ed y la realidad nuclear<\/h3>\n<p style=\"text-align: justify;\" data-start=\"2276\" data-end=\"3009\">Quienes est\u00e1n en contra de esta guerra dicen que Ir\u00e1n no supon\u00eda amenaza alguna para Estados Unidos. <span style=\"color: #008080;\"><strong>Daniel Lacalle<\/strong><\/span>, economista jefe de Tressis, sin embargo, desmonta la propaganda antiamericana con datos. En este sentido, Lacalle recuerda que el ayatol\u00e1 Jamenei lo dej\u00f3 claro en el Parlamento iran\u00ed: muerte a Am\u00e9rica no es un eslogan, es una pol\u00edtica. La Agencia Internacional de la Energ\u00eda At\u00f3mica, adem\u00e1s, certific\u00f3 que Ir\u00e1n hab\u00eda enriquecido m\u00e1s de 400 kilos de uranio al 60%. El uso civil requiere un enriquecimiento de tan solo el 4%. Cuando es del 60%, su prop\u00f3sito es militar. Por tanto, los datos estaban ah\u00ed, pero nadie quiso verlos, con lo que ahora tenemos que pagar la onerosa factura que pasa esa ingenuidad deliberada.<\/p>\n<h3 style=\"text-align: justify;\" data-section-id=\"171qilp\" data-start=\"3011\" data-end=\"3060\">El declive del petr\u00f3leo como arma geopol\u00edtica<\/h3>\n<p style=\"text-align: justify;\" data-start=\"3062\" data-end=\"3954\">De todas formas, el petr\u00f3leo ya no es el arma geopol\u00edtica de anta\u00f1o, sostiene Lacalle. En 2008, cuando el barril toc\u00f3 los 140 d\u00f3lares, Estados Unidos produc\u00eda 5 millones de barriles diarios. Hoy produce 13,8 millones. En gas natural pas\u00f3 de 150 millones de BTUs a casi 1.000 millones. En consecuencia, Estados Unidos se ha vuelto independiente en materia de energ\u00eda. Adem\u00e1s, la OPEP es enemiga de Ir\u00e1n, con la excepci\u00f3n de Venezuela, y lleva meses aumentando la producci\u00f3n de crudo. Por tanto, el arma energ\u00e9tica est\u00e1 perdiendo su capacidad de infligir dolor econ\u00f3mico y social para quienes han sabido adaptarse. Por desgracia, ese no es el caso de Europa y, mucho menos, de Espa\u00f1a. Claro que la perdida de potencia del arma energ\u00e9tica lo ser\u00e1 siempre y cuando Ir\u00e1n no destruya instalaciones e infraestructuras vitales para la extracci\u00f3n y transporte de petr\u00f3leo y gas desde el Golfo P\u00e9rsico.<\/p>\n<h3 style=\"text-align: justify;\" data-section-id=\"t1m7mo\" data-start=\"3956\" data-end=\"4007\">Espa\u00f1a y el deterioro de su posici\u00f3n energ\u00e9tica<\/h3>\n<p style=\"text-align: justify;\" data-start=\"4009\" data-end=\"4762\">Pero volviendo al caso de Espa\u00f1a, Moreno aporta un dato demoledor. Nuestro pa\u00eds ha empeorado su posici\u00f3n en el \u00e1mbito energ\u00e9tico desde 2019. Desde entonces, hemos pasado de depender de Rusia y Argelia a hacerlo de Rusia, China y Estados Unidos. Y, adem\u00e1s, nos hemos peleado diplom\u00e1ticamente con los tres proveedores alternativos: Argelia, Israel y Estados Unidos. De hecho, nuestro gobierno, que es el que m\u00e1s habla de Ucrania, resulta que luego es el quinto mayor importador de gas natural licuado ruso, con lo que da a Rusia recursos econ\u00f3micos con los que seguir financiando la guerra contra Ucrania. Solo un bur\u00f3crata puede conseguir semejante haza\u00f1a, sentencia Lacalle. Y como la incoherencia tiene consecuencias, seguramente vamos a verlas pronto.<\/p>\n<h3 style=\"text-align: justify;\" data-section-id=\"11h1bvw\" data-start=\"4764\" data-end=\"4811\">La falsa independencia energ\u00e9tica renovable<\/h3>\n<p style=\"text-align: justify;\" data-start=\"4813\" data-end=\"5444\">El gobierno trata de negar la mayor en este sentido. Recientemente, la ministra de Transici\u00f3n Ecol\u00f3gica ha dicho que el sol y el viento no se frenan en el estrecho de Ormuz. Cierto. El problema es lo que apunta Lacalle al respecto. Se trata de que el 80% de los paneles solares viene de China. O de que los rotores e\u00f3licos necesitan cobre, litio, tierras raras. Todo esto Espa\u00f1a tiene que importarlo. Por tanto, la dependencia energ\u00e9tica, lejos de disminuir, se ha incrementado. Lo \u00fanico que ha cambiado es su origen y el nuevo proveedor es el mismo pa\u00eds que alimenta a Ir\u00e1n. Kissinger sonreir\u00eda ante tama\u00f1a ingenuidad estrat\u00e9gica.<\/p>\n<h3 style=\"text-align: justify;\" data-section-id=\"19ra1h3\" data-start=\"5446\" data-end=\"5509\">Impacto econ\u00f3mico: inflaci\u00f3n y p\u00e9rdida de poder adquisitivo<\/h3>\n<p style=\"text-align: justify;\" data-start=\"5511\" data-end=\"6146\">Las consecuencias para Espa\u00f1a podr\u00edan resultar bastante duras. Lacalle aporta los datos en este sentido. La inflaci\u00f3n espa\u00f1ola ya triplica la francesa, supera la alemana en medio punto y duplica la italiana. Y no es solo cuesti\u00f3n de la gasolina. Los fertilizantes suben, el pl\u00e1stico sube, los envases suben, el transporte sube. En consecuencia, la cesta de la compra puede encarecerse entre un 7% y un 11% este a\u00f1o, as\u00ed es que todos nos volveremos m\u00e1s pobres. Por supuesto, el crecimiento econ\u00f3mico y el empleo lo notar\u00e1n. As\u00ed es que volvemos a los tiempos de la guerra de Ucrania, solo que ahora estamos en peor posici\u00f3n que entonces.<\/p>\n<h3 style=\"text-align: justify;\" data-section-id=\"1bopguc\" data-start=\"6148\" data-end=\"6201\">Recursos desaprovechados y decisiones energ\u00e9ticas<\/h3>\n<p style=\"text-align: justify;\" data-start=\"6203\" data-end=\"6762\">Lo triste es que Espa\u00f1a no tendr\u00eda por qu\u00e9 verse en esta tesitura. Moreno recuerda que nuestro pa\u00eds tiene uranio y litio, pero est\u00e1 prohibido extraerlos. Podr\u00edamos vivir de la energ\u00eda nuclear y tenemos una situaci\u00f3n s\u00edsmica estable, pero cerramos centrales nucleares mientras Francia, Reino Unido y Alemania las ampl\u00edan o las reabren. Cortar el suministro de electricidad a la industria se ha convertido en norma. Estamos en unos juegos del hambre por la energ\u00eda: o hay para los centros de datos o hay para las viviendas. Este es el pa\u00eds que hemos construido.<\/p>\n<h3 style=\"text-align: justify;\" data-section-id=\"6gwovj\" data-start=\"6764\" data-end=\"6814\">China y el control de las cadenas estrat\u00e9gicas<\/h3>\n<p style=\"text-align: justify;\" data-start=\"6816\" data-end=\"7447\">La geopol\u00edtica tambi\u00e9n pasa factura. China no tiene aliados, advierte Lacalle: tiene clientes y deudores. Xi Jinping fue mochilero en Madrid, recuerda Moreno. Conoce el pa\u00eds. Sabe que se lo ponemos f\u00e1cil. Compra empresas. Compra minas en Galicia. Los coches el\u00e9ctricos chinos reciben subvenciones europeas. Los fondos Next Generation financian la destrucci\u00f3n de nuestra industria automovil\u00edstica. Lo mismo pas\u00f3 con los paneles solares. Lo mismo pasa con las bater\u00edas. China controla los imanes. Sin imanes no hay bater\u00edas. Controla las tierras raras. Controla el litio. Controla, en definitiva, las naciones. Kissinger ten\u00eda raz\u00f3n.<\/p>\n<h3 style=\"text-align: justify;\" data-section-id=\"jen6ws\" data-start=\"7449\" data-end=\"7497\">Alianzas estrat\u00e9gicas y seguridad energ\u00e9tica<\/h3>\n<p style=\"text-align: justify;\" data-start=\"7499\" data-end=\"8031\">Espa\u00f1a no puede ganar en una alianza con China, Rusia e Ir\u00e1n, concluye Lacalle. Son reg\u00edmenes extractivos. Entran, se llevan lo que quieren y se marchan. Funcionan como una tribu vikinga. Por eso, el pr\u00f3ximo gobierno tendr\u00e1 que recomponer las relaciones con Estados Unidos e Israel. No es cuesti\u00f3n de simpat\u00edas, es cuesti\u00f3n de supervivencia. La p\u00e9rdida de confianza con Washington no afecta solo a una administraci\u00f3n. Afecta a Estados Unidos como sistema. Y ese sistema es el \u00fanico que puede garantizar nuestra seguridad energ\u00e9tica.<\/p>\n<h3 style=\"text-align: justify;\" data-section-id=\"13wa4zm\" data-start=\"8033\" data-end=\"8072\">Conclusi\u00f3n: energ\u00eda, poder y futuro<\/h3>\n<p style=\"text-align: justify;\" data-start=\"8074\" data-end=\"8346\">Kissinger escribi\u00f3 que quien controla el petr\u00f3leo controla las naciones. Espa\u00f1a ha decidido no controlar nada. Ni su energ\u00eda, ni sus alianzas, ni su futuro. Mientras tanto, paga la factura de haberse puesto del lado equivocado. Cuando despierte, quiz\u00e1 sea demasiado tarde.<\/p>\n<p style=\"text-align: right;\"><a href=\"https:\/\/frdelpino.es\/canalfrp\/video-frdelpino\/geoeconomia-estrategica-economia-y-poder-en-el-siglo-xxi\/\"><span style=\"color: #008080;\">Acceda al documento completo<\/span><\/a><\/p>\n<h6 style=\"text-align: justify;\">\u201cLa Fundaci\u00f3n Rafael del Pino no se hace responsable de los comentarios, opiniones o manifestaciones realizados por las personas que participan en sus actividades y que son expresadas como resultado de su derecho inalienable a la libertad de expresi\u00f3n y bajo su entera responsabilidad. Los contenidos incluidos en el presente resumen, realizado para la Fundaci\u00f3n Rafael del Pino por Emilio J. Gonz\u00e1lez, son resultado de los debates mantenidos en el encuentro realizado al efecto en la Fundaci\u00f3n y son responsabilidad de sus autores.\u201d<\/h6>\n","protected":false},"excerpt":{"rendered":"<p>Henry Kissinger lo dijo con esa claridad meridiana propia de quien conoce los mecanismos del poder: controla el petr\u00f3leo y controlar\u00e1s las naciones. La frase ya tiene medio siglo, pero su vigencia actual resulta aterradora. No hay m\u00e1s que ver lo que est\u00e1 sucediendo a ra\u00edz de la guerra de Ir\u00e1n para comprenderlo en toda [&hellip;]<\/p>\n","protected":false},"author":5,"featured_media":5929,"comment_status":"closed","ping_status":"closed","sticky":false,"template":"","format":"standard","meta":{"_acf_changed":false,"footnotes":""},"categories":[4],"tags":[437,185,30,31,121,439,35,263,438,440,176],"class_list":{"0":"post-5928","1":"post","2":"type-post","3":"status-publish","4":"format-standard","5":"has-post-thumbnail","7":"category-economia_y_empresa","8":"tag-autonomia-energetica","9":"tag-china","11":"tag-espana","12":"tag-estados-unidos","13":"tag-gas","14":"tag-geopolitica","15":"tag-inflacion","16":"tag-petroleo","17":"tag-seguridad-energetica","18":"tag-transicion-energetica"},"acf":[],"yoast_head":"<!-- This site is optimized with the Yoast SEO plugin v27.4 - https:\/\/yoast.com\/product\/yoast-seo-wordpress\/ -->\n<title>Energ\u00eda, poder y autonom\u00eda estrat\u00e9gica - FRP Gaceta<\/title>\n<meta name=\"robots\" content=\"index, follow, max-snippet:-1, max-image-preview:large, max-video-preview:-1\" \/>\n<link rel=\"canonical\" href=\"https:\/\/frdelpino.es\/actualidad\/energia-poder-autonomia-estrategica-espana\/\" \/>\n<meta property=\"og:locale\" content=\"es_ES\" \/>\n<meta property=\"og:type\" content=\"article\" \/>\n<meta property=\"og:title\" content=\"Energ\u00eda, poder y autonom\u00eda estrat\u00e9gica - FRP Gaceta\" \/>\n<meta property=\"og:description\" content=\"Henry Kissinger lo dijo con esa claridad meridiana propia de quien conoce los mecanismos del poder: controla el petr\u00f3leo y controlar\u00e1s las naciones. La frase ya tiene medio siglo, pero su vigencia actual resulta aterradora. No hay m\u00e1s que ver lo que est\u00e1 sucediendo a ra\u00edz de la guerra de Ir\u00e1n para comprenderlo en toda [&hellip;]\" \/>\n<meta property=\"og:url\" content=\"https:\/\/frdelpino.es\/actualidad\/energia-poder-autonomia-estrategica-espana\/\" \/>\n<meta property=\"og:site_name\" content=\"FRP Gaceta\" \/>\n<meta property=\"article:publisher\" content=\"https:\/\/www.facebook.com\/frdelpino\" \/>\n<meta property=\"article:published_time\" content=\"2026-04-27T11:35:11+00:00\" \/>\n<meta property=\"og:image\" content=\"https:\/\/frdelpino.es\/actualidad\/wp-content\/uploads\/2026\/04\/AdobeStock_1972484507_bj.jpg\" \/>\n\t<meta property=\"og:image:width\" content=\"1920\" \/>\n\t<meta property=\"og:image:height\" content=\"1080\" \/>\n\t<meta property=\"og:image:type\" content=\"image\/jpeg\" \/>\n<meta name=\"author\" content=\"Carlota Taboada\" \/>\n<meta name=\"twitter:card\" content=\"summary_large_image\" \/>\n<meta name=\"twitter:creator\" content=\"@frdelpino\" \/>\n<meta name=\"twitter:site\" content=\"@frdelpino\" \/>\n<meta name=\"twitter:label1\" content=\"Escrito por\" \/>\n\t<meta name=\"twitter:data1\" content=\"Carlota Taboada\" \/>\n\t<meta name=\"twitter:label2\" content=\"Tiempo de lectura\" \/>\n\t<meta name=\"twitter:data2\" content=\"7 minutos\" \/>\n<script type=\"application\/ld+json\" class=\"yoast-schema-graph\">{\"@context\":\"https:\\\/\\\/schema.org\",\"@graph\":[{\"@type\":\"Article\",\"@id\":\"https:\\\/\\\/frdelpino.es\\\/actualidad\\\/energia-poder-autonomia-estrategica-espana\\\/#article\",\"isPartOf\":{\"@id\":\"https:\\\/\\\/frdelpino.es\\\/actualidad\\\/energia-poder-autonomia-estrategica-espana\\\/\"},\"author\":{\"name\":\"Carlota Taboada\",\"@id\":\"https:\\\/\\\/frdelpino.es\\\/actualidad\\\/#\\\/schema\\\/person\\\/5b3e77df61158f3160fedebdf5407d86\"},\"headline\":\"Energ\u00eda, poder y autonom\u00eda estrat\u00e9gica\",\"datePublished\":\"2026-04-27T11:35:11+00:00\",\"mainEntityOfPage\":{\"@id\":\"https:\\\/\\\/frdelpino.es\\\/actualidad\\\/energia-poder-autonomia-estrategica-espana\\\/\"},\"wordCount\":1556,\"image\":{\"@id\":\"https:\\\/\\\/frdelpino.es\\\/actualidad\\\/energia-poder-autonomia-estrategica-espana\\\/#primaryimage\"},\"thumbnailUrl\":\"https:\\\/\\\/frdelpino.es\\\/actualidad\\\/wp-content\\\/uploads\\\/2026\\\/04\\\/AdobeStock_1972484507_bj.jpg\",\"keywords\":[\"autonom\u00eda energ\u00e9tica\",\"China\",\"energ\u00eda\",\"espa\u00f1a\",\"estados unidos\",\"gas\",\"geopol\u00edtica\",\"inflaci\u00f3n\",\"petr\u00f3leo\",\"seguridad energ\u00e9tica\",\"transici\u00f3n energ\u00e9tica\"],\"articleSection\":[\"Econom\u00eda y empresa\"],\"inLanguage\":\"es\"},{\"@type\":\"WebPage\",\"@id\":\"https:\\\/\\\/frdelpino.es\\\/actualidad\\\/energia-poder-autonomia-estrategica-espana\\\/\",\"url\":\"https:\\\/\\\/frdelpino.es\\\/actualidad\\\/energia-poder-autonomia-estrategica-espana\\\/\",\"name\":\"Energ\u00eda, poder y autonom\u00eda estrat\u00e9gica - FRP Gaceta\",\"isPartOf\":{\"@id\":\"https:\\\/\\\/frdelpino.es\\\/actualidad\\\/#website\"},\"primaryImageOfPage\":{\"@id\":\"https:\\\/\\\/frdelpino.es\\\/actualidad\\\/energia-poder-autonomia-estrategica-espana\\\/#primaryimage\"},\"image\":{\"@id\":\"https:\\\/\\\/frdelpino.es\\\/actualidad\\\/energia-poder-autonomia-estrategica-espana\\\/#primaryimage\"},\"thumbnailUrl\":\"https:\\\/\\\/frdelpino.es\\\/actualidad\\\/wp-content\\\/uploads\\\/2026\\\/04\\\/AdobeStock_1972484507_bj.jpg\",\"datePublished\":\"2026-04-27T11:35:11+00:00\",\"author\":{\"@id\":\"https:\\\/\\\/frdelpino.es\\\/actualidad\\\/#\\\/schema\\\/person\\\/5b3e77df61158f3160fedebdf5407d86\"},\"breadcrumb\":{\"@id\":\"https:\\\/\\\/frdelpino.es\\\/actualidad\\\/energia-poder-autonomia-estrategica-espana\\\/#breadcrumb\"},\"inLanguage\":\"es\",\"potentialAction\":[{\"@type\":\"ReadAction\",\"target\":[\"https:\\\/\\\/frdelpino.es\\\/actualidad\\\/energia-poder-autonomia-estrategica-espana\\\/\"]}]},{\"@type\":\"ImageObject\",\"inLanguage\":\"es\",\"@id\":\"https:\\\/\\\/frdelpino.es\\\/actualidad\\\/energia-poder-autonomia-estrategica-espana\\\/#primaryimage\",\"url\":\"https:\\\/\\\/frdelpino.es\\\/actualidad\\\/wp-content\\\/uploads\\\/2026\\\/04\\\/AdobeStock_1972484507_bj.jpg\",\"contentUrl\":\"https:\\\/\\\/frdelpino.es\\\/actualidad\\\/wp-content\\\/uploads\\\/2026\\\/04\\\/AdobeStock_1972484507_bj.jpg\",\"width\":1920,\"height\":1080,\"caption\":\"Conceptual image of rising airfare driven by higher fuel prices, with an airplane silhouette above stacked coins and an upward red graph line against a blurred city background.\"},{\"@type\":\"BreadcrumbList\",\"@id\":\"https:\\\/\\\/frdelpino.es\\\/actualidad\\\/energia-poder-autonomia-estrategica-espana\\\/#breadcrumb\",\"itemListElement\":[{\"@type\":\"ListItem\",\"position\":1,\"name\":\"Portada\",\"item\":\"https:\\\/\\\/frdelpino.es\\\/actualidad\\\/\"},{\"@type\":\"ListItem\",\"position\":2,\"name\":\"Energ\u00eda, poder y autonom\u00eda estrat\u00e9gica\"}]},{\"@type\":\"WebSite\",\"@id\":\"https:\\\/\\\/frdelpino.es\\\/actualidad\\\/#website\",\"url\":\"https:\\\/\\\/frdelpino.es\\\/actualidad\\\/\",\"name\":\"FRP Gaceta\",\"description\":\"Una iniciativa de la Fundaci\u00f3n Rafael del Pino\",\"potentialAction\":[{\"@type\":\"SearchAction\",\"target\":{\"@type\":\"EntryPoint\",\"urlTemplate\":\"https:\\\/\\\/frdelpino.es\\\/actualidad\\\/?s={search_term_string}\"},\"query-input\":{\"@type\":\"PropertyValueSpecification\",\"valueRequired\":true,\"valueName\":\"search_term_string\"}}],\"inLanguage\":\"es\"},{\"@type\":\"Person\",\"@id\":\"https:\\\/\\\/frdelpino.es\\\/actualidad\\\/#\\\/schema\\\/person\\\/5b3e77df61158f3160fedebdf5407d86\",\"name\":\"Carlota Taboada\",\"url\":\"https:\\\/\\\/frdelpino.es\\\/actualidad\\\/author\\\/ctaboada\\\/\"}]}<\/script>\n<!-- \/ Yoast SEO plugin. -->","yoast_head_json":{"title":"Energ\u00eda, poder y autonom\u00eda estrat\u00e9gica - FRP Gaceta","robots":{"index":"index","follow":"follow","max-snippet":"max-snippet:-1","max-image-preview":"max-image-preview:large","max-video-preview":"max-video-preview:-1"},"canonical":"https:\/\/frdelpino.es\/actualidad\/energia-poder-autonomia-estrategica-espana\/","og_locale":"es_ES","og_type":"article","og_title":"Energ\u00eda, poder y autonom\u00eda estrat\u00e9gica - FRP Gaceta","og_description":"Henry Kissinger lo dijo con esa claridad meridiana propia de quien conoce los mecanismos del poder: controla el petr\u00f3leo y controlar\u00e1s las naciones. La frase ya tiene medio siglo, pero su vigencia actual resulta aterradora. No hay m\u00e1s que ver lo que est\u00e1 sucediendo a ra\u00edz de la guerra de Ir\u00e1n para comprenderlo en toda [&hellip;]","og_url":"https:\/\/frdelpino.es\/actualidad\/energia-poder-autonomia-estrategica-espana\/","og_site_name":"FRP Gaceta","article_publisher":"https:\/\/www.facebook.com\/frdelpino","article_published_time":"2026-04-27T11:35:11+00:00","og_image":[{"width":1920,"height":1080,"url":"https:\/\/frdelpino.es\/actualidad\/wp-content\/uploads\/2026\/04\/AdobeStock_1972484507_bj.jpg","type":"image\/jpeg"}],"author":"Carlota Taboada","twitter_card":"summary_large_image","twitter_creator":"@frdelpino","twitter_site":"@frdelpino","twitter_misc":{"Escrito por":"Carlota Taboada","Tiempo de lectura":"7 minutos"},"schema":{"@context":"https:\/\/schema.org","@graph":[{"@type":"Article","@id":"https:\/\/frdelpino.es\/actualidad\/energia-poder-autonomia-estrategica-espana\/#article","isPartOf":{"@id":"https:\/\/frdelpino.es\/actualidad\/energia-poder-autonomia-estrategica-espana\/"},"author":{"name":"Carlota Taboada","@id":"https:\/\/frdelpino.es\/actualidad\/#\/schema\/person\/5b3e77df61158f3160fedebdf5407d86"},"headline":"Energ\u00eda, poder y autonom\u00eda estrat\u00e9gica","datePublished":"2026-04-27T11:35:11+00:00","mainEntityOfPage":{"@id":"https:\/\/frdelpino.es\/actualidad\/energia-poder-autonomia-estrategica-espana\/"},"wordCount":1556,"image":{"@id":"https:\/\/frdelpino.es\/actualidad\/energia-poder-autonomia-estrategica-espana\/#primaryimage"},"thumbnailUrl":"https:\/\/frdelpino.es\/actualidad\/wp-content\/uploads\/2026\/04\/AdobeStock_1972484507_bj.jpg","keywords":["autonom\u00eda energ\u00e9tica","China","energ\u00eda","espa\u00f1a","estados unidos","gas","geopol\u00edtica","inflaci\u00f3n","petr\u00f3leo","seguridad energ\u00e9tica","transici\u00f3n energ\u00e9tica"],"articleSection":["Econom\u00eda y empresa"],"inLanguage":"es"},{"@type":"WebPage","@id":"https:\/\/frdelpino.es\/actualidad\/energia-poder-autonomia-estrategica-espana\/","url":"https:\/\/frdelpino.es\/actualidad\/energia-poder-autonomia-estrategica-espana\/","name":"Energ\u00eda, poder y autonom\u00eda estrat\u00e9gica - FRP Gaceta","isPartOf":{"@id":"https:\/\/frdelpino.es\/actualidad\/#website"},"primaryImageOfPage":{"@id":"https:\/\/frdelpino.es\/actualidad\/energia-poder-autonomia-estrategica-espana\/#primaryimage"},"image":{"@id":"https:\/\/frdelpino.es\/actualidad\/energia-poder-autonomia-estrategica-espana\/#primaryimage"},"thumbnailUrl":"https:\/\/frdelpino.es\/actualidad\/wp-content\/uploads\/2026\/04\/AdobeStock_1972484507_bj.jpg","datePublished":"2026-04-27T11:35:11+00:00","author":{"@id":"https:\/\/frdelpino.es\/actualidad\/#\/schema\/person\/5b3e77df61158f3160fedebdf5407d86"},"breadcrumb":{"@id":"https:\/\/frdelpino.es\/actualidad\/energia-poder-autonomia-estrategica-espana\/#breadcrumb"},"inLanguage":"es","potentialAction":[{"@type":"ReadAction","target":["https:\/\/frdelpino.es\/actualidad\/energia-poder-autonomia-estrategica-espana\/"]}]},{"@type":"ImageObject","inLanguage":"es","@id":"https:\/\/frdelpino.es\/actualidad\/energia-poder-autonomia-estrategica-espana\/#primaryimage","url":"https:\/\/frdelpino.es\/actualidad\/wp-content\/uploads\/2026\/04\/AdobeStock_1972484507_bj.jpg","contentUrl":"https:\/\/frdelpino.es\/actualidad\/wp-content\/uploads\/2026\/04\/AdobeStock_1972484507_bj.jpg","width":1920,"height":1080,"caption":"Conceptual image of rising airfare driven by higher fuel prices, with an airplane silhouette above stacked coins and an upward red graph line against a blurred city background."},{"@type":"BreadcrumbList","@id":"https:\/\/frdelpino.es\/actualidad\/energia-poder-autonomia-estrategica-espana\/#breadcrumb","itemListElement":[{"@type":"ListItem","position":1,"name":"Portada","item":"https:\/\/frdelpino.es\/actualidad\/"},{"@type":"ListItem","position":2,"name":"Energ\u00eda, poder y autonom\u00eda estrat\u00e9gica"}]},{"@type":"WebSite","@id":"https:\/\/frdelpino.es\/actualidad\/#website","url":"https:\/\/frdelpino.es\/actualidad\/","name":"FRP Gaceta","description":"Una iniciativa de la Fundaci\u00f3n Rafael del Pino","potentialAction":[{"@type":"SearchAction","target":{"@type":"EntryPoint","urlTemplate":"https:\/\/frdelpino.es\/actualidad\/?s={search_term_string}"},"query-input":{"@type":"PropertyValueSpecification","valueRequired":true,"valueName":"search_term_string"}}],"inLanguage":"es"},{"@type":"Person","@id":"https:\/\/frdelpino.es\/actualidad\/#\/schema\/person\/5b3e77df61158f3160fedebdf5407d86","name":"Carlota Taboada","url":"https:\/\/frdelpino.es\/actualidad\/author\/ctaboada\/"}]}},"_links":{"self":[{"href":"https:\/\/frdelpino.es\/actualidad\/wp-json\/wp\/v2\/posts\/5928","targetHints":{"allow":["GET"]}}],"collection":[{"href":"https:\/\/frdelpino.es\/actualidad\/wp-json\/wp\/v2\/posts"}],"about":[{"href":"https:\/\/frdelpino.es\/actualidad\/wp-json\/wp\/v2\/types\/post"}],"author":[{"embeddable":true,"href":"https:\/\/frdelpino.es\/actualidad\/wp-json\/wp\/v2\/users\/5"}],"replies":[{"embeddable":true,"href":"https:\/\/frdelpino.es\/actualidad\/wp-json\/wp\/v2\/comments?post=5928"}],"version-history":[{"count":1,"href":"https:\/\/frdelpino.es\/actualidad\/wp-json\/wp\/v2\/posts\/5928\/revisions"}],"predecessor-version":[{"id":5930,"href":"https:\/\/frdelpino.es\/actualidad\/wp-json\/wp\/v2\/posts\/5928\/revisions\/5930"}],"wp:featuredmedia":[{"embeddable":true,"href":"https:\/\/frdelpino.es\/actualidad\/wp-json\/wp\/v2\/media\/5929"}],"wp:attachment":[{"href":"https:\/\/frdelpino.es\/actualidad\/wp-json\/wp\/v2\/media?parent=5928"}],"wp:term":[{"taxonomy":"category","embeddable":true,"href":"https:\/\/frdelpino.es\/actualidad\/wp-json\/wp\/v2\/categories?post=5928"},{"taxonomy":"post_tag","embeddable":true,"href":"https:\/\/frdelpino.es\/actualidad\/wp-json\/wp\/v2\/tags?post=5928"}],"curies":[{"name":"wp","href":"https:\/\/api.w.org\/{rel}","templated":true}]}}