{"id":747,"date":"2018-04-18T00:15:59","date_gmt":"2018-04-17T22:15:59","guid":{"rendered":"https:\/\/frdelpino.es\/try\/actualidad\/?p=747"},"modified":"2023-12-29T12:16:00","modified_gmt":"2023-12-29T10:16:00","slug":"crecimiento-economico","status":"publish","type":"post","link":"https:\/\/frdelpino.es\/actualidad\/crecimiento-economico\/","title":{"rendered":"El crecimiento econ\u00f3mico ya no es suficiente"},"content":{"rendered":"<p style=\"text-align: justify;\">Los datos macroecon\u00f3micos de las econom\u00edas avanzadas del mundo pueden ser desconcertantes cuando se los ve de manera aislada. Pero cuando se los analiza en su conjunto, los datos revelan una verdad inquietante: si no se cambia la manera en que se genera y se distribuye la riqueza, las convulsiones pol\u00edticas que han arrasado al mundo en los \u00faltimos a\u00f1os no har\u00e1n m\u00e1s que agravarse.\u00a0Consideremos, por ejemplo, los salarios y el desempleo. En Estados Unidos y muchos pa\u00edses europeos, los salarios promedio se han estancado, a pesar de que la mayor\u00eda de las econom\u00edas se han recuperado de la crisis financiera de 2008 en t\u00e9rminos de PIB y crecimiento del empleo.<\/p>\n<p style=\"text-align: justify;\">La creaci\u00f3n de empleo, donde la hubo, ha seguido un camino diferente de lo que sugiere la historia. Por ejemplo, la mayor parte del crecimiento del empleo se ha producido en ocupaciones que requieren altas cualificaciones o bajas cualificaciones, cavando un pozo en el medio. Mucha gente que alguna vez conformaba la clase media occidental hoy forma parte de las clases media baja y baja, y lleva una vida m\u00e1s precaria que nunca desde el punto de vista econ\u00f3mico.<\/p>\n<p style=\"text-align: justify;\">El crecimiento de la productividad tambi\u00e9n se ha polarizado. Seg\u00fan la OCDE, en la \u00faltima d\u00e9cada, la productividad de las \u00abempresas frontera\u00bb -definidas como el 5% de empresas que lideran el crecimiento de la productividad- creci\u00f3 en m\u00e1s de un tercio, mientras que el resto del sector privado casi no experiment\u00f3 ning\u00fan alza de la productividad. En otras palabras, un n\u00famero m\u00e1s reducido de empresas han conseguido mayores incrementos de la eficiencia, pero pr\u00e1cticamente esos beneficios no se han propagado en la econom\u00eda m\u00e1s amplia.<\/p>\n<p>No est\u00e1 claro por qu\u00e9 se est\u00e1n produciendo estas tendencias, aunque parte de la raz\u00f3n es el impacto de las nuevas tecnolog\u00edas y los efectos de red relacionados.<\/p>\n<p style=\"text-align: justify;\"><img loading=\"lazy\" decoding=\"async\" class=\"size-medium wp-image-2167 alignright\" src=\"https:\/\/frdelpino.es\/actualidad\/wp-content\/uploads\/2018\/04\/action-artisan-burnt-1145434-300x200.jpg\" alt=\"\" width=\"300\" height=\"200\" \/>A nivel macro, la productividad agregada de Estados Unidos ha aumentado en m\u00e1s del 250% desde principios de los a\u00f1os 1970, mientras que los salarios por hora se han mantenido sin cambios. Esto significa que el crecimiento de la productividad no s\u00f3lo ha estado circunscripto a un conjunto limitado de empresas sino que la productividad y el ingreso laboral del mercado se han desacoplado. La consecuencia fundamental de esto es que los salarios ya no desempe\u00f1an el papel redistributivo crucial que han tenido durante d\u00e9cadas. En otras palabras, los incrementos de la productividad del capital ya no se traducen en mayores ingresos medianos, una ruptura del contrato social en el que descansan las econom\u00edas liberales.<\/p>\n<p style=\"text-align: justify;\">Ahora contamos con abundante evidencia que vincula la percepci\u00f3n de inseguridad econ\u00f3mica en Occidente con el sentimiento anti-elite, la radicalizaci\u00f3n pol\u00edtica y los ataques a las minor\u00edas. Es imposible explicar el reciente ascenso de la pol\u00edtica populista sin considerar los efectos de estas patolog\u00edas econ\u00f3micas en los trabajadores promedio en Estados Unidos y Europa.<\/p>\n<p style=\"text-align: justify;\">Para entender por qu\u00e9 se produjeron las desviaciones de las trayectorias econ\u00f3micas esperadas, no hace falta mirar m\u00e1s all\u00e1 del impacto de la tecnolog\u00eda en los empleos. Las tecnolog\u00edas avanzadas, especialmente la inform\u00e1tica y la rob\u00f3tica avanzadas, han permitido que se produjeran alzas de la productividad sin un incremento correspondiente en los salarios. La mayor riqueza generada por una mayor productividad va, en cambio, a manos de los due\u00f1os de esas tecnolog\u00edas.<\/p>\n<p style=\"text-align: justify;\">La automatizaci\u00f3n de empleos rutinarios bastante sofisticados est\u00e1 impulsando la polarizaci\u00f3n del mercado laboral. Lo que queda son tareas dif\u00edciles de automatizar que exigen pocas capacidades o ninguna, o tareas dif\u00edciles de automatizar que requieren capacidades muy altas. Estos \u00faltimos empleos son mucho menores en n\u00famero que los primeros, y est\u00e1n en las empresas frontera que aprovechan los efectos de la tecnolog\u00eda para tener un mejor rendimiento que sus competidores directos y expandirse en nuevos mercados.<\/p>\n<p style=\"text-align: justify;\">Esto nos lleva al interrogante central de nuestra \u00e9poca: \u00bfc\u00f3mo pueden los l\u00edderes abordar las externalidades producidas por un cambio tecnol\u00f3gico veloz y as\u00ed garantizar una sustentabilidad econ\u00f3mica y pol\u00edtica? En otras palabras, \u00bfc\u00f3mo podemos construir un nuevo contrato social para la era digital? Son cuestiones que se plantea y analiza el profesor Mu\u00f1iz.<\/p>\n<p>(Contenidos extra\u00eddos de un trabajo publicado en <em>Project Syndicate por\u00a0<span style=\"color: #008080;\"><strong>Manuel Mu\u00f1iz<\/strong><\/span>.<\/em>)<\/p>\n<p style=\"text-align: justify;\"><strong><img loading=\"lazy\" decoding=\"async\" class=\"size-medium wp-image-905 alignleft\" src=\"https:\/\/frdelpino.es\/actualidad\/wp-content\/uploads\/2018\/04\/MM_bn-300x186.jpg\" alt=\"\" width=\"300\" height=\"186\" srcset=\"https:\/\/frdelpino.es\/actualidad\/wp-content\/uploads\/2018\/04\/MM_bn-300x186.jpg 300w, https:\/\/frdelpino.es\/actualidad\/wp-content\/uploads\/2018\/04\/MM_bn.jpg 323w\" sizes=\"auto, (max-width: 300px) 100vw, 300px\" \/><span style=\"color: #008080;\">Manuel Mu\u00f1iz<\/span><i>\u00a0<\/i><\/strong>es <a href=\"https:\/\/www.frdelpino.es\/manuel-muniz-villa\/\">catedr\u00e1tico Rafael del Pino\u00a0de Transformaci\u00f3n Global<\/a>,\u00a0Decano de la Escuela de Relaciones Internacionales del IE y Director del Centro para la Gobernanza del Cambio de la misma instituci\u00f3n. El trabajo acad\u00e9mico del Dr. Mu\u00f1iz se concentra en los campos de la innovaci\u00f3n, la disrupci\u00f3n, la geopol\u00edtica y la gobernanza global.<\/p>\n<p style=\"text-align: justify;\"><span style=\"color: #008080;\"><span style=\"color: #000000;\"><em><img loading=\"lazy\" decoding=\"async\" class=\"alignleft wp-image-1419\" src=\"https:\/\/frdelpino.es\/actualidad\/wp-content\/uploads\/2018\/05\/Logo_SLN_rgb_peque\u00f1o-300x219.jpg\" alt=\"\" width=\"298\" height=\"218\" \/><\/em>La <strong>Spanish Leadership Network<\/strong> es\u00a0una es una comunidad de profesionales de procedencia profesional diversa comprometidos con la mejora de la proyecci\u00f3n internacional de Espa\u00f1a.\u00a0Los miembros de la Red aportan una mirada diversa y multidisciplinar sobre los diferentes elementos que cimientan la presencia internacional de Espa\u00f1a y su papel en el proceso de globalizaci\u00f3n, contribuyendo a su an\u00e1lisis y debate.<\/span><\/span><\/p>\n<p>&nbsp;<\/p>\n","protected":false},"excerpt":{"rendered":"<p>Los datos macroecon\u00f3micos de las econom\u00edas avanzadas del mundo pueden ser desconcertantes cuando se los ve de manera aislada. Pero cuando se los analiza en su conjunto, los datos revelan una verdad inquietante: si no se cambia la manera en que se genera y se distribuye la riqueza, las convulsiones pol\u00edticas que han arrasado al [&hellip;]<\/p>\n","protected":false},"author":5,"featured_media":2166,"comment_status":"closed","ping_status":"closed","sticky":false,"template":"","format":"standard","meta":{"_acf_changed":false,"footnotes":""},"categories":[4],"tags":[51],"class_list":{"0":"post-747","1":"post","2":"type-post","3":"status-publish","4":"format-standard","5":"has-post-thumbnail","7":"category-economia_y_empresa","8":"tag-manuel-muniz"},"acf":[],"yoast_head":"<!-- This site is optimized with the Yoast SEO plugin v27.4 - https:\/\/yoast.com\/product\/yoast-seo-wordpress\/ -->\n<title>El crecimiento econ\u00f3mico ya no es suficiente - FRP Gaceta<\/title>\n<meta name=\"robots\" content=\"index, follow, max-snippet:-1, max-image-preview:large, max-video-preview:-1\" \/>\n<link rel=\"canonical\" href=\"https:\/\/frdelpino.es\/actualidad\/crecimiento-economico\/\" \/>\n<meta property=\"og:locale\" content=\"es_ES\" \/>\n<meta property=\"og:type\" content=\"article\" \/>\n<meta property=\"og:title\" content=\"El crecimiento econ\u00f3mico ya no es suficiente - FRP Gaceta\" \/>\n<meta property=\"og:description\" content=\"Los datos macroecon\u00f3micos de las econom\u00edas avanzadas del mundo pueden ser desconcertantes cuando se los ve de manera aislada. Pero cuando se los analiza en su conjunto, los datos revelan una verdad inquietante: si no se cambia la manera en que se genera y se distribuye la riqueza, las convulsiones pol\u00edticas que han arrasado al [&hellip;]\" \/>\n<meta property=\"og:url\" content=\"https:\/\/frdelpino.es\/actualidad\/crecimiento-economico\/\" \/>\n<meta property=\"og:site_name\" content=\"FRP Gaceta\" \/>\n<meta property=\"article:publisher\" content=\"https:\/\/www.facebook.com\/frdelpino\" \/>\n<meta property=\"article:published_time\" content=\"2018-04-17T22:15:59+00:00\" \/>\n<meta property=\"article:modified_time\" content=\"2023-12-29T10:16:00+00:00\" \/>\n<meta property=\"og:image\" content=\"https:\/\/frdelpino.es\/actualidad\/wp-content\/uploads\/2018\/04\/AdobeStock_191267681-e1544457663365.jpeg\" \/>\n\t<meta property=\"og:image:width\" content=\"1200\" \/>\n\t<meta property=\"og:image:height\" content=\"800\" \/>\n\t<meta property=\"og:image:type\" content=\"image\/jpeg\" \/>\n<meta name=\"author\" content=\"Carlota Taboada\" \/>\n<meta name=\"twitter:card\" content=\"summary_large_image\" \/>\n<meta name=\"twitter:creator\" content=\"@frdelpino\" \/>\n<meta name=\"twitter:site\" content=\"@frdelpino\" \/>\n<meta name=\"twitter:label1\" content=\"Escrito por\" \/>\n\t<meta name=\"twitter:data1\" content=\"Carlota Taboada\" \/>\n\t<meta name=\"twitter:label2\" content=\"Tiempo de lectura\" \/>\n\t<meta name=\"twitter:data2\" content=\"4 minutos\" \/>\n<script type=\"application\/ld+json\" class=\"yoast-schema-graph\">{\"@context\":\"https:\\\/\\\/schema.org\",\"@graph\":[{\"@type\":\"Article\",\"@id\":\"https:\\\/\\\/frdelpino.es\\\/actualidad\\\/crecimiento-economico\\\/#article\",\"isPartOf\":{\"@id\":\"https:\\\/\\\/frdelpino.es\\\/actualidad\\\/crecimiento-economico\\\/\"},\"author\":{\"name\":\"Carlota Taboada\",\"@id\":\"https:\\\/\\\/frdelpino.es\\\/actualidad\\\/#\\\/schema\\\/person\\\/5b3e77df61158f3160fedebdf5407d86\"},\"headline\":\"El crecimiento econ\u00f3mico ya no es suficiente\",\"datePublished\":\"2018-04-17T22:15:59+00:00\",\"dateModified\":\"2023-12-29T10:16:00+00:00\",\"mainEntityOfPage\":{\"@id\":\"https:\\\/\\\/frdelpino.es\\\/actualidad\\\/crecimiento-economico\\\/\"},\"wordCount\":885,\"image\":{\"@id\":\"https:\\\/\\\/frdelpino.es\\\/actualidad\\\/crecimiento-economico\\\/#primaryimage\"},\"thumbnailUrl\":\"https:\\\/\\\/frdelpino.es\\\/actualidad\\\/wp-content\\\/uploads\\\/2018\\\/04\\\/AdobeStock_191267681-e1544457663365.jpeg\",\"keywords\":[\"Manuel Mu\u00f1iz\"],\"articleSection\":[\"Econom\u00eda y empresa\"],\"inLanguage\":\"es\"},{\"@type\":\"WebPage\",\"@id\":\"https:\\\/\\\/frdelpino.es\\\/actualidad\\\/crecimiento-economico\\\/\",\"url\":\"https:\\\/\\\/frdelpino.es\\\/actualidad\\\/crecimiento-economico\\\/\",\"name\":\"El crecimiento econ\u00f3mico ya no es suficiente - FRP Gaceta\",\"isPartOf\":{\"@id\":\"https:\\\/\\\/frdelpino.es\\\/actualidad\\\/#website\"},\"primaryImageOfPage\":{\"@id\":\"https:\\\/\\\/frdelpino.es\\\/actualidad\\\/crecimiento-economico\\\/#primaryimage\"},\"image\":{\"@id\":\"https:\\\/\\\/frdelpino.es\\\/actualidad\\\/crecimiento-economico\\\/#primaryimage\"},\"thumbnailUrl\":\"https:\\\/\\\/frdelpino.es\\\/actualidad\\\/wp-content\\\/uploads\\\/2018\\\/04\\\/AdobeStock_191267681-e1544457663365.jpeg\",\"datePublished\":\"2018-04-17T22:15:59+00:00\",\"dateModified\":\"2023-12-29T10:16:00+00:00\",\"author\":{\"@id\":\"https:\\\/\\\/frdelpino.es\\\/actualidad\\\/#\\\/schema\\\/person\\\/5b3e77df61158f3160fedebdf5407d86\"},\"breadcrumb\":{\"@id\":\"https:\\\/\\\/frdelpino.es\\\/actualidad\\\/crecimiento-economico\\\/#breadcrumb\"},\"inLanguage\":\"es\",\"potentialAction\":[{\"@type\":\"ReadAction\",\"target\":[\"https:\\\/\\\/frdelpino.es\\\/actualidad\\\/crecimiento-economico\\\/\"]}]},{\"@type\":\"ImageObject\",\"inLanguage\":\"es\",\"@id\":\"https:\\\/\\\/frdelpino.es\\\/actualidad\\\/crecimiento-economico\\\/#primaryimage\",\"url\":\"https:\\\/\\\/frdelpino.es\\\/actualidad\\\/wp-content\\\/uploads\\\/2018\\\/04\\\/AdobeStock_191267681-e1544457663365.jpeg\",\"contentUrl\":\"https:\\\/\\\/frdelpino.es\\\/actualidad\\\/wp-content\\\/uploads\\\/2018\\\/04\\\/AdobeStock_191267681-e1544457663365.jpeg\",\"width\":1200,\"height\":800,\"caption\":\"Hand arranging wood block stacking as step stair. Ladder career path concept for business growth success process, Copy space\"},{\"@type\":\"BreadcrumbList\",\"@id\":\"https:\\\/\\\/frdelpino.es\\\/actualidad\\\/crecimiento-economico\\\/#breadcrumb\",\"itemListElement\":[{\"@type\":\"ListItem\",\"position\":1,\"name\":\"Portada\",\"item\":\"https:\\\/\\\/frdelpino.es\\\/actualidad\\\/\"},{\"@type\":\"ListItem\",\"position\":2,\"name\":\"El crecimiento econ\u00f3mico ya no es suficiente\"}]},{\"@type\":\"WebSite\",\"@id\":\"https:\\\/\\\/frdelpino.es\\\/actualidad\\\/#website\",\"url\":\"https:\\\/\\\/frdelpino.es\\\/actualidad\\\/\",\"name\":\"FRP Gaceta\",\"description\":\"Una iniciativa de la Fundaci\u00f3n Rafael del Pino\",\"potentialAction\":[{\"@type\":\"SearchAction\",\"target\":{\"@type\":\"EntryPoint\",\"urlTemplate\":\"https:\\\/\\\/frdelpino.es\\\/actualidad\\\/?s={search_term_string}\"},\"query-input\":{\"@type\":\"PropertyValueSpecification\",\"valueRequired\":true,\"valueName\":\"search_term_string\"}}],\"inLanguage\":\"es\"},{\"@type\":\"Person\",\"@id\":\"https:\\\/\\\/frdelpino.es\\\/actualidad\\\/#\\\/schema\\\/person\\\/5b3e77df61158f3160fedebdf5407d86\",\"name\":\"Carlota Taboada\",\"url\":\"https:\\\/\\\/frdelpino.es\\\/actualidad\\\/author\\\/ctaboada\\\/\"}]}<\/script>\n<!-- \/ Yoast SEO plugin. -->","yoast_head_json":{"title":"El crecimiento econ\u00f3mico ya no es suficiente - FRP Gaceta","robots":{"index":"index","follow":"follow","max-snippet":"max-snippet:-1","max-image-preview":"max-image-preview:large","max-video-preview":"max-video-preview:-1"},"canonical":"https:\/\/frdelpino.es\/actualidad\/crecimiento-economico\/","og_locale":"es_ES","og_type":"article","og_title":"El crecimiento econ\u00f3mico ya no es suficiente - FRP Gaceta","og_description":"Los datos macroecon\u00f3micos de las econom\u00edas avanzadas del mundo pueden ser desconcertantes cuando se los ve de manera aislada. Pero cuando se los analiza en su conjunto, los datos revelan una verdad inquietante: si no se cambia la manera en que se genera y se distribuye la riqueza, las convulsiones pol\u00edticas que han arrasado al [&hellip;]","og_url":"https:\/\/frdelpino.es\/actualidad\/crecimiento-economico\/","og_site_name":"FRP Gaceta","article_publisher":"https:\/\/www.facebook.com\/frdelpino","article_published_time":"2018-04-17T22:15:59+00:00","article_modified_time":"2023-12-29T10:16:00+00:00","og_image":[{"width":1200,"height":800,"url":"https:\/\/frdelpino.es\/actualidad\/wp-content\/uploads\/2018\/04\/AdobeStock_191267681-e1544457663365.jpeg","type":"image\/jpeg"}],"author":"Carlota Taboada","twitter_card":"summary_large_image","twitter_creator":"@frdelpino","twitter_site":"@frdelpino","twitter_misc":{"Escrito por":"Carlota Taboada","Tiempo de lectura":"4 minutos"},"schema":{"@context":"https:\/\/schema.org","@graph":[{"@type":"Article","@id":"https:\/\/frdelpino.es\/actualidad\/crecimiento-economico\/#article","isPartOf":{"@id":"https:\/\/frdelpino.es\/actualidad\/crecimiento-economico\/"},"author":{"name":"Carlota Taboada","@id":"https:\/\/frdelpino.es\/actualidad\/#\/schema\/person\/5b3e77df61158f3160fedebdf5407d86"},"headline":"El crecimiento econ\u00f3mico ya no es suficiente","datePublished":"2018-04-17T22:15:59+00:00","dateModified":"2023-12-29T10:16:00+00:00","mainEntityOfPage":{"@id":"https:\/\/frdelpino.es\/actualidad\/crecimiento-economico\/"},"wordCount":885,"image":{"@id":"https:\/\/frdelpino.es\/actualidad\/crecimiento-economico\/#primaryimage"},"thumbnailUrl":"https:\/\/frdelpino.es\/actualidad\/wp-content\/uploads\/2018\/04\/AdobeStock_191267681-e1544457663365.jpeg","keywords":["Manuel Mu\u00f1iz"],"articleSection":["Econom\u00eda y empresa"],"inLanguage":"es"},{"@type":"WebPage","@id":"https:\/\/frdelpino.es\/actualidad\/crecimiento-economico\/","url":"https:\/\/frdelpino.es\/actualidad\/crecimiento-economico\/","name":"El crecimiento econ\u00f3mico ya no es suficiente - FRP Gaceta","isPartOf":{"@id":"https:\/\/frdelpino.es\/actualidad\/#website"},"primaryImageOfPage":{"@id":"https:\/\/frdelpino.es\/actualidad\/crecimiento-economico\/#primaryimage"},"image":{"@id":"https:\/\/frdelpino.es\/actualidad\/crecimiento-economico\/#primaryimage"},"thumbnailUrl":"https:\/\/frdelpino.es\/actualidad\/wp-content\/uploads\/2018\/04\/AdobeStock_191267681-e1544457663365.jpeg","datePublished":"2018-04-17T22:15:59+00:00","dateModified":"2023-12-29T10:16:00+00:00","author":{"@id":"https:\/\/frdelpino.es\/actualidad\/#\/schema\/person\/5b3e77df61158f3160fedebdf5407d86"},"breadcrumb":{"@id":"https:\/\/frdelpino.es\/actualidad\/crecimiento-economico\/#breadcrumb"},"inLanguage":"es","potentialAction":[{"@type":"ReadAction","target":["https:\/\/frdelpino.es\/actualidad\/crecimiento-economico\/"]}]},{"@type":"ImageObject","inLanguage":"es","@id":"https:\/\/frdelpino.es\/actualidad\/crecimiento-economico\/#primaryimage","url":"https:\/\/frdelpino.es\/actualidad\/wp-content\/uploads\/2018\/04\/AdobeStock_191267681-e1544457663365.jpeg","contentUrl":"https:\/\/frdelpino.es\/actualidad\/wp-content\/uploads\/2018\/04\/AdobeStock_191267681-e1544457663365.jpeg","width":1200,"height":800,"caption":"Hand arranging wood block stacking as step stair. Ladder career path concept for business growth success process, Copy space"},{"@type":"BreadcrumbList","@id":"https:\/\/frdelpino.es\/actualidad\/crecimiento-economico\/#breadcrumb","itemListElement":[{"@type":"ListItem","position":1,"name":"Portada","item":"https:\/\/frdelpino.es\/actualidad\/"},{"@type":"ListItem","position":2,"name":"El crecimiento econ\u00f3mico ya no es suficiente"}]},{"@type":"WebSite","@id":"https:\/\/frdelpino.es\/actualidad\/#website","url":"https:\/\/frdelpino.es\/actualidad\/","name":"FRP Gaceta","description":"Una iniciativa de la Fundaci\u00f3n Rafael del Pino","potentialAction":[{"@type":"SearchAction","target":{"@type":"EntryPoint","urlTemplate":"https:\/\/frdelpino.es\/actualidad\/?s={search_term_string}"},"query-input":{"@type":"PropertyValueSpecification","valueRequired":true,"valueName":"search_term_string"}}],"inLanguage":"es"},{"@type":"Person","@id":"https:\/\/frdelpino.es\/actualidad\/#\/schema\/person\/5b3e77df61158f3160fedebdf5407d86","name":"Carlota Taboada","url":"https:\/\/frdelpino.es\/actualidad\/author\/ctaboada\/"}]}},"_links":{"self":[{"href":"https:\/\/frdelpino.es\/actualidad\/wp-json\/wp\/v2\/posts\/747","targetHints":{"allow":["GET"]}}],"collection":[{"href":"https:\/\/frdelpino.es\/actualidad\/wp-json\/wp\/v2\/posts"}],"about":[{"href":"https:\/\/frdelpino.es\/actualidad\/wp-json\/wp\/v2\/types\/post"}],"author":[{"embeddable":true,"href":"https:\/\/frdelpino.es\/actualidad\/wp-json\/wp\/v2\/users\/5"}],"replies":[{"embeddable":true,"href":"https:\/\/frdelpino.es\/actualidad\/wp-json\/wp\/v2\/comments?post=747"}],"version-history":[{"count":7,"href":"https:\/\/frdelpino.es\/actualidad\/wp-json\/wp\/v2\/posts\/747\/revisions"}],"predecessor-version":[{"id":2168,"href":"https:\/\/frdelpino.es\/actualidad\/wp-json\/wp\/v2\/posts\/747\/revisions\/2168"}],"wp:featuredmedia":[{"embeddable":true,"href":"https:\/\/frdelpino.es\/actualidad\/wp-json\/wp\/v2\/media\/2166"}],"wp:attachment":[{"href":"https:\/\/frdelpino.es\/actualidad\/wp-json\/wp\/v2\/media?parent=747"}],"wp:term":[{"taxonomy":"category","embeddable":true,"href":"https:\/\/frdelpino.es\/actualidad\/wp-json\/wp\/v2\/categories?post=747"},{"taxonomy":"post_tag","embeddable":true,"href":"https:\/\/frdelpino.es\/actualidad\/wp-json\/wp\/v2\/tags?post=747"}],"curies":[{"name":"wp","href":"https:\/\/api.w.org\/{rel}","templated":true}]}}